{"id":61265,"date":"2025-05-02T10:10:27","date_gmt":"2025-05-02T08:10:27","guid":{"rendered":"https:\/\/ticker-noticiasep.microcontenidos.com\/NoticiaRSS.vbhtml?user=FRND562DLP&amp;cod=20250502101027"},"modified":"2025-05-02T10:10:27","modified_gmt":"2025-05-02T08:10:27","slug":"sociedad-modavision-2025-la-moda-que-une-al-mundo","status":"publish","type":"post","link":"https:\/\/webciudadana.net\/?p=61265","title":{"rendered":"Sociedad: MODAVISI\u00d3N\u00ae 2025 \u2014 La moda que une al mundo"},"content":{"rendered":"\n<div><img decoding=\"async\" src=\"https:\/\/img.europapress.es\/fotoweb\/fotonoticia_20250502101027_300.jpg\" class=\"ff-og-image-inserted\"><\/div>\n<p>(Informaci\u00f3n remitida por la empresa firmante)<\/p>\n<p> Madrid, 2 de mayo de 2025. <\/p>\n<p> Comienza la cuenta atr\u00e1s para MODAVISI\u00d3N\u00ae 2025, el certamen internacional de moda que fusiona el arte, la diversidad y la emoci\u00f3n en una experiencia \u00fanica.<\/p>\n<p> Inspirado en Eurovisi\u00f3n, pero en este caso llevado al mundo de la moda, el evento re\u00fane a dise\u00f1adores de todo el mundo en una celebraci\u00f3n global de estilo, inclusi\u00f3n y valores universales.<\/p>\n<p> Con el lema \u00abLa moda se viste de paz\u00bb, MODAVISI\u00d3N\u00ae reivindica la moda como un lenguaje sin fronteras.<\/p>\n<p> Este a\u00f1o, Espa\u00f1a estar\u00e1 representada por la talentosa dise\u00f1adora Ana Mar\u00eda Vega, de la marca El Carlo Marbella.<\/p>\n<p> Ekaterina Chepak ser\u00e1 la representante de Ucrania, destac\u00e1ndose como una de las dise\u00f1adoras m\u00e1s influyentes de su pa\u00eds y utilizando su arte como herramienta para luchar por la paz.<\/p>\n<p> Addy Van den Krommenacker representar\u00e1 a los Pa\u00edses Bajos, Bence Kozak lo har\u00e1 por Hungr\u00eda y Rose Cloak por Irlanda.<\/p>\n<p> Argentina estar\u00e1 representada por la dise\u00f1adora Elizabeth Pereyra, de la marca Clement, mientras que Bolivia ser\u00e1 representada por Pascual Arancibia.<\/p>\n<p> Aiyana llevar\u00e1 la representaci\u00f3n de Uruguay, Doris Mar\u00edn presentar\u00e1 a Colombia, y Mayeth Sigue Codoy, dise\u00f1adora de la marca Maet, representar\u00e1 a Filipinas.<\/p>\n<p> Uno de los momentos m\u00e1s conmovedores ser\u00e1 la participaci\u00f3n de Sofia Cherkashina y Kateryna Korlynska, dos j\u00f3venes ucranianas con discapacidad auditiva, provenientes de la Escuela Especializada N\u00ba 5 de Kharkiv.<\/p>\n<p> Gracias al patrocinador Punto de Plata, que facilit\u00f3 su traslado, y a la colaboraci\u00f3n de Club Mujer Magazine, quien recaud\u00f3 fondos para la confecci\u00f3n de sus colecciones, estas talentosas j\u00f3venes podr\u00e1n presentar sus dise\u00f1os en Madrid, demostrando que la moda tambi\u00e9n es un camino hacia la inclusi\u00f3n, la superaci\u00f3n y la paz.<\/p>\n<p> Estas j\u00f3venes enfrentan desaf\u00edos constantes: conflicto armado, escasez de recursos, desplazamiento forzado y barreras f\u00edsicas y sociales.<\/p>\n<p> Aun as\u00ed, encuentran en la moda un veh\u00edculo de expresi\u00f3n, resiliencia y esperanza.<\/p>\n<p> Su presencia en MODAVISI\u00d3N\u00ae 2025 simboliza un poderoso mensaje de resistencia y creatividad.<\/p>\n<p> MODAVISI\u00d3N\u00ae tambi\u00e9n reafirma su compromiso con una participaci\u00f3n equitativa de dise\u00f1adores de todos los pa\u00edses interesados, que viajar\u00e1n a Madrid para mostrar sus colecciones y abrirse paso en la escena internacional.<\/p>\n<p> El evento es liderado por su fundadora Olga IF https:\/\/www.instagram.com\/olgaifofficial\/?hl=en , junto a destacados profesionales como la directora art\u00edstica Lourdes F.<\/p>\n<p> Iglesias, fundadora de la agencia Rassims, y el director de Relaciones P\u00fablicas Rafael Villora.<\/p>\n<p> El equipo tambi\u00e9n est\u00e1 compuesto por Estrella Sa\u00f1udo, dise\u00f1adora gr\u00e1fica; Pablo Cebolla D\u00edaz, manager audiovisual; Carlos Silva, director de tecnolog\u00eda; y Leonardo Ortiz Ruiz, co-productor.<\/p>\n<p> La colaboraci\u00f3n con el Teatro Colegio Salesianos Estrecho de Madrid y el colegio de Ucrania refuerza el valor educativo, formativo y social del certamen.<\/p>\n<p> La gala ser\u00e1 presentada por Diego Ferro y Sara Reques, reconocidos por su carisma y trayectoria en medios.<\/p>\n<p> La m\u00fasica estar\u00e1 a cargo de la DJ Ana, productora de M\u00f3vil Multig\u00e9nero.<\/p>\n<p> Adem\u00e1s, se contar\u00e1 con actuaciones estelares como la del artista pop rock RedMoon (Carlos Cuesta), miembro de los Latin GRAMMY y ganador de Disco de Oro, el reconocido artista internacional Ivan Valera, Mc Nassim Records y la cantante ucraniana CARAT.<\/p>\n<p> Tambi\u00e9n se unen las talentosas cantantes argentinas Laura Sky y Daniela La Cantante, quien es una figura consolidada en la m\u00fasica internacional, y cuya participaci\u00f3n ser\u00e1 uno de los momentos m\u00e1s esperados de la noche.<\/p>\n<p> Ambas artistas llegar\u00e1n desde Argentina para ofrecer su m\u00fasica, aportando un toque especial y vibrante al evento.<\/p>\n<p> La producci\u00f3n audiovisual estar\u00e1 a cargo de MIRAMIVIDEO, que retransmitir\u00e1 el evento en directo y post-evento en el canal \u00abEs Tu Tele\u00bb.<\/p>\n<p> El maquillaje ser\u00e1 realizado por el equipo profesional de Victoria FashionLand.<\/p>\n<p> El dise\u00f1ador o dise\u00f1adora proclamado como el Mejor del Mundo ser\u00e1 elegido por el p\u00fablico global, quien podr\u00e1 votar en directo en tiempo real durante el evento.<\/p>\n<p> El dise\u00f1ador que reciba m\u00e1s votos ser\u00e1 reconocido como el ganador, lo que refuerza la conexi\u00f3n directa entre la moda y los seguidores de todo el mundo.<\/p>\n<p> El ganador de MODAVISI\u00d3N\u00ae 2025 recibir\u00e1 un impresionante conjunto de premios, que incluir\u00e1 una obra exclusiva de Antonio Camar\u00f3, un destacado artista que crear\u00e1 una litograf\u00eda \u00fanica que simboliza la perfecta fusi\u00f3n entre arte y moda.<\/p>\n<p> Adem\u00e1s, el ganador recibir\u00e1 un perfume de lujo, inspirado en el ic\u00f3nico Chanel No.<\/p>\n<p> 5, producido por Double People, presentado en un frasco de vidrio adornado con migas doradas y el logotipo de MODAVISI\u00d3N\u00ae.<\/p>\n<p> Tambi\u00e9n ser\u00e1 premiado con un abanico artesanal de bocapi pintado a mano por Di Abani, valorado en 300 euros, y un accesorio exclusivo dise\u00f1ado especialmente para esta edici\u00f3n de MODAVISI\u00d3N\u00ae por la marca Clandestino.<\/p>\n<p> El ganador de MODAVISI\u00d3N\u00ae 2025 recibir\u00e1 tambi\u00e9n un paquete de productos de cosm\u00e9tica Gioiello Liquido Spain, una sesi\u00f3n fotogr\u00e1fica gratuita con Norberto Wittwer, la oportunidad de participar en un desfile gratuito en uno de nuestros partners de Hungr\u00eda, Irlanda, Luxemburgo, Italia y Argentina, y un paquete de productos de cosm\u00e9tica Paris Leaf Magyarirszag.<\/p>\n<p> Estos premios complementan el reconocimiento internacional y las oportunidades \u00fanicas que el ganador de MODAVISI\u00d3N\u00ae 2025 podr\u00e1 aprovechar para dar el siguiente paso en su carrera como dise\u00f1ador o dise\u00f1adora.<\/p>\n<p> El jurado estar\u00e1 compuesto por destacados profesionales del mundo de la moda y el arte, quienes evaluar\u00e1n el talento y la creatividad con mirada profesional y sensibilidad global.<\/p>\n<p> Entre los miembros del jurado se encuentran Elvia Llauder, Antonio Camar\u00f3, Yulia Zhiveynova, Pedro Adalid, Mark Grogan, Anita Zsanett T\u00f3th, Fabiola Puga, Adrie van de Nieuwenhof, Miguel \u00c1ngel Dopazo, Mauricio Seg\u00fa, Ana Lancho y Patry del Alva, quienes, con su vasta experiencia y visi\u00f3n, ser\u00e1n los encargados de evaluar las colecciones presentadas.<\/p>\n<p> Este evento se organiza con el apoyo de destacados Mecenas del Arte, la Moda y la Paz, entre ellos Antonio Camar\u00f3, artista de renombre internacional, y Pedro Adalid, doctor acad\u00e9mico y reconocido experto en filosof\u00eda del arte y la paz.<\/p>\n<p> MODAVISI\u00d3N\u00ae es m\u00e1s que un certamen: es un movimiento cultural global que impulsa valores como la paz, la igualdad, el respeto, la diversidad y el aprendizaje.<\/p>\n<p> La visi\u00f3n de Olga IF, promotora de la moda con prop\u00f3sito, convierte este evento en una plataforma de impacto real, donde los j\u00f3venes creadores encuentran oportunidades y el p\u00fablico se conecta con historias que inspiran.<\/p>\n<p> MODAVISI\u00d3N\u00ae 2025 ser\u00e1 una noche inolvidable.<\/p>\n<p> Un evento lleno de sorpresas, emociones y talento que demuestra que la moda puede ser motor de cambio, uni\u00f3n y esperanza.<\/p>\n<p> Los invitamos cordialmente a asistir al evento .<\/p>\n<p> Al finalizar, podr\u00e1n votar por su dise\u00f1ador favorito https:\/\/www.youtube.com\/@modavision , contribuyendo a una decisi\u00f3n clave en esta emocionante jornada.<\/p>\n<p> www.modavision.tv &nbsp;https:\/\/www.instagram.com\/worldvisionfashionshow\/?hl=en <\/p>\n<p>\nEmisor: OLGA IF<\/p>\n<p>\nContacto: OLGA IF 653168722 olgaifofficial@gmail.com<\/p>\n","protected":false},"excerpt":{"rendered":"<p>(Informaci\u00f3n remitida por la empresa firmante) Madrid, 2 de mayo de 2025. Comienza la cuenta atr\u00e1s para MODAVISI\u00d3N\u00ae 2025, el certamen internacional de moda que fusiona el arte, la diversidad y la emoci\u00f3n en una experiencia \u00fanica. Inspirado en Eurovisi\u00f3n, pero en este caso llevado al mundo de la moda, el evento re\u00fane a dise\u00f1adores [&hellip;]<\/p>\n","protected":false},"author":1,"featured_media":0,"comment_status":"closed","ping_status":"closed","sticky":false,"template":"","format":"standard","meta":{"footnotes":""},"categories":[2],"tags":[],"class_list":["post-61265","post","type-post","status-publish","format-standard","hentry","category-noticias"],"_links":{"self":[{"href":"https:\/\/webciudadana.net\/index.php?rest_route=\/wp\/v2\/posts\/61265","targetHints":{"allow":["GET"]}}],"collection":[{"href":"https:\/\/webciudadana.net\/index.php?rest_route=\/wp\/v2\/posts"}],"about":[{"href":"https:\/\/webciudadana.net\/index.php?rest_route=\/wp\/v2\/types\/post"}],"author":[{"embeddable":true,"href":"https:\/\/webciudadana.net\/index.php?rest_route=\/wp\/v2\/users\/1"}],"replies":[{"embeddable":true,"href":"https:\/\/webciudadana.net\/index.php?rest_route=%2Fwp%2Fv2%2Fcomments&post=61265"}],"version-history":[{"count":0,"href":"https:\/\/webciudadana.net\/index.php?rest_route=\/wp\/v2\/posts\/61265\/revisions"}],"wp:attachment":[{"href":"https:\/\/webciudadana.net\/index.php?rest_route=%2Fwp%2Fv2%2Fmedia&parent=61265"}],"wp:term":[{"taxonomy":"category","embeddable":true,"href":"https:\/\/webciudadana.net\/index.php?rest_route=%2Fwp%2Fv2%2Fcategories&post=61265"},{"taxonomy":"post_tag","embeddable":true,"href":"https:\/\/webciudadana.net\/index.php?rest_route=%2Fwp%2Fv2%2Ftags&post=61265"}],"curies":[{"name":"wp","href":"https:\/\/api.w.org\/{rel}","templated":true}]}}