{"id":61267,"date":"2025-05-02T10:38:54","date_gmt":"2025-05-02T08:38:54","guid":{"rendered":"https:\/\/ticker-noticiasep.microcontenidos.com\/NoticiaRSS.vbhtml?user=FRND562DLP&amp;cod=20250502103854"},"modified":"2025-05-02T10:38:54","modified_gmt":"2025-05-02T08:38:54","slug":"mundo-metlen-energy-metals-s-a-actualizacion-comercial-del-primer-trimestre-de-2025-2","status":"publish","type":"post","link":"https:\/\/webciudadana.net\/?p=61267","title":{"rendered":"Mundo: METLEN ENERGY &amp; METALS S.A.: Actualizaci\u00f3n comercial del primer trimestre de 2025 (2)"},"content":{"rendered":"\n<p>(Informaci\u00f3n remitida por la empresa firmante)<\/p>\n<p> METLEN contin\u00faa fortaleciendo su presencia estrat\u00e9gica, aprovechando su dilatada experiencia e invirtiendo en soluciones de defensa de vanguardia. Mediante la expansi\u00f3n de sus instalaciones industriales en Volos y nuevas colaboraciones con empresas l\u00edderes en el sector, METLEN consolida su papel como pilar clave de la industria de defensa europea. Con estas iniciativas, METLEN reafirma su compromiso con el desarrollo de infraestructuras y tecnolog\u00edas de defensa avanzadas, fortaleciendo las industrias de defensa nacionales y europeas, en el marco de ReARM Europe. A continuaci\u00f3n, se presentan algunos desarrollos clave:Expansi\u00f3n de Volos Industrial Complex: METLEN ha firmado un acuerdo preliminar para la adquisici\u00f3n de una propiedad de 19 acres dentro de la Zona Industrial de Volos A&#8217;, con instalaciones industriales de 5.000 m\u00b2, y ya tiene previsto adquirir una propiedad adyacente de 8 acres. Esta \u00e1rea colinda y forma una sola \u00e1rea con la parcela de 32 acres adquirida por la empresa en 2023, donde METLEN est\u00e1 construyendo actualmente una unidad industrial de vanguardia para la producci\u00f3n de estructuras met\u00e1licas de alta especializaci\u00f3n para fines de defensa. Este complejo industrial de 60 acres se especializar\u00e1 en la construcci\u00f3n de veh\u00edculos blindados, as\u00ed como en componentes, equipos y estructuras especializadas para veh\u00edculos militares pesados, utilizando tecnolog\u00eda avanzada de soldadura y ensamblaje desarrollada por METLEN durante las \u00faltimas tres d\u00e9cadas. Tras la construcci\u00f3n de la nueva zona y la rehabilitaci\u00f3n de las instalaciones industriales existentes, el complejo constar\u00e1 de cinco plantas, capaces de operar en hasta cinco proyectos diferentes.<\/p>\n<p>\nColaboraci\u00f3n con Iveco Defence Vehicles: METLEN e IDV han firmado un Memorando de Entendimiento (MoU) que establece una colaboraci\u00f3n exclusiva para su participaci\u00f3n y cooperaci\u00f3n conjunta en el pr\u00f3ximo programa anunciado por el Ministerio de Defensa griego para la renovaci\u00f3n de la flota actual de camiones militares, tanto blindados como no blindados, de las tres ramas de las Fuerzas Armadas Griegas. Esta colaboraci\u00f3n estrat\u00e9gica entre ambas partes se alinea con los esfuerzos europeos m\u00e1s amplios para fortalecer la autonom\u00eda de defensa y la autosuficiencia industrial.<\/p>\n<p>\nColaboraci\u00f3n con KNDS France: METLEN ha firmado una colaboraci\u00f3n exclusiva con KNDS France para la producci\u00f3n del veh\u00edculo blindado de combate de infanter\u00eda franc\u00e9s 8&#215;8 de \u00faltima generaci\u00f3n, el VBCI PHILOCTETES\u00ae, lo que marca un hito significativo en la cooperaci\u00f3n industrial europea en materia de defensa.<\/p>\n<p> Infraestructura y concesiones<\/p>\n<p>\nLos sectores de Infraestructura y Concesiones contin\u00faan rindiendo seg\u00fan las proyecciones de rentabilidad y crecimiento de la direcci\u00f3n, logrando un aumento de facturaci\u00f3n superior al 100 % en el primer trimestre de 2025 en comparaci\u00f3n con el mismo per\u00edodo de 2024, con todos los proyectos avanzando sin contratiempos y seg\u00fan lo previsto. METKA ATE ha ganado r\u00e1pidamente reconocimiento en el mercado, consolidando una s\u00f3lida cartera de proyectos (la cartera total de proyectos y contratos pendientes de firma asciende a 1.500 millones de euros) y aprovechando las oportunidades emergentes en este sector. Aprovechando su experiencia y posicionamiento estrat\u00e9gico, METKA ATE refuerza su presencia en el sector de las infraestructuras e impulsa la creaci\u00f3n de valor a largo plazo.<\/p>\n<p>\nEn enero de 2025, METKA ATE fue designada contratista del proyecto: \u00abRestauraci\u00f3n de la doble l\u00ednea ferroviaria Atenas-Tesal\u00f3nica, desde la salida de la estaci\u00f3n de Domokos (km 288+600) hasta la entrada de la estaci\u00f3n de Krannonas (km 328+840), tras los desastres naturales \u00abDaniel\u00bb y \u00abElias\u00bb. Presupuesto del proyecto: 134.400.000,00 \u20ac. El alcance de este contrato incluye la ejecuci\u00f3n de obras urgentes de restauraci\u00f3n de la l\u00ednea ferroviaria desde la salida de la estaci\u00f3n de Domokos hasta la entrada de la estaci\u00f3n de Krannonas, tras los desastres naturales \u00abDANIEL\u00bb y \u00abELIAS\u00bb, desde el km 288+610 hasta el km 328+600. En concreto, el proyecto consiste en la restauraci\u00f3n completa de la infraestructura ferroviaria de doble v\u00eda de los da\u00f1os ocasionados por los fen\u00f3menos meteorol\u00f3gicos extremos de septiembre de 2023, as\u00ed como la fortificaci\u00f3n tanto de la infraestructura ferroviaria como de la superestructura de la doble v\u00eda.<\/p>\n<p>\nEn marzo de 2025, METKA ATE se adjudic\u00f3 el contrato final para el proyecto: \u00abRestauraci\u00f3n est\u00e1tica y funcional de las estructuras de la cubierta del Estadio Principal y el Vel\u00f3dromo de O.A.K.A.\u00bb Presupuesto del proyecto: 61.355.005,20 \u20ac. El proyecto contempla la modernizaci\u00f3n de la cubierta del Estadio Ol\u00edmpico, as\u00ed como de la cubierta adyacente del Vel\u00f3dromo. En concreto, el proyecto incluye la elaboraci\u00f3n de estudios y la ejecuci\u00f3n de obras para reparar las zonas problem\u00e1ticas e implementar los procedimientos necesarios para restaurar la integridad estructural requerida de las estructuras met\u00e1licas de estas dos emblem\u00e1ticas estructuras.<\/p>\n<p> Perspectivas<\/p>\n<p>\nMETLEN sigue centrada en la ejecuci\u00f3n de sus iniciativas estrat\u00e9gicas en los sectores de energ\u00eda y metales. Se espera que las inversiones y alianzas continuas de la compa\u00f1\u00eda impulsen un crecimiento continuo y fortalezcan su posici\u00f3n competitiva en el mercado global.<\/p>\n<p> Como se anunci\u00f3 previamente, el 28 de abril de 2025 se realizar\u00e1 una presentaci\u00f3n exhaustiva de las perspectivas de la compa\u00f1\u00eda y su programa de inversi\u00f3n a gran escala durante el D\u00eda del Mercado de Capitales (CMD) en la Bolsa de Valores de Londres.<\/p>\n<p> METLEN:<\/p>\n<p>\nMETLEN Energy &amp; Metals es una empresa multinacional industrial y energ\u00e9tica, l\u00edder en los sectores metal\u00fargico y energ\u00e9tico, centrada en la sostenibilidad y la econom\u00eda circular. Cotiza en la Bolsa de Atenas, con una facturaci\u00f3n consolidada y un EBITDA de 5.680 millones de euros y 1.080 millones de euros, respectivamente. METLEN es un referente en metalurgia verde competitiva a nivel europeo y mundial, operando la \u00fanica unidad de producci\u00f3n de bauxita, al\u00famina y aluminio primario integrada verticalmente en la Uni\u00f3n Europea (UE) con instalaciones portuarias privadas. En el sector energ\u00e9tico, METLEN ofrece soluciones integrales que abarcan proyectos de energ\u00eda t\u00e9rmica y renovable, distribuci\u00f3n y comercializaci\u00f3n de electricidad, adem\u00e1s de inversiones en infraestructura de red, almacenamiento de bater\u00edas y otras tecnolog\u00edas verdes. La empresa opera en los mercados de los cinco continentes, en 40 pa\u00edses, adoptando un modelo sin\u00e9rgico integral entre los sectores metal\u00fargico y energ\u00e9tico, a la vez que desarrolla proyectos integrales de infraestructura energ\u00e9tica de gran envergadura.<\/p>\n<p> www.metlengroup.com | Facebook | ? | YouTube | LinkedIn| TikTok<\/p>\n<p>\nDeclaraciones prospectivas:<\/p>\n<p>\nCiertas declaraciones de este anuncio son prospectivas. Por su naturaleza, las declaraciones prospectivas implican riesgos, incertidumbres, suposiciones y otros factores que escapan al control de METLEN y podr\u00edan causar que los resultados o eventos reales difieran significativamente de los expresados o impl\u00edcitos en la declaraci\u00f3n prospectiva.<\/p>\n<p> Si ya no desea recibir comunicados de prensa y actualizaciones de METLEN, haga clic aqu\u00ed.<\/p>\n<p> Logo: https:\/\/mma.prnewswire.com\/media\/2430163\/4743706\/Metlen_Logo.jpg<\/p>\n<p> View original content:https:\/\/www.prnewswire.com\/news-releases\/metlen-energy&#8211;metals-sa-actualizacion-comercial-del-primer-trimestre-de-2025-302444926.html<\/p>\n","protected":false},"excerpt":{"rendered":"<p>(Informaci\u00f3n remitida por la empresa firmante) METLEN contin\u00faa fortaleciendo su presencia estrat\u00e9gica, aprovechando su dilatada experiencia e invirtiendo en soluciones de defensa de vanguardia. Mediante la expansi\u00f3n de sus instalaciones industriales en Volos y nuevas colaboraciones con empresas l\u00edderes en el sector, METLEN consolida su papel como pilar clave de la industria de defensa europea. [&hellip;]<\/p>\n","protected":false},"author":1,"featured_media":0,"comment_status":"closed","ping_status":"closed","sticky":false,"template":"","format":"standard","meta":{"footnotes":""},"categories":[2],"tags":[],"class_list":["post-61267","post","type-post","status-publish","format-standard","hentry","category-noticias"],"_links":{"self":[{"href":"https:\/\/webciudadana.net\/index.php?rest_route=\/wp\/v2\/posts\/61267","targetHints":{"allow":["GET"]}}],"collection":[{"href":"https:\/\/webciudadana.net\/index.php?rest_route=\/wp\/v2\/posts"}],"about":[{"href":"https:\/\/webciudadana.net\/index.php?rest_route=\/wp\/v2\/types\/post"}],"author":[{"embeddable":true,"href":"https:\/\/webciudadana.net\/index.php?rest_route=\/wp\/v2\/users\/1"}],"replies":[{"embeddable":true,"href":"https:\/\/webciudadana.net\/index.php?rest_route=%2Fwp%2Fv2%2Fcomments&post=61267"}],"version-history":[{"count":0,"href":"https:\/\/webciudadana.net\/index.php?rest_route=\/wp\/v2\/posts\/61267\/revisions"}],"wp:attachment":[{"href":"https:\/\/webciudadana.net\/index.php?rest_route=%2Fwp%2Fv2%2Fmedia&parent=61267"}],"wp:term":[{"taxonomy":"category","embeddable":true,"href":"https:\/\/webciudadana.net\/index.php?rest_route=%2Fwp%2Fv2%2Fcategories&post=61267"},{"taxonomy":"post_tag","embeddable":true,"href":"https:\/\/webciudadana.net\/index.php?rest_route=%2Fwp%2Fv2%2Ftags&post=61267"}],"curies":[{"name":"wp","href":"https:\/\/api.w.org\/{rel}","templated":true}]}}