{"id":61270,"date":"2025-05-02T12:12:45","date_gmt":"2025-05-02T10:12:45","guid":{"rendered":"https:\/\/ticker-noticiasep.microcontenidos.com\/NoticiaRSS.vbhtml?user=FRND562DLP&amp;cod=20250502121245"},"modified":"2025-05-02T12:12:45","modified_gmt":"2025-05-02T10:12:45","slug":"los-arcos-fomentara-el-empleo-local-con-un-programa-de-insercion-laboral-para-jovenes-de-cara-a-su-reforma","status":"publish","type":"post","link":"https:\/\/webciudadana.net\/?p=61270","title":{"rendered":"Los Arcos fomentar\u00e1 el empleo local con un programa de inserci\u00f3n laboral para j\u00f3venes de cara a su reforma"},"content":{"rendered":"\n<div><img decoding=\"async\" src=\"https:\/\/img.europapress.es\/fotoweb\/fotonoticia_20250502121245_300.jpg\" class=\"ff-og-image-inserted\"><\/div>\n<p>(Informaci\u00f3n remitida por la empresa firmante)<\/p>\n<p>\nSEVILLA, 2 (EUROPA PRESS)<\/p>\n<p>\nEl centro comercial Los Arcos fomentar\u00e1 el empleo local a trav\u00e9s de un programa de inserci\u00f3n laboral para j\u00f3venes que contar\u00e1 con un total de 60 horas formativas y se especializar\u00e1 en el sector gastron\u00f3mico. El objetivo de la acci\u00f3n consistir\u00e1 en recomendar a los j\u00f3venes formados a los 12 nuevos locales de restauraci\u00f3n que se incorporar\u00e1n a Los Arcos con motivo de su nueva reforma, que generar\u00e1 aproximadamente 100 nuevos empleos.<\/p>\n<p> La ampliaci\u00f3n, que abarcar\u00e1 cerca de 6.000 metros cuadrados, a\u00f1adir\u00e1 una variada oferta gastron\u00f3mica al complejo sevillano. Una entrada de nuevos operadores que desde el centro ven como \u201cuna oportunidad perfecta para impulsar la empleabilidad del entorno\u201d.<\/p>\n<p> El programa, destinado a j\u00f3venes de entre 18 y 29 a\u00f1os incluidos en la iniciativa europea Garant\u00eda Juvenil, se encuentra dentro del Sistema Nacional de Certificaciones Profesionales, por lo que los participantes podr\u00e1n acreditar sus competencias al finalizarlo. Con m\u00e1s de tres semanas de formaci\u00f3n, los participantes contar\u00e1n con una preparaci\u00f3n espec\u00edfica para ser empleados en el sector de la restauraci\u00f3n.<\/p>\n<p> PROCESO DE INSCRIPCI\u00d3N<\/p>\n<p>\nLos j\u00f3venes interesados en formar parte del programa podr\u00e1n inscribirse a trav\u00e9s de la propia app del centro comercial, a partir de este mismo viernes. Desde ah\u00ed, podr\u00e1n facilitar su perfil profesional hasta el d\u00eda 25 de mayo y, posteriormente, se proceder\u00e1 a la selecci\u00f3n de las 15 personas que pasar\u00e1n a formar parte de la convocatoria. Los seleccionados iniciar\u00e1n las formaciones el d\u00eda 2 de junio y finalizar\u00e1n el d\u00eda 23 del mismo mes.<\/p>\n<p> Desde Los Arcos han recordado que los requisitos para participar en este programa \u00fanicamente consistir\u00e1n en estar inscrito como demandante de empleo en SAE y en el Sistema Nacional de Garant\u00eda Juvenil, as\u00ed como haber finalizado la Educaci\u00f3n Secundaria Obligatoria (ESO).<\/p>\n<p> Seg\u00fan ha explicado el gerente de Los Arcos, Luis Enrique Ruiz, \u201cdesde Los Arcos no solo estamos inmersos en una reforma que transformar\u00e1 nuestra zona de restauraci\u00f3n, sino que queremos que este cambio tenga tambi\u00e9n un impacto social real\u201d. \u201cHemos impulsado este programa de empleabilidad con el objetivo de mejorar la calidad de vida de las personas de nuestro alrededor a trav\u00e9s de oportunidades laborales concretas\u201d.<\/p>\n<p>\n\u201cNuestro compromiso va m\u00e1s all\u00e1 de la formaci\u00f3n: trabajaremos activamente para recomendar a estos j\u00f3venes a los nuevos operadores y aumentar al m\u00e1ximo sus posibilidades de incorporaci\u00f3n a los futuros restaurantes que abrir\u00e1n sus puertas en Los Arcos\u201d, ha a\u00f1adido Ruiz.<\/p>\n<p> SOBRE LOS ARCOS<\/p>\n<p>\nLos Arcos, propiedad de Castellana Properties y gestionado por Cushman &amp; Wakefield, l\u00edder global en servicios inmobiliarios, desarrolla a lo largo del a\u00f1o distintas acciones sociales, ambientales y culturales a fin de mejorar su entorno. La realizaci\u00f3n en sus instalaciones de estas iniciativas forma parte de su responsabilidad social que persigue la mejora de la vida de los sevillanos.<\/p>\n<p> CONTACTO DE PRENSA:<\/p>\n<p>\nLeopoldo Eduardo Alonso Llofriu<\/p>\n<p>\nleopoldoalonso@europapress.es<\/p>\n<p>\n95 492 49 00<\/p>\n<p>\nSandra Delgado<\/p>\n<p>\nsandradelgado@europapress.es<\/p>\n<p>\nVirginia Garc\u00eda<\/p>\n<p>\nvirginiagarcia@europapress.es<\/p>\n<p>\n91 359 26 00<\/p>\n","protected":false},"excerpt":{"rendered":"<p>(Informaci\u00f3n remitida por la empresa firmante) SEVILLA, 2 (EUROPA PRESS) El centro comercial Los Arcos fomentar\u00e1 el empleo local a trav\u00e9s de un programa de inserci\u00f3n laboral para j\u00f3venes que contar\u00e1 con un total de 60 horas formativas y se especializar\u00e1 en el sector gastron\u00f3mico. El objetivo de la acci\u00f3n consistir\u00e1 en recomendar a los [&hellip;]<\/p>\n","protected":false},"author":1,"featured_media":0,"comment_status":"closed","ping_status":"closed","sticky":false,"template":"","format":"standard","meta":{"footnotes":""},"categories":[2],"tags":[],"class_list":["post-61270","post","type-post","status-publish","format-standard","hentry","category-noticias"],"_links":{"self":[{"href":"https:\/\/webciudadana.net\/index.php?rest_route=\/wp\/v2\/posts\/61270","targetHints":{"allow":["GET"]}}],"collection":[{"href":"https:\/\/webciudadana.net\/index.php?rest_route=\/wp\/v2\/posts"}],"about":[{"href":"https:\/\/webciudadana.net\/index.php?rest_route=\/wp\/v2\/types\/post"}],"author":[{"embeddable":true,"href":"https:\/\/webciudadana.net\/index.php?rest_route=\/wp\/v2\/users\/1"}],"replies":[{"embeddable":true,"href":"https:\/\/webciudadana.net\/index.php?rest_route=%2Fwp%2Fv2%2Fcomments&post=61270"}],"version-history":[{"count":0,"href":"https:\/\/webciudadana.net\/index.php?rest_route=\/wp\/v2\/posts\/61270\/revisions"}],"wp:attachment":[{"href":"https:\/\/webciudadana.net\/index.php?rest_route=%2Fwp%2Fv2%2Fmedia&parent=61270"}],"wp:term":[{"taxonomy":"category","embeddable":true,"href":"https:\/\/webciudadana.net\/index.php?rest_route=%2Fwp%2Fv2%2Fcategories&post=61270"},{"taxonomy":"post_tag","embeddable":true,"href":"https:\/\/webciudadana.net\/index.php?rest_route=%2Fwp%2Fv2%2Ftags&post=61270"}],"curies":[{"name":"wp","href":"https:\/\/api.w.org\/{rel}","templated":true}]}}