{"id":61271,"date":"2025-05-02T12:37:21","date_gmt":"2025-05-02T10:37:21","guid":{"rendered":"https:\/\/ticker-noticiasep.microcontenidos.com\/NoticiaRSS.vbhtml?user=FRND562DLP&amp;cod=20250502123721"},"modified":"2025-05-02T12:37:21","modified_gmt":"2025-05-02T10:37:21","slug":"mundo-la-celebracion-mundial-del-dia-internacional-del-jazz-2025-culmina-con-un-concierto-estelar-desde-abu-dabi","status":"publish","type":"post","link":"https:\/\/webciudadana.net\/?p=61271","title":{"rendered":"Mundo: La celebraci\u00f3n mundial del D\u00eda Internacional del Jazz 2025 culmina con un concierto estelar desde Abu Dabi"},"content":{"rendered":"\n<p>(Informaci\u00f3n remitida por la empresa firmante)<\/p>\n<p>\n&#8212; La celebraci\u00f3n mundial del D\u00eda Internacional del Jazz 2025 culmina con un emocionante concierto estelar mundial desde Abu Dabi, Emiratos \u00c1rabes Unidos<\/p>\n<p>\nMiles de actuaciones y eventos presentados en m\u00e1s de 190 pa\u00edses<\/p>\n<p>\nChicago acoger\u00e1 el 15\u00ba aniversario del D\u00eda Internacional del Jazz en 2026<\/p>\n<p>\nABU DABI, EAU, 2 de mayo de 2025 \/PRNewswire\/ &#8212; El 14\u00ba D\u00eda Internacional del Jazz culmin\u00f3 con un emocionante Concierto Global de Estrellas desde el Etihad Arena de Abu Dabi, Emiratos \u00c1rabes Unidos, ciudad anfitriona. El concierto, presentado por el actor ganador del \u00d3scar Jeremy Irons y dirigido por Herbie Hancock, cont\u00f3 con la participaci\u00f3n de artistas de reconocimiento mundial de 14 pa\u00edses, entre ellos Dee Dee Bridgewater, Etienne Charles, Kurt Elling, Ruthie Foster, Jos\u00e9 James, John McLaughlin, H\u00e9l\u00e8ne Mercier, Danilo P\u00e9rez, John Pizzarelli, Dianne Reeves, David S\u00e1nchez, Arturo Sandoval, Janis Siegel, Varijashree Venugopal y otros. V\u00e9alo gratis en jazzday.com.<\/p>\n<p> En el Concierto Mundial de Estrellas, representantes de la UNESCO anunciaron que la ciudad natal de Herbie Hancock, Chicago, Estados Unidos, ser\u00e1 la sede de la celebraci\u00f3n del 15\u00b0 aniversario del D\u00eda Internacional del Jazz en 2026.<\/p>\n<p> En la ma\u00f1ana del 30 de abril, se celebr\u00f3 una destacada Ceremonia de Apertura en Qasr Al Watan, el Palacio de la Naci\u00f3n. Mohamed Khalifa Al Mubarak, presidente del Departamento de Cultura y Turismo, dio la bienvenida oficial al D\u00eda Internacional del Jazz en Abu Dabi. El evento cont\u00f3 con las palabras del subdirector general de Cultura de la UNESCO, Ernesto Ottone, y Jeremy Irons, aclamado actor de teatro, cine y televisi\u00f3n. Entre los momentos culminantes se incluyen una conmovedora interpretaci\u00f3n en solitario de \u00abMaiden Voyage\u00bb de Herbie Hancock y una emocionante presentaci\u00f3n de m\u00fasica tradicional \u00e1rabe a cargo de artistas locales.<\/p>\n<p> Entre los momentos m\u00e1s destacados del Concierto Global All-Star se encontraba la interpretaci\u00f3n de Dee Dee Bridgewater de una versi\u00f3n con ritmo de \u00abThe Thrill Is Gone\u00bb junto a John McLaughlin y John Pizzarelli. La pianista de concierto de renombre mundial H\u00e9l\u00e8ne Mercier, de Par\u00eds, y el talento emergente A Bu, de Pek\u00edn, unieron dos continentes en una deslumbrante interpretaci\u00f3n a d\u00fao de piano de \u00abRhapsody in Blue\u00bb de George Gershwin, un tributo cl\u00e1sico al esp\u00edritu y el ritmo del jazz. Arturo Sandoval, David S\u00e1nchez y Danilo P\u00e9rez homenajearon a Dizzy Gillespie con su electrizante interpretaci\u00f3n de \u00abTin Tin Deo\u00bb.<\/p>\n<p> John McLaughlin aport\u00f3 su alucinante fusi\u00f3n de jazz a su composici\u00f3n original \u00abAs The Spirit Sings\u00bb. Dianne Reeves, conocida por su emotiva destreza vocal y sus interpretaciones de jazz, ofreci\u00f3 una conmovedora interpretaci\u00f3n de \u00abSomeone to Watch Over Me\u00bb. Jos\u00e9 James infundi\u00f3 en el cl\u00e1sico de los Rolling Stones \u00abMiss You\u00bb su singular mezcla de soul y estilo. El D\u00eda del Jazz 2025 concluy\u00f3 con su tradicional final de \u00abImagine\u00bb de John Lennon, el himno universal por la paz, que puso al p\u00fablico de pie en una celebraci\u00f3n de la unidad a trav\u00e9s de la m\u00fasica.<\/p>\n<p> Las celebraciones del D\u00eda del Jazz 2025 en Abu Dabi incluyeron decenas de programas de divulgaci\u00f3n comunitaria, llevando la magia del jazz a ni\u00f1os peque\u00f1os y aspirantes a profesionales en recintos como Berklee Abu Dabi, Bait Al Oud y la Fundaci\u00f3n Cultural. En colaboraci\u00f3n con la Cumbre Cultural de Abu Dabi, el programa incluy\u00f3 un concierto especial en el Louvre Abu Dabi y una mesa redonda que invita a la reflexi\u00f3n entre Herbie Hancock y el consejero delegado del Financial Times, John Ridding. En todo el mundo, se llevaron a cabo miles de actuaciones, clases magistrales, sesiones de improvisaci\u00f3n, programas educativos y comunitarios en m\u00e1s de 190 pa\u00edses.<\/p>\n<p> Cada a\u00f1o, el 30 de abril, el D\u00eda Internacional del Jazz re\u00fane a pa\u00edses y comunidades de todo el mundo para promover la paz y la unidad, el di\u00e1logo intercultural y el respeto a la dignidad humana. El D\u00eda Internacional del Jazz fue adoptado por los Estados Miembros de la UNESCO por iniciativa del Embajador de Buena Voluntad de la UNESCO, Herbie Hancock, quien copreside la celebraci\u00f3n anual junto con la directora gGeneral de la UNESCO, Audrey Azoulay.<\/p>\n<p> El Departamento de Cultura y Turismo de Abu Dabi actu\u00f3 como Ciudad Anfitriona del D\u00eda Internacional del Jazz 2025, con el importante apoyo global de la Fundaci\u00f3n Doris Duke. United, la aerol\u00ednea global asociada al D\u00eda Internacional del Jazz, proporcion\u00f3 transporte a\u00e9reo y apoyo adicional para artistas y educadores.<\/p>\n<p> Enlace a recursos de fotograf\u00eda y v\u00eddeo<\/p>\n<p>\nwww.jazzday.com<\/p>\n<p>\nwww.unesco.org\/en\/international-jazz-day<\/p>\n<p>\nV\u00eddeo &#8212; https:\/\/mma.prnewswire.com\/media\/2678363\/Herbie_Hancock_performs_his_iconic_jazz_fusion.mp4<\/p>\n<p>\nFoto &#8212; https:\/\/mma.prnewswire.com\/media\/2678362\/Herbie_Hancock_International_Jazz_Day_All_Star_Global_Concert.jpg<\/p>\n<p> View original content:https:\/\/www.prnewswire.com\/news-releases\/la-celebracion-mundial-del-dia-internacional-del-jazz-2025-culmina-con-un-concierto-estelar-desde-abu-dabi-302444967.html<\/p>\n","protected":false},"excerpt":{"rendered":"<p>(Informaci\u00f3n remitida por la empresa firmante) &#8212; La celebraci\u00f3n mundial del D\u00eda Internacional del Jazz 2025 culmina con un emocionante concierto estelar mundial desde Abu Dabi, Emiratos \u00c1rabes Unidos Miles de actuaciones y eventos presentados en m\u00e1s de 190 pa\u00edses Chicago acoger\u00e1 el 15\u00ba aniversario del D\u00eda Internacional del Jazz en 2026 ABU DABI, EAU, [&hellip;]<\/p>\n","protected":false},"author":1,"featured_media":0,"comment_status":"closed","ping_status":"closed","sticky":false,"template":"","format":"standard","meta":{"footnotes":""},"categories":[2],"tags":[],"class_list":["post-61271","post","type-post","status-publish","format-standard","hentry","category-noticias"],"_links":{"self":[{"href":"https:\/\/webciudadana.net\/index.php?rest_route=\/wp\/v2\/posts\/61271","targetHints":{"allow":["GET"]}}],"collection":[{"href":"https:\/\/webciudadana.net\/index.php?rest_route=\/wp\/v2\/posts"}],"about":[{"href":"https:\/\/webciudadana.net\/index.php?rest_route=\/wp\/v2\/types\/post"}],"author":[{"embeddable":true,"href":"https:\/\/webciudadana.net\/index.php?rest_route=\/wp\/v2\/users\/1"}],"replies":[{"embeddable":true,"href":"https:\/\/webciudadana.net\/index.php?rest_route=%2Fwp%2Fv2%2Fcomments&post=61271"}],"version-history":[{"count":0,"href":"https:\/\/webciudadana.net\/index.php?rest_route=\/wp\/v2\/posts\/61271\/revisions"}],"wp:attachment":[{"href":"https:\/\/webciudadana.net\/index.php?rest_route=%2Fwp%2Fv2%2Fmedia&parent=61271"}],"wp:term":[{"taxonomy":"category","embeddable":true,"href":"https:\/\/webciudadana.net\/index.php?rest_route=%2Fwp%2Fv2%2Fcategories&post=61271"},{"taxonomy":"post_tag","embeddable":true,"href":"https:\/\/webciudadana.net\/index.php?rest_route=%2Fwp%2Fv2%2Ftags&post=61271"}],"curies":[{"name":"wp","href":"https:\/\/api.w.org\/{rel}","templated":true}]}}