{"id":61272,"date":"2025-05-02T12:29:13","date_gmt":"2025-05-02T10:29:13","guid":{"rendered":"https:\/\/ticker-noticiasep.microcontenidos.com\/NoticiaRSS.vbhtml?user=FRND562DLP&amp;cod=20250502122913"},"modified":"2025-05-02T12:29:13","modified_gmt":"2025-05-02T10:29:13","slug":"sociedad-fordanz-vuelve-a-los-clasicos-y-presenta-su-version-electronica-de-ya-no-me-acuerdo-de-estopa","status":"publish","type":"post","link":"https:\/\/webciudadana.net\/?p=61272","title":{"rendered":"Sociedad: Fordanz vuelve a los cl\u00e1sicos y presenta su versi\u00f3n electr\u00f3nica de &#8216;Ya no me acuerdo&#8217; de Estopa"},"content":{"rendered":"\n<div><img decoding=\"async\" src=\"https:\/\/img.europapress.es\/fotoweb\/fotonoticia_20250502122913_300.jpg\" class=\"ff-og-image-inserted\"><\/div>\n<p>(Informaci\u00f3n remitida por la empresa firmante)<\/p>\n<p>\nTras el \u00e9xito de su versi\u00f3n de &#8216;En alg\u00fan lugar&#8217; de Duncan Dhu, Fordanz Dj y productor puertorrique\u00f1o lanza una nueva apuesta musical con un cover electr\u00f3nico de uno de los temas m\u00e1s recordados de Estopa.<\/p>\n<p> El artista Fordanz lanza hoy su nueva versi\u00f3n de la ic\u00f3nica canci\u00f3n &#8216;Ya no me acuerdo&#8217;, originalmente de la reconocida banda espa\u00f1ola Estopa. Disponible ya en todas las plataformas digitales, esta versi\u00f3n electr\u00f3nica aporta un giro moderno y lleno de energ\u00eda al cl\u00e1sico, fusionando la nostalgia con ritmos contempor\u00e1neos que invitan al baile.<\/p>\n<p> &#8216;Ya no me acuerdo&#8217; es uno de los temas m\u00e1s queridos de Estopa, interpretada por Jos\u00e9 Mu\u00f1oz, y se ha convertido con el tiempo en una de las favoritas de los seguidores de la banda. Fordanz, con su estilo \u00fanico, ha logrado darle un nuevo giro a la canci\u00f3n, manteniendo su esencia emocional, pero con una propuesta electr\u00f3nica que promete llenar las listas de reproducci\u00f3n de m\u00fasica dance electr\u00f3nica.<\/p>\n<p> \u00abQuer\u00eda mantener la emoci\u00f3n de la original, pero darle un toque m\u00e1s energ\u00e9tico, algo que la gente quiera bailar. Esta versi\u00f3n tiene una vibra diferente, pero la esencia sigue siendo la misma\u00bb, comenta Fordanz.<\/p>\n<p> Aunque no cuenta con videoclip, la canci\u00f3n pretende entrar en playlists de g\u00e9neros como house, electr\u00f3nica, latino y dance, donde las versiones remixeadas ya est\u00e1n marcando tendencia. En verano del 2024 Fordanz hab\u00eda lanzado un cover de la banda Duncan Dhu titulado \u00abEn alg\u00fan lugar\u00bb con un giro en electr\u00f3nica y el mismo tuvo una excelente acogida, este ser\u00eda el segundo cover del Dj &#8211; Productor puertorrique\u00f1o, adem\u00e1s de todas las producciones lanzadas desde el 2022. Toda la m\u00fasica de Fordanz est\u00e1 disponible en todas las plataformas de \u00abstreaming\u00bb y se pueden ver en YouTube los videos de las mismas y algunos sets grabados en vivo desde el estudio.<\/p>\n<p> &#8216;Ya no me acuerdo&#8217; (versi\u00f3n electr\u00f3nica) ya est\u00e1 disponible en Spotify, Apple Music, YouTube, Deezer, Tidal y todas las plataformas de streaming.<\/p>\n<p> Es posible seguir a Fordanz en https:\/\/open.spotify.com\/artist\/3NZmGTvvwVPRjt206eWKV8, https:\/\/www.youtube.com\/@fordanz5782 y en https:\/\/instagram.com\/fordanz_,<\/p>\n<p>\nContacto.<\/p>\n<p>\nNombre contacto: Nelson Medina.<\/p>\n<p>\nDescripci\u00f3n contacto: Productor.<\/p>\n<p>\nTel\u00e9fono de contacto: 1-787-973-0558.<\/p>\n","protected":false},"excerpt":{"rendered":"<p>(Informaci\u00f3n remitida por la empresa firmante) Tras el \u00e9xito de su versi\u00f3n de &#8216;En alg\u00fan lugar&#8217; de Duncan Dhu, Fordanz Dj y productor puertorrique\u00f1o lanza una nueva apuesta musical con un cover electr\u00f3nico de uno de los temas m\u00e1s recordados de Estopa. El artista Fordanz lanza hoy su nueva versi\u00f3n de la ic\u00f3nica canci\u00f3n &#8216;Ya [&hellip;]<\/p>\n","protected":false},"author":1,"featured_media":0,"comment_status":"closed","ping_status":"closed","sticky":false,"template":"","format":"standard","meta":{"footnotes":""},"categories":[2],"tags":[],"class_list":["post-61272","post","type-post","status-publish","format-standard","hentry","category-noticias"],"_links":{"self":[{"href":"https:\/\/webciudadana.net\/index.php?rest_route=\/wp\/v2\/posts\/61272","targetHints":{"allow":["GET"]}}],"collection":[{"href":"https:\/\/webciudadana.net\/index.php?rest_route=\/wp\/v2\/posts"}],"about":[{"href":"https:\/\/webciudadana.net\/index.php?rest_route=\/wp\/v2\/types\/post"}],"author":[{"embeddable":true,"href":"https:\/\/webciudadana.net\/index.php?rest_route=\/wp\/v2\/users\/1"}],"replies":[{"embeddable":true,"href":"https:\/\/webciudadana.net\/index.php?rest_route=%2Fwp%2Fv2%2Fcomments&post=61272"}],"version-history":[{"count":0,"href":"https:\/\/webciudadana.net\/index.php?rest_route=\/wp\/v2\/posts\/61272\/revisions"}],"wp:attachment":[{"href":"https:\/\/webciudadana.net\/index.php?rest_route=%2Fwp%2Fv2%2Fmedia&parent=61272"}],"wp:term":[{"taxonomy":"category","embeddable":true,"href":"https:\/\/webciudadana.net\/index.php?rest_route=%2Fwp%2Fv2%2Fcategories&post=61272"},{"taxonomy":"post_tag","embeddable":true,"href":"https:\/\/webciudadana.net\/index.php?rest_route=%2Fwp%2Fv2%2Ftags&post=61272"}],"curies":[{"name":"wp","href":"https:\/\/api.w.org\/{rel}","templated":true}]}}