{"id":61285,"date":"2025-05-05T09:23:27","date_gmt":"2025-05-05T07:23:27","guid":{"rendered":"https:\/\/ticker-noticiasep.microcontenidos.com\/NoticiaRSS.vbhtml?user=FRND562DLP&amp;cod=20250505092327"},"modified":"2025-05-05T09:23:27","modified_gmt":"2025-05-05T07:23:27","slug":"salud-los-talleres-practicos-para-enfermeros-marcaran-la-inauguracion-del-xvi-congreso-internacional-de-asanec","status":"publish","type":"post","link":"https:\/\/webciudadana.net\/?p=61285","title":{"rendered":"Salud: Los talleres pr\u00e1cticos para enfermeros marcar\u00e1n la inauguraci\u00f3n del XVI Congreso Internacional de Asanec"},"content":{"rendered":"\n<div><img decoding=\"async\" src=\"https:\/\/img.europapress.es\/fotoweb\/fotonoticia_20250505092327_300.jpg\" class=\"ff-og-image-inserted\"><\/div>\n<p>(Informaci\u00f3n remitida por la empresa firmante)<\/p>\n<p>\nSevilla, 5 de mayo de 2025.-<\/p>\n<p>\nM\u00e1s de quinientos enfermeros confirmados acudir\u00e1n a la convenci\u00f3n anual que promueve la Asociaci\u00f3n Andaluza de Enfermer\u00eda Familiar y Comunitaria. Este a\u00f1o Asanec supera el n\u00famero de formaciones pr\u00e1cticas alcanzando casi la veintena en la sesi\u00f3n inaugural<\/p>\n<p>\nEn la edici\u00f3n de este a\u00f1o, el anteproyecto de la Ley del Medicamento se convierte en una de las materias claves de debate con la prescripci\u00f3n m\u00e9dica de las enfermeras y enfermeros<\/p>\n<p>\nC\u00e1diz se convertir\u00e1 en el epicentro de la atenci\u00f3n primaria los pr\u00f3ximos d\u00edas 28, 29 y 30 de mayo con el congreso impulsado por la Asociaci\u00f3n Andaluza de Enfermer\u00eda Familia y Comunitaria (ASANEC). La decimosexta edici\u00f3n arrancar\u00e1 en el Palacio de Congresos de la ciudad con una primera jornada dedicada en exclusiva a los talleres formativos para los profesionales de enfermer\u00eda. Un total de dieciocho formaciones donde la instrucci\u00f3n pr\u00e1ctica ser\u00e1 clave en el congreso organizado por la Asociaci\u00f3n Andaluza de Enfermer\u00eda Familiar y Comunitaria.<\/p>\n<p> Cada a\u00f1o el congreso internacional de Asanec se convierte en un punto de encuentro para los profesionales de la salud y un pulso indiscutible en torno a las necesidades de la poblaci\u00f3n en el primer nivel de atenci\u00f3n m\u00e9dica a la poblaci\u00f3n en el Sistema Sanitario P\u00fablico. Hasta la fecha, ya se han inscrito m\u00e1s de 500 profesionales del \u00e1mbito de la salud y desde la organizaci\u00f3n esperan que esta edici\u00f3n supere el r\u00e9cord de asistencia.<\/p>\n<p> La presidenta de Asanec, Mar\u00eda Dolores Ruiz, destaca el buen n\u00famero de inscritos hasta el momento: \u201cya son 550 los inscritos y creemos que la participaci\u00f3n en esta nueva edici\u00f3n romper\u00e1 los n\u00fameros del a\u00f1o anterior. Para Asanec, como sociedad cient\u00edfica promover este congreso es apostar por la docencia, la formaci\u00f3n, la investigaci\u00f3n y un fiel compromiso con la sociedad por la promoci\u00f3n de la salud\u201d, explica Mar\u00eda Dolores Ruiz.<\/p>\n<p> Una apertura eminentemente pr\u00e1ctica<\/p>\n<p>\nLa antesala del XVI Congreso Internacional de Asanec ser\u00e1 el pr\u00f3ximo 28 de mayo con cuatro horas de jornada de talleres. A partir de las 16.30h se abre el primer turno para nueve formaciones de hora y media cada en donde se plantean instrucciones dirigidas a la atenci\u00f3n de pacientes con diabetes, ostom\u00edas, insuficiencia renal, enfermedades pulmonares, lesiones cut\u00e1neas asociadas a la dependencia, terapias inhaladas. En esta primera parte la sedaci\u00f3n paliativa, la seguridad del paciente, la vacunaci\u00f3n consciente en adultos y las herramientas para la promoci\u00f3n de la salud.<\/p>\n<p> Tras un descanso de media hora los asistentes inscritos podr\u00e1n ser part\u00edcipes de la segunda sesi\u00f3n de talleres cuyo foco principal se halla en las intervenciones adecuadas y en las actividades asistenciales en la atenci\u00f3n primaria para la sutura de heridas, el dolor persistente, la insuficiencia cardiaca, la incontinencia urinaria, el pie diab\u00e9tico o los cuidados a la persona anticoagulada. En el XVI Congreso Internacional de Asanec se plantean adem\u00e1s tres talleres cuyos ejes son el tabaquismo, las cefaleas y el riesgo cardiovascular.<\/p>\n<p> Bajo el lema \u201cEnfermera de familia y comunitaria, cuidados a lo largo de la vida\u2019, en estos tres d\u00edas en el Palacio de Congresos de la ciudad de C\u00e1diz se aproximar\u00e1n nuevamente a la incorporaci\u00f3n de la especializaci\u00f3n de la Enfermer\u00eda de Familia y Comunitaria (EfyC) y el uso racional de los medicamentos.*EfyC ofrecen cuidados a la poblaci\u00f3n desde el inicio hasta el final de la vida en diferentes situaciones y contextos. Desde presidencia resaltan la importancia de la capacidad de prescripci\u00f3n m\u00e9dica de las enfermeras que se ha planteado en el anteproyecto de ley y que seg\u00fan Mar\u00eda Dolores Ruiz: \u201cemerge como una de las herramientas clave para dar respuesta a las necesidades de los pacientes y un desaf\u00edo a las nuevas demandas de la sociedad. Es importante que las enfermeras podamos ser finalistas de determinados procesos de salud, favoreciendo la accesibilidad al sistema sanitario de los pacientes\u201d.<\/p>\n<p> Hasta el 6 de mayo, los profesionales interesados en acudir al XVI Congreso Internacional de Asanec en C\u00e1diz pueden hacer la inscripci\u00f3n desde la p\u00e1gina web, conociendo al detalle el desarrollo de este para los d\u00edas 29 y 30 de mayo.<\/p>\n<p> Sobre Asanec<\/p>\n<p>\nAsanec es la Asociaci\u00f3n Andaluza de Enfermer\u00eda Familiar y Comunitaria formada por enfermeras y enfermeros de toda la geograf\u00eda andaluza que, sin \u00e1nimo de lucro, trabajan por y para el desarrollo de la profesi\u00f3n. Asanec, como sociedad cient\u00edfica, persigue la mejora de la calidad asistencial en el \u00e1mbito comunitario desde la defensa de la sanidad p\u00fablica, influyendo y dialogando con las Administraciones. Entre sus fines se encuentra brindar formaci\u00f3n e investigaci\u00f3n en la pr\u00e1ctica de la enfermer\u00eda para ofrecer cuidados de calidad a la comunidad, as\u00ed como colaborar con otras sociedades cient\u00edficas y asociaciones para el mejor desarrollo de la profesi\u00f3n.<\/p>\n<p> Contacto de Prensa:<\/p>\n<p>\nLeopoldo Eduardo Alonso Llofriu<\/p>\n<p>\n95 492 49 00<\/p>\n<p>\nleopoldoalonso@europapress.es<\/p>\n<p>\nSandra Delgado<\/p>\n<p>\n91 359 26 00<\/p>\n<p>\nsandradelgado@europapress.es<\/p>\n","protected":false},"excerpt":{"rendered":"<p>(Informaci\u00f3n remitida por la empresa firmante) Sevilla, 5 de mayo de 2025.- M\u00e1s de quinientos enfermeros confirmados acudir\u00e1n a la convenci\u00f3n anual que promueve la Asociaci\u00f3n Andaluza de Enfermer\u00eda Familiar y Comunitaria. Este a\u00f1o Asanec supera el n\u00famero de formaciones pr\u00e1cticas alcanzando casi la veintena en la sesi\u00f3n inaugural En la edici\u00f3n de este a\u00f1o, [&hellip;]<\/p>\n","protected":false},"author":1,"featured_media":0,"comment_status":"closed","ping_status":"closed","sticky":false,"template":"","format":"standard","meta":{"footnotes":""},"categories":[2],"tags":[],"class_list":["post-61285","post","type-post","status-publish","format-standard","hentry","category-noticias"],"_links":{"self":[{"href":"https:\/\/webciudadana.net\/index.php?rest_route=\/wp\/v2\/posts\/61285","targetHints":{"allow":["GET"]}}],"collection":[{"href":"https:\/\/webciudadana.net\/index.php?rest_route=\/wp\/v2\/posts"}],"about":[{"href":"https:\/\/webciudadana.net\/index.php?rest_route=\/wp\/v2\/types\/post"}],"author":[{"embeddable":true,"href":"https:\/\/webciudadana.net\/index.php?rest_route=\/wp\/v2\/users\/1"}],"replies":[{"embeddable":true,"href":"https:\/\/webciudadana.net\/index.php?rest_route=%2Fwp%2Fv2%2Fcomments&post=61285"}],"version-history":[{"count":0,"href":"https:\/\/webciudadana.net\/index.php?rest_route=\/wp\/v2\/posts\/61285\/revisions"}],"wp:attachment":[{"href":"https:\/\/webciudadana.net\/index.php?rest_route=%2Fwp%2Fv2%2Fmedia&parent=61285"}],"wp:term":[{"taxonomy":"category","embeddable":true,"href":"https:\/\/webciudadana.net\/index.php?rest_route=%2Fwp%2Fv2%2Fcategories&post=61285"},{"taxonomy":"post_tag","embeddable":true,"href":"https:\/\/webciudadana.net\/index.php?rest_route=%2Fwp%2Fv2%2Ftags&post=61285"}],"curies":[{"name":"wp","href":"https:\/\/api.w.org\/{rel}","templated":true}]}}