{"id":61319,"date":"2025-05-07T09:32:50","date_gmt":"2025-05-07T07:32:50","guid":{"rendered":"https:\/\/ticker-noticiasep.microcontenidos.com\/NoticiaRSS.vbhtml?user=FRND562DLP&amp;cod=20250507093250"},"modified":"2025-05-07T09:32:50","modified_gmt":"2025-05-07T07:32:50","slug":"sociedad-vallsur-inaugura-la-exposicion-de-jovenes-artistas-reflejos-digitales","status":"publish","type":"post","link":"https:\/\/webciudadana.net\/?p=61319","title":{"rendered":"Sociedad: Vallsur inaugura la exposici\u00f3n de j\u00f3venes artistas &#8216;Reflejos Digitales&#8217;"},"content":{"rendered":"\n<div><img decoding=\"async\" src=\"https:\/\/img.europapress.es\/fotoweb\/fotonoticia_20250507093250_300.jpg\" class=\"ff-og-image-inserted\"><\/div>\n<p>(Informaci\u00f3n remitida por la empresa firmante)<\/p>\n<p> \u00b7 La muestra de arte digital se podr\u00e1 ver hasta el d\u00eda 31 de julio en las pantallas gigantes del centro comercial vallisoletano<\/p>\n<p> \u00b7 Esta exposici\u00f3n de proyecci\u00f3n continua re\u00fane las obras de cinco estudiantes de arte digital <\/p>\n<p> Valladolid, 7 de mayo de 2025.- Vallsur ha inaugurado la exposici\u00f3n de arte digital &#8216;Reflejos Digitales&#8217;, una muestra con las obras de j\u00f3venes artistas universitarios que se podr\u00e1 ver de manera continua en las pantallas gigantes de la zona de La Chismer\u00eda hasta el d\u00eda 31 de julio.<\/p>\n<p> La exposici\u00f3n muestra el trabajo de los ganadores del IV Certamen Internacional para estudiantes de artes digitales convocado por SMTH: Esteban Riviera (EASD Valencia), I\u00f1aki Cancillo Mora (Universidad de Alicante), Lida Zacharopoulou (University of Athens), OFF_DISARTIST (U-tad), y el Colectivo P.A.R.T.V (U-tad). Estas obras premiadas, que ahora se pueden ver en Vallsur, fueron seleccionadas por un jurado de expertos que destacaron su alta calidad art\u00edstica.<\/p>\n<p> \u00abVallsur se ha convertido para la ocasi\u00f3n en una galer\u00eda de arte digital donde los visitantes podr\u00e1n sumergirse en un recorrido art\u00edstico. Los centros comerciales sirven tambi\u00e9n de sala de exposiciones para mostrar las obras de j\u00f3venes artistas y que el p\u00fablico pueda disfrutar de una experiencia cultural m\u00e1s all\u00e1 de las galer\u00edas. Ofrecemos un gran espacio para acercar el mundo de las artes a todas las personas, en lugares donde tradicionalmente no exist\u00eda este tipo de iniciativas\u00bb, afirma Carolina Castro, gerente de Vallsur.<\/p>\n<p> Bajo el tema &#8216;Reflejos Digitales&#8217;, las cinco obras de arte buscan reflexionar sobre la identidad y la comunidad en un entorno tecnol\u00f3gicamente hiperconectado. Las obras abordan la complejidad del yo contempor\u00e1neo, cuestionando si la tecnolog\u00eda acerca a una versi\u00f3n m\u00e1s aut\u00e9ntica de cada uno o si la aleja de ella. Esta convocatoria busca impulsar el talento emergente, reflexionando sobre la identidad en la era digital.<\/p>\n<p> En la exposici\u00f3n se podr\u00e1 admirar la obra &#8216;Digital Cascade&#8217; del artista Esteban Riviera, una obra contemplativa que combina elementos de arte generativo y la m\u00fasica electr\u00f3nica para representar una cascada digital en movimiento. Tambi\u00e9n estar\u00e1 la obra &#8216;Digital Birth&#8217; de I\u00f1aki Cancillo Mora, una pieza que cuestiona los l\u00edmites entre lo biol\u00f3gico y lo digital, abordando la construcci\u00f3n de la identidad humana.<\/p>\n<p> Asimismo, se podr\u00e1 ver &#8216;Latent Life&#8217; de Lida Zacharopoulou, que plantea un di\u00e1logo entre lo real y lo simulado, a trav\u00e9s de formas generadas por inteligencia artificial. Por otro lado, la obra &#8216;PERSONALITY_ERROR&#8217; de OFF_DISARTIST, reflexiona sobre la personalidad en la era digital y c\u00f3mo se moldea por est\u00edmulos virtuales. Y, por \u00faltimo, &#8216;Altered Ego&#8217;, de Colectivo P.A.R.T.V, ofrece una cr\u00edtica visual a la autoimagen en redes sociales, representando la p\u00e9rdida de identidad y la presi\u00f3n constante de la comparaci\u00f3n digital.<\/p>\n<p> Con esta exposici\u00f3n se busca impulsar el talento emergente, reflexionando sobre la identidad en la era digital, a trav\u00e9s de un proyecto para crear, promover y difundir el arte digital transformando espacios en museos y soportes digitales en lienzos culturales.<\/p>\n<p> Sobre Vallsur &#8211; www.vallsur.com <\/p>\n<p> Desde su apertura, el centro comercial Vallsur, gestionado por CBRE REAL ESTATE, se ha convertido en un referente en la ciudad de Valladolid. Con una superficie de 35.160 m2, m\u00e1s de 90 tiendas y 2.000 plazas de aparcamiento, el centro pone a disposici\u00f3n de sus clientes una gran oferta de servicios cuyo objetivo es satisfacer todas sus necesidades. Adem\u00e1s, Vallsur tiene una clara pol\u00edtica de compromiso en el medio ambiente, tal y como demuestra su sistema de gesti\u00f3n ambiental de acuerdo a la normativa ISO 14001:2004.<\/p>\n<p> Para m\u00e1s informaci\u00f3n o gesti\u00f3n de entrevistas: <\/p>\n<p> AGENCIA DE COMUNICACI\u00d3N DE VALLSUR: <\/p>\n<p> europa press Comunicaci\u00f3n &#8211; 91 359 26 00 <\/p>\n<p> LETICIA G\u00d3MEZ &#8211; leticiagomez@europapress.es <\/p>\n<p> SILVIA MULLOR &#8211; silviamullor@europapress.es<\/p>\n","protected":false},"excerpt":{"rendered":"<p>(Informaci\u00f3n remitida por la empresa firmante) \u00b7 La muestra de arte digital se podr\u00e1 ver hasta el d\u00eda 31 de julio en las pantallas gigantes del centro comercial vallisoletano \u00b7 Esta exposici\u00f3n de proyecci\u00f3n continua re\u00fane las obras de cinco estudiantes de arte digital Valladolid, 7 de mayo de 2025.- Vallsur ha inaugurado la exposici\u00f3n [&hellip;]<\/p>\n","protected":false},"author":1,"featured_media":0,"comment_status":"closed","ping_status":"closed","sticky":false,"template":"","format":"standard","meta":{"footnotes":""},"categories":[2],"tags":[],"class_list":["post-61319","post","type-post","status-publish","format-standard","hentry","category-noticias"],"_links":{"self":[{"href":"https:\/\/webciudadana.net\/index.php?rest_route=\/wp\/v2\/posts\/61319","targetHints":{"allow":["GET"]}}],"collection":[{"href":"https:\/\/webciudadana.net\/index.php?rest_route=\/wp\/v2\/posts"}],"about":[{"href":"https:\/\/webciudadana.net\/index.php?rest_route=\/wp\/v2\/types\/post"}],"author":[{"embeddable":true,"href":"https:\/\/webciudadana.net\/index.php?rest_route=\/wp\/v2\/users\/1"}],"replies":[{"embeddable":true,"href":"https:\/\/webciudadana.net\/index.php?rest_route=%2Fwp%2Fv2%2Fcomments&post=61319"}],"version-history":[{"count":0,"href":"https:\/\/webciudadana.net\/index.php?rest_route=\/wp\/v2\/posts\/61319\/revisions"}],"wp:attachment":[{"href":"https:\/\/webciudadana.net\/index.php?rest_route=%2Fwp%2Fv2%2Fmedia&parent=61319"}],"wp:term":[{"taxonomy":"category","embeddable":true,"href":"https:\/\/webciudadana.net\/index.php?rest_route=%2Fwp%2Fv2%2Fcategories&post=61319"},{"taxonomy":"post_tag","embeddable":true,"href":"https:\/\/webciudadana.net\/index.php?rest_route=%2Fwp%2Fv2%2Ftags&post=61319"}],"curies":[{"name":"wp","href":"https:\/\/api.w.org\/{rel}","templated":true}]}}