{"id":61321,"date":"2025-05-07T09:23:07","date_gmt":"2025-05-07T07:23:07","guid":{"rendered":"https:\/\/ticker-noticiasep.microcontenidos.com\/NoticiaRSS.vbhtml?user=FRND562DLP&amp;cod=20250507092307"},"modified":"2025-05-07T09:23:07","modified_gmt":"2025-05-07T07:23:07","slug":"el-faro-trae-a-badajoz-el-reino-de-oro-y-el-arbol-magico-una-aventura-epica-para-toda-la-familia","status":"publish","type":"post","link":"https:\/\/webciudadana.net\/?p=61321","title":{"rendered":"El Faro trae a Badajoz el Reino de Oro y el \u00c1rbol M\u00e1gico, una aventura \u00e9pica para toda la familia"},"content":{"rendered":"\n<div><img decoding=\"async\" src=\"https:\/\/img.europapress.es\/fotoweb\/fotonoticia_20250507092307_300.jpg\" class=\"ff-og-image-inserted\"><\/div>\n<p>(Informaci\u00f3n remitida por la empresa firmante)<\/p>\n<p>\nBadajoz, 7 de mayo de 2025.-<\/p>\n<p>\nEl centro comercial El Faro se convertir\u00e1 durante tres semanas a partir de este jueves 8 de mayo en un escenario de fantas\u00eda en que los visitantes podr\u00e1n disfrutar de espect\u00e1culos sorprendentes, una exposici\u00f3n \u00fanica y actividades interactivas que les har\u00e1n vivir una experiencia inolvidable<\/p>\n<p>\nEl elemento central de la exposici\u00f3n ser\u00e1 un majestuoso Palacio de Oro de cuatro metros de altura, acompa\u00f1ado del ic\u00f3nico \u00c1rbol M\u00e1gico de las manzanas doradas<\/p>\n<p>\nEl evento contar\u00e1 con diversos espect\u00e1culos llenos de ritmo, efectos visuales y una puesta en escena impresionante, donde los asistentes seguir\u00e1n una historia \u00e9pica en busca del digno sucesor al Trono de Oro<\/p>\n<p>\nLa exposici\u00f3n ha recibido m\u00e1s de 18.000 visitas en menos de tres semanas en las ciudades en las que ya ha estado presente<\/p>\n<p>\nEl centro comercial El Faro, se convertir\u00e1 a partir de este 8 de mayo, en el escenario de una aventura sin precedentes con la llegada de El Reino de Oro y el \u00c1rbol M\u00e1gico, un evento que promete sumergir al p\u00fablico en una historia llena de fantas\u00eda, entretenimiento y emoci\u00f3n. Durante tres semanas, los visitantes podr\u00e1n disfrutar de espect\u00e1culos sorprendentes, una exposici\u00f3n \u00fanica y actividades interactivas que les har\u00e1n vivir una experiencia inolvidable. Un evento \u00fanico, lleno de diversi\u00f3n y premios para toda la familia.<\/p>\n<p> La exposici\u00f3n ya ha visitado otras ciudades como Sevilla o C\u00e1diz, acumulando en cada una de ellas m\u00e1s de 18.000 visitas en menos de tres semanas.<\/p>\n<p> La exposici\u00f3n: un viaje a la artesan\u00eda del \u2018oro\u2019<\/p>\n<p>\nComo parte del evento, los visitantes podr\u00e1n admirar una impresionante exposici\u00f3n en la que se podr\u00e1n observar piezas elaboradas con maestr\u00eda que recrean el brillo y la belleza del oro sin utilizar este metal precioso. El elemento central de la exposici\u00f3n ser\u00e1 un majestuoso Palacio de Oro de cuatro metros de altura, acompa\u00f1ado del ic\u00f3nico \u00c1rbol M\u00e1gico de las manzanas doradas.<\/p>\n<p> Adem\u00e1s, contar\u00e1 con elementos motorizados como un tren dorado y fuentes con agua cristalina, adem\u00e1s de figuras esculpidas a mano como elefantes, \u00e1guilas y garzas. Un trabajo art\u00edstico sin igual realizado bajo la directriz del maestro artesano \u00c1lvaro Romero, de ChocoExpo, que ha requerido m\u00e1s de 2.500 horas de trabajo y que ocupar\u00e1 un \u00e1rea de 50 metros cuadrados.<\/p>\n<p> Un lingote de oro como gran premio<\/p>\n<p>\nPero la exposici\u00f3n no es solo para observar: ser\u00e1 interactiva. Como parte de la experiencia, los asistentes podr\u00e1n participar en un sorteo para ganar un lingote de oro real. Para ello, deber\u00e1n activar un reto en la APP del centro comercial El Faro, escanear un c\u00f3digo QR que se encontrar\u00e1 en la exposici\u00f3n y completar tres desaf\u00edos:<\/p>\n<p>\nResolver un acertijo con preguntas sobre la exposici\u00f3n<\/p>\n<p>\nSuperar una prueba de proeza, recolectando manzanas doradas en un juego interactivo<\/p>\n<p>\nCompletar un puzle dentro de un tiempo l\u00edmite<\/p>\n<p>\nTalleres infantiles: La magia del Reino de Oro en las manos de los ni\u00f1os<\/p>\n<p>\nLos m\u00e1s peque\u00f1os ser\u00e1n los protagonistas de divertidos talleres creativos en los que los ni\u00f1os podr\u00e1n dise\u00f1ar su propia manzana de oro, decor\u00e1ndola con colorante alimenticio brillante y toppings de colores, creando as\u00ed un dulce recuerdo de su viaje al Reino de Oro.<\/p>\n<p> Espect\u00e1culos y desfiles: una celebraci\u00f3n inolvidable<\/p>\n<p>\nEl tercer fin de semana estar\u00e1 marcado por cuatro espect\u00e1culos diferentes y un gran desfile. Con vestuarios deslumbrantes y una decoraci\u00f3n sin precedentes en centros comerciales, estas representaciones no solo prometen entretenimiento, sino tambi\u00e9n sorpresas para toda la familia.<\/p>\n<p> Los asistentes podr\u00e1n sumergirse en la historia del Reino de Oro y el \u00c1rbol M\u00e1gico a trav\u00e9s de cinco puestas en escena:<\/p>\n<p>\nEl Gran Desfile del Reino de Oro y el \u00c1rbol M\u00e1gico<\/p>\n<p>\nEl Reino de Oro y el Trono Vac\u00edo<\/p>\n<p>\nLos Aspirantes al Trono de Oro<\/p>\n<p>\nLa Guardiana, el \u00c1rbol M\u00e1gico y la Bestia<\/p>\n<p>\nLa Coronaci\u00f3n<\/p>\n<p>\nAdem\u00e1s, despu\u00e9s de la gran coronaci\u00f3n, los personajes recorrer\u00e1n el centro comercial en un colorido pasacalles, donde los ni\u00f1os podr\u00e1n saludarlos y tomarse fotos con ellos, llev\u00e1ndose as\u00ed un recuerdo imborrable.<\/p>\n<p> A trav\u00e9s de la aplicaci\u00f3n de El Faro, los visitantes podr\u00e1n participar en din\u00e1micas, reservar cita para los talleres o sellar su pasaporte de asistencia a los espect\u00e1culos y responder preguntas para obtener puntos y premios exclusivos.<\/p>\n<p> Para m\u00e1s informaci\u00f3n con toda la agenda de eventos: https:\/\/ccelfaro.com\/<\/p>\n<p>\nSobre El Faro<\/p>\n<p>\nInaugurado en 2012, El Faro es el principal centro comercial de referencia en Badajoz. Propiedad de Castellana Properties y gestionado por Cushman &amp; Wakefield, en sus m\u00e1s de 66.000 m* de superficie comercial el centro re\u00fane una amplia y variada oferta de moda, restauraci\u00f3n, ocio y servicios, con m\u00e1s de 100 establecimientos, incluyendo marcas nacionales e internacionales de primer nivel. En total, el centro comercial genera un total de m\u00e1s de 1.200 puestos de trabajo directos, y acoge m\u00e1s de 8M de visitas al a\u00f1o. Ubicado junto a la A-5 y a pocos minutos del centro de Badajoz, El Faro es un espacio din\u00e1mico, moderno y accesible, que apuesta por la innovaci\u00f3n, la sostenibilidad y la experiencia del visitante. Adem\u00e1s, acoge numerosas actividades culturales, sociales y de entretenimiento a lo largo del a\u00f1o, reforzando su papel como punto de encuentro para familias, j\u00f3venes y visitantes de ambos lados de la frontera.<\/p>\n<p> Contacto prensa:<\/p>\n<p>\nAGENCIA DE COMUNICACI\u00d3N DE EL FARO:<\/p>\n<p>\nEuropa Press Comunicaci\u00f3n<\/p>\n<p>\nLeopoldo Eduardo Alonso Llofriu (95 492 49 00)<\/p>\n<p>\nleopoldoalonso@europapress.es<\/p>\n<p>\nSandra Delgado (91 359 26 00)<\/p>\n<p>\nsandradelgado@europapress.es<\/p>\n<p>\nVirginia Garc\u00eda (91 359 26 00)<\/p>\n<p>\nvirginiagarcia@europapress.es<\/p>\n","protected":false},"excerpt":{"rendered":"<p>(Informaci\u00f3n remitida por la empresa firmante) Badajoz, 7 de mayo de 2025.- El centro comercial El Faro se convertir\u00e1 durante tres semanas a partir de este jueves 8 de mayo en un escenario de fantas\u00eda en que los visitantes podr\u00e1n disfrutar de espect\u00e1culos sorprendentes, una exposici\u00f3n \u00fanica y actividades interactivas que les har\u00e1n vivir una [&hellip;]<\/p>\n","protected":false},"author":1,"featured_media":0,"comment_status":"closed","ping_status":"closed","sticky":false,"template":"","format":"standard","meta":{"footnotes":""},"categories":[2],"tags":[],"class_list":["post-61321","post","type-post","status-publish","format-standard","hentry","category-noticias"],"_links":{"self":[{"href":"https:\/\/webciudadana.net\/index.php?rest_route=\/wp\/v2\/posts\/61321","targetHints":{"allow":["GET"]}}],"collection":[{"href":"https:\/\/webciudadana.net\/index.php?rest_route=\/wp\/v2\/posts"}],"about":[{"href":"https:\/\/webciudadana.net\/index.php?rest_route=\/wp\/v2\/types\/post"}],"author":[{"embeddable":true,"href":"https:\/\/webciudadana.net\/index.php?rest_route=\/wp\/v2\/users\/1"}],"replies":[{"embeddable":true,"href":"https:\/\/webciudadana.net\/index.php?rest_route=%2Fwp%2Fv2%2Fcomments&post=61321"}],"version-history":[{"count":0,"href":"https:\/\/webciudadana.net\/index.php?rest_route=\/wp\/v2\/posts\/61321\/revisions"}],"wp:attachment":[{"href":"https:\/\/webciudadana.net\/index.php?rest_route=%2Fwp%2Fv2%2Fmedia&parent=61321"}],"wp:term":[{"taxonomy":"category","embeddable":true,"href":"https:\/\/webciudadana.net\/index.php?rest_route=%2Fwp%2Fv2%2Fcategories&post=61321"},{"taxonomy":"post_tag","embeddable":true,"href":"https:\/\/webciudadana.net\/index.php?rest_route=%2Fwp%2Fv2%2Ftags&post=61321"}],"curies":[{"name":"wp","href":"https:\/\/api.w.org\/{rel}","templated":true}]}}