{"id":61333,"date":"2025-05-07T15:55:24","date_gmt":"2025-05-07T13:55:24","guid":{"rendered":"https:\/\/ticker-noticiasep.microcontenidos.com\/NoticiaRSS.vbhtml?user=FRND562DLP&amp;cod=20250507155524"},"modified":"2025-05-07T15:55:24","modified_gmt":"2025-05-07T13:55:24","slug":"salud-la-feria-de-sevilla-2025-mas-cardioprotegida-que-nunca","status":"publish","type":"post","link":"https:\/\/webciudadana.net\/?p=61333","title":{"rendered":"Salud: La Feria de Sevilla 2025, m\u00e1s cardioprotegida que nunca"},"content":{"rendered":"\n<div><img decoding=\"async\" src=\"https:\/\/img.europapress.es\/fotoweb\/fotonoticia_20250507155524_300.jpg\" class=\"ff-og-image-inserted\"><\/div>\n<p>(Informaci\u00f3n remitida por la empresa firmante)<\/p>\n<p>\nMadrid, 7 de mayo<\/p>\n<p>\nEl Real de la Feria se prepara para recibir a millones de visitantes en uno de los eventos m\u00e1s esperados del a\u00f1o, y lo har\u00e1 con una importante novedad en materia de salud p\u00fablica: un refuerzo sin precedentes de la cardioprotecci\u00f3n del recinto gracias a la instalaci\u00f3n de 30 desfibriladores externos semiautom\u00e1ticos (DESA). Los equipos han sido cedidos gratuitamente por Almas Industries, empresa especializada en tecnolog\u00eda sanitaria y seguridad, y estar\u00e1n operativos del 6 al 11 de mayo<\/p>\n<p>\nEsta medida se enmarca en la apuesta del Ayuntamiento de Sevilla y Protecci\u00f3n Civil por mejorar la seguridad en grandes concentraciones de personas. La r\u00e1pida actuaci\u00f3n en caso de parada cardiorrespiratoria es clave para salvar vidas, y disponer de desfibriladores en lugares estrat\u00e9gicos del recinto puede marcar la diferencia entre la vida y la muerte.<\/p>\n<p> Los dispositivos estar\u00e1n distribuidos en casetas municipales, retenes de bomberos, puestos de polic\u00eda local y Protecci\u00f3n Civil, adem\u00e1s de otras zonas de gran tr\u00e1nsito. Todos ellos estar\u00e1n claramente se\u00f1alizados para facilitar su localizaci\u00f3n en caso de emergencia. Adem\u00e1s, el personal de estos puntos ha recibido formaci\u00f3n espec\u00edfica para su uso.<\/p>\n<p> \u00abLa cardioprotecci\u00f3n de eventos como la Feria de Abril no es solo una medida preventiva, es una inversi\u00f3n en seguridad y tranquilidad para los asistentes\u00bb, explica Francisco M. P\u00e9rez Costa Jefe de Proteccci\u00f3n Civil. \u00abCada minuto cuenta en una parada card\u00edaca, y tener un DESA cerca puede marcar la diferencia\u00bb atribuye.<\/p>\n<p> Esta actuaci\u00f3n forma parte del Proyecto +Vida, el programa de responsabilidad social de Almas Industries, que promueve la prevenci\u00f3n de la muerte s\u00fabita por parada card\u00edaca a trav\u00e9s de la formaci\u00f3n, la divulgaci\u00f3n y la cardioprotecci\u00f3n de espacios p\u00fablicos y privados. Desde su creaci\u00f3n, el proyecto ha protegido con \u00e9xito numerosos eventos deportivos, culturales y festivos en toda Espa\u00f1a.<\/p>\n<p> Proyecto+Vida<\/p>\n<p>\n*Proyecto de RSC de ALMAS INDUSTRIES creado para fomentar el cuidado del coraz\u00f3n y una cardioprotecci\u00f3n eficaz, as\u00ed como enfocar la tecnolog\u00eda al servicio de la seguridad y la prevenci\u00f3n en el cuidado de las personas, para una sociedad m\u00e1s segura.<\/p>\n<p> Sus acciones: sensibilizaci\u00f3n sobre la cardioprotecci\u00f3n, fomento de h\u00e1bitos de vida saludables, formaci\u00f3n de conocimientos b\u00e1sicos en RCP\/SVB, cardioprotecci\u00f3n de eventos, donaci\u00f3n de desfibriladores, donaci\u00f3n de sistemas de seguridad para prevenci\u00f3n, organizaci\u00f3n de eventos y talleres.<\/p>\n<p> Contacto<\/p>\n<p>\nNombre contacto: Mar\u00eda Guijarro<\/p>\n<p>\nDescripci\u00f3n contacto: GPS Imagen y Comunicaci\u00f3n SL<\/p>\n<p>\nTel\u00e9fono de contacto: 622836702<\/p>\n","protected":false},"excerpt":{"rendered":"<p>(Informaci\u00f3n remitida por la empresa firmante) Madrid, 7 de mayo El Real de la Feria se prepara para recibir a millones de visitantes en uno de los eventos m\u00e1s esperados del a\u00f1o, y lo har\u00e1 con una importante novedad en materia de salud p\u00fablica: un refuerzo sin precedentes de la cardioprotecci\u00f3n del recinto gracias a [&hellip;]<\/p>\n","protected":false},"author":1,"featured_media":0,"comment_status":"closed","ping_status":"closed","sticky":false,"template":"","format":"standard","meta":{"footnotes":""},"categories":[2],"tags":[],"class_list":["post-61333","post","type-post","status-publish","format-standard","hentry","category-noticias"],"_links":{"self":[{"href":"https:\/\/webciudadana.net\/index.php?rest_route=\/wp\/v2\/posts\/61333","targetHints":{"allow":["GET"]}}],"collection":[{"href":"https:\/\/webciudadana.net\/index.php?rest_route=\/wp\/v2\/posts"}],"about":[{"href":"https:\/\/webciudadana.net\/index.php?rest_route=\/wp\/v2\/types\/post"}],"author":[{"embeddable":true,"href":"https:\/\/webciudadana.net\/index.php?rest_route=\/wp\/v2\/users\/1"}],"replies":[{"embeddable":true,"href":"https:\/\/webciudadana.net\/index.php?rest_route=%2Fwp%2Fv2%2Fcomments&post=61333"}],"version-history":[{"count":0,"href":"https:\/\/webciudadana.net\/index.php?rest_route=\/wp\/v2\/posts\/61333\/revisions"}],"wp:attachment":[{"href":"https:\/\/webciudadana.net\/index.php?rest_route=%2Fwp%2Fv2%2Fmedia&parent=61333"}],"wp:term":[{"taxonomy":"category","embeddable":true,"href":"https:\/\/webciudadana.net\/index.php?rest_route=%2Fwp%2Fv2%2Fcategories&post=61333"},{"taxonomy":"post_tag","embeddable":true,"href":"https:\/\/webciudadana.net\/index.php?rest_route=%2Fwp%2Fv2%2Ftags&post=61333"}],"curies":[{"name":"wp","href":"https:\/\/api.w.org\/{rel}","templated":true}]}}