{"id":61811,"date":"2025-05-30T16:10:33","date_gmt":"2025-05-30T14:10:33","guid":{"rendered":"https:\/\/ticker-noticiasep.microcontenidos.com\/NoticiaRSS.vbhtml?user=FRND562DLP&amp;cod=20250530161033"},"modified":"2025-05-30T16:10:33","modified_gmt":"2025-05-30T14:10:33","slug":"salud-la-consejera-de-salud-de-andalucia-apela-a-la-esencialidad-de-las-enfermeras-en-el-congreso-de-asanec","status":"publish","type":"post","link":"https:\/\/webciudadana.net\/?p=61811","title":{"rendered":"Salud: La consejera de Salud de Andaluc\u00eda apela a la esencialidad de las enfermeras en el congreso de ASANEC"},"content":{"rendered":"\n<div><img decoding=\"async\" src=\"https:\/\/img.europapress.es\/fotoweb\/fotonoticia_20250530161033_300.jpg\" class=\"ff-og-image-inserted\"><\/div>\n<p>(Informaci\u00f3n remitida por la empresa firmante)<\/p>\n<p>\nC\u00e1diz, 20 de mayo de 2025.-<\/p>\n<p>\nJa\u00e9n ha sido la ciudad elegida para el Congreso Internacional de ASANEC del pr\u00f3ximo a\u00f1o<\/p>\n<p>\nEste a\u00f1o se han presentado 391 trabajos al jurado experto reconociendo cinco mejores Comunicaciones presentadas en el congreso, dos ayudas de investigaci\u00f3n y han reconocido tres t\u00edtulos de fotograf\u00eda<\/p>\n<p>\nLa consejera de Salud y Consumo de la Junta de Andaluc\u00eda, Roc\u00edo Hern\u00e1ndez, ha clausurado la XVI edici\u00f3n del Congreso Internacional de ASANEC \u2018Enfermera de familia y Comunitaria, cuidados a lo largo de la vida\u2019 que ha tenido lugar en C\u00e1diz los d\u00edas 28,29 y 30 de mayo.<\/p>\n<p>\nLa consejera de Salud de la Junta de Andaluc\u00eda, Roc\u00edo Hern\u00e1ndez,* ha estado acompa\u00f1ada en la mesa de clausura por M\u00aa Dolores Ru\u00edz, presidenta de la Asociaci\u00f3n Andaluza de Enfermer\u00eda Familiar y Comunitaria (ASANEC), Gloria Baz\u00e1n, delegada de Salud de Ayuntamiento de C\u00e1diz, Aroa Vaello, vicepresidenta del Colegio Oficial de Enfermer\u00eda de C\u00e1diz, Ana de Irigoyen, presidenta del Comit\u00e9 Organizador XVI Congreso Internacional de ASANEC y Jos\u00e9 Miguel Guzm\u00e1n, presidente del comit\u00e9 cient\u00edfico XVI del Congreso Internacional de ASANEC.<\/p>\n<p>\nRoc\u00edo Hern\u00e1ndez ha querido bajar al patio de butacas en la clausura del XVI Congreso Internacional de ASANEC para tener un mayor contacto y unas palabras motivadoras con los m\u00e1s de 600 asistentes. \u201cNos acompa\u00f1\u00e1is antes de nacer hasta los \u00faltimos d\u00edas de vida con un trato exquisito y humanidad que va m\u00e1s all\u00e1 de la vocaci\u00f3n que pod\u00e1is sentir\u201d, ha resaltado la consejera.<\/p>\n<p>\nAdem\u00e1s, Hern\u00e1ndez ha apelado a este sentimiento en los momentos de agotamiento de los profesionales y ha reconocido su figura en la atenci\u00f3n primaria reconoci\u00e9ndoles que son esenciales \u201cporque sois los que sosten\u00e9is el sistema y vosotros hac\u00e9is que sea sostenible\u201d.<\/p>\n<p>\nDesde la consejer\u00eda de Salud y Consumo de la Junta de Andaluc\u00eda les resulta evidente mantener e impulsar todo el trabajo que se ha desarrollado hasta el momento en Enfermer\u00eda. Al igual que hacen desde el colectivo EFyC, desde la cartera de salud van a trabajar para \u201cgestionar la cronicidad, anticiparnos a ella, promover la salud y la enfermedad con diagn\u00f3stico precoces\u201d. En esta clausura la consejera de Salud ha ratificado el ir de la mano, acompa\u00f1ar y apoyar a los profesionales de la atenci\u00f3n primaria.<\/p>\n<p>\nJa\u00e9n elegida para el XVII Congreso Internacional<\/p>\n<p>\nMar\u00eda Dolores Ruiz, presidenta de ASANEC, ha querido agradecer a la consejera su sensibilidad hacia las profesionales y su presencia en el cierre del decimosexto congreso internacional que promueve la asociaci\u00f3n.<\/p>\n<p>\nRu\u00edz ha calificado de \u201chito\u201d esta edici\u00f3n donde se muestra la consolidaci\u00f3n de este evento que combina la parte cient\u00edfica con la experimental y que este a\u00f1o ha contado con una veintena de<\/p>\n<p>\ntalleres. Por otro lado, la presidenta de ASANEC ha emplazado a todos los asistentes a acudir el pr\u00f3ximo a\u00f1o a la ciudad de Ja\u00e9n donde tendr\u00e1 lugar el XVII Congreso Internacional de la asociaci\u00f3n.<\/p>\n<p>\nEntrega de premios<\/p>\n<p>\nDurante la jornada se ha procedido a la entrega de Premios de Ayuda a la Investigaci\u00f3n ASANEC 2025, los premios del II Certamen Fotogr\u00e1fico ASANEC 2025 y los galardones a las Mejores Comunicaciones de esta decimosexta edici\u00f3n. En el XVI Congreso Internacional de ASANEC se han presentado un total de 391 trabajos al jurado experto y se han reconocido a los tres mejores trabajos cient\u00edficos.<\/p>\n<p>\nEl premio a la Mejor Comunicaci\u00f3n en formato P\u00f3ster patrocinado por el Colegio Oficial de Enfermer\u00eda de C\u00e1diz ha sido el Centro de Salud de Osuna en Sevilla cuyos autores son Ana Isabel Pliego, Mar\u00eda Patrocinio, Ana Herrera, M\u00aa Jos\u00e9 Bejarano, F\u00e1tima Campos y Maravillas Matas que han presentado \u201cEscape Room: La f\u00f3rmula secreta de la salud\u201d<\/p>\n<p>\nEl primer premio a Mejor Comunicaci\u00f3n Oral, patrocinado por CAE, ha reca\u00eddo en Marta Vega-Leal, Guillermo Molina, Manuel Romero, Fernando Le\u00f3n, Jos\u00e9 Manuel Palomares y Rafael Molina con el t\u00edtulo \u2018Eficacia del mantel inteligente Smartcloth para el automanejo de la dieta en personas con diabetes\u2019. La segunda Comunicaci\u00f3n Oral premiada ha sido \u2018Redes sociales y riesgo de trastornos alimentarios en estudiantes de la Universidad de Sevilla\u201d presentado por Noelia Lozano, \u00c1lvaro Borrallo y M\u00aa Dolores Guerra. El \u00faltimo premio a Mejor Comunicaci\u00f3n Oral lleva por titulo \u201cCreencias sobre el vapeo en adolescentes: un enfoque fenomenol\u00f3gico\u201d de Beatriz L\u00f3pez y Alba M\u00aa Romero.*<\/p>\n<p>\nAdem\u00e1s, se han entregado tres premios de fotograf\u00eda en esta edici\u00f3n; el primero de ellos para Miguel Nieto con el t\u00edtulo \u201cSoledad\u201d. El segundo premio de fotograf\u00eda ha sido para Miguel \u00c1ngel Lora con \u201cInquietudes\u201d y el tercero ha premiado a Agustina Orozco con \u201cGlobo, Risas y Salud, la enfermera que activa corazones\u201d. El Premio Trabajo Fin de Residencia ASANEC ha reca\u00eddo en Amalia Dolores con el t\u00edtulo \u2018Impacto de una Intervenci\u00f3n Comunitaria en pacientes fr\u00e1giles de atenci\u00f3n primaria, basada en la escala Edmonton\u2019. La beca de esta edici\u00f3n ha premiado el t\u00edtulo \u2018Salud biopsicosocial en madres y padres de menores con Trastorno del Espectro Autista de Almer\u00eda\u2019<\/p>\n<p>\nSobre Asanec<\/p>\n<p>\nAsanec es la Asociaci\u00f3n Andaluza de Enfermer\u00eda Familiar y Comunitaria formada por enfermeras y enfermeros de toda la geograf\u00eda andaluza que, sin \u00e1nimo de lucro, trabajan por y para el desarrollo de la profesi\u00f3n.*<\/p>\n<p>\nAsanec, como sociedad cient\u00edfica, persigue la mejora de la calidad asistencial en el \u00e1mbito comunitario desde la defensa de la sanidad p\u00fablica, influyendo y dialogando con las Administraciones. Entre sus fines se encuentra brindar formaci\u00f3n e investigaci\u00f3n en la pr\u00e1ctica de la enfermer\u00eda para ofrecer cuidados de calidad a la comunidad, as\u00ed como colaborar con otras sociedades cient\u00edficas y asociaciones para el mejor desarrollo de la profesi\u00f3n.<\/p>\n<p>\nContacto de Prensa:<\/p>\n<p>\nLeopoldo Eduardo Alonso Llofriu<\/p>\n<p>\n95 492 49 00<\/p>\n<p>\nleopoldoalonso@europapress.es<\/p>\n<p>\nSandra Delgado<\/p>\n<p>\n91 359 26 00<\/p>\n<p>\nsandradelgado@europapress.es<\/p>\n","protected":false},"excerpt":{"rendered":"<p>(Informaci\u00f3n remitida por la empresa firmante) C\u00e1diz, 20 de mayo de 2025.- Ja\u00e9n ha sido la ciudad elegida para el Congreso Internacional de ASANEC del pr\u00f3ximo a\u00f1o Este a\u00f1o se han presentado 391 trabajos al jurado experto reconociendo cinco mejores Comunicaciones presentadas en el congreso, dos ayudas de investigaci\u00f3n y han reconocido tres t\u00edtulos de [&hellip;]<\/p>\n","protected":false},"author":1,"featured_media":0,"comment_status":"closed","ping_status":"closed","sticky":false,"template":"","format":"standard","meta":{"footnotes":""},"categories":[2],"tags":[],"class_list":["post-61811","post","type-post","status-publish","format-standard","hentry","category-noticias"],"_links":{"self":[{"href":"https:\/\/webciudadana.net\/index.php?rest_route=\/wp\/v2\/posts\/61811","targetHints":{"allow":["GET"]}}],"collection":[{"href":"https:\/\/webciudadana.net\/index.php?rest_route=\/wp\/v2\/posts"}],"about":[{"href":"https:\/\/webciudadana.net\/index.php?rest_route=\/wp\/v2\/types\/post"}],"author":[{"embeddable":true,"href":"https:\/\/webciudadana.net\/index.php?rest_route=\/wp\/v2\/users\/1"}],"replies":[{"embeddable":true,"href":"https:\/\/webciudadana.net\/index.php?rest_route=%2Fwp%2Fv2%2Fcomments&post=61811"}],"version-history":[{"count":0,"href":"https:\/\/webciudadana.net\/index.php?rest_route=\/wp\/v2\/posts\/61811\/revisions"}],"wp:attachment":[{"href":"https:\/\/webciudadana.net\/index.php?rest_route=%2Fwp%2Fv2%2Fmedia&parent=61811"}],"wp:term":[{"taxonomy":"category","embeddable":true,"href":"https:\/\/webciudadana.net\/index.php?rest_route=%2Fwp%2Fv2%2Fcategories&post=61811"},{"taxonomy":"post_tag","embeddable":true,"href":"https:\/\/webciudadana.net\/index.php?rest_route=%2Fwp%2Fv2%2Ftags&post=61811"}],"curies":[{"name":"wp","href":"https:\/\/api.w.org\/{rel}","templated":true}]}}