{"id":62434,"date":"2025-07-03T17:24:21","date_gmt":"2025-07-03T15:24:21","guid":{"rendered":"https:\/\/ticker-noticiasep.microcontenidos.com\/NoticiaRSS.vbhtml?user=FRND562DLP&amp;cod=20250703172421"},"modified":"2025-07-03T17:24:21","modified_gmt":"2025-07-03T15:24:21","slug":"sociedad-ceoma-firma-un-convenio-con-la-conselleria-de-salud-de-baleares-para-promover-un-envejecimiento-saludable","status":"publish","type":"post","link":"https:\/\/webciudadana.net\/?p=62434","title":{"rendered":"Sociedad: CEOMA firma un convenio con la Conselleria de Salud de Baleares para promover un envejecimiento saludable"},"content":{"rendered":"\n<div><img decoding=\"async\" src=\"https:\/\/img.europapress.es\/fotoweb\/fotonoticia_20250703172421_300.jpg\" class=\"ff-og-image-inserted\"><\/div>\n<p>(Informaci\u00f3n remitida por la empresa firmante)<\/p>\n<p>\nCon este acuerdo, ya son cinco las comunidades aut\u00f3nomas que se suman al movimiento &#8216;A la vejez, vitales&#8217;, impulsado por la organizaci\u00f3n de mayores.<\/p>\n<p> Madrid, 3 de julio de 2025.- La Confederaci\u00f3n Espa\u00f1ola de Organizaciones de Mayores (CEOMA) y la Conselleria de Salud del Gobierno de las Islas Baleares han firmado un convenio de colaboraci\u00f3n para impulsar campa\u00f1as conjuntas de promoci\u00f3n de un envejecimiento activo y saludable en las personas mayores y prevenir as\u00ed algunas enfermedades.<\/p>\n<p> Este acuerdo se enmarca en la iniciativa &#8216;A la vejez, vitales&#8217;, un proyecto impulsado por CEOMA que tiene como objetivo colaborar con las instituciones para sensibilizar e informar a las personas mayores de c\u00f3mo vivir el envejecimiento de manera activa, de la necesidad de seguir un estilo de vida saludable, de reivindicar los derechos del colectivo y de participar en el dise\u00f1o de las pol\u00edticas p\u00fablicas sanitarias.<\/p>\n<p> La firma del convenio marco, que ha tenido lugar en el Hospital Universitario Son Ll\u00e0tzer de Palma, ha ido a cargo del presidente de CEOMA, Jos\u00e9 Luis Fern\u00e1ndez Santillana, y de la consellera de Salud, Manuela Garc\u00eda. Al acto tambi\u00e9n han asistido el subdirector de Humanizaci\u00f3n, Atenci\u00f3n al Usuario y Formaci\u00f3n del Servicio de Salud, Gabriel Rojo; la portavoz del movimiento &#8216;A la vejez, vitales&#8217;, Sabina Camacho, el coordinador de Sanidad de la Direcci\u00f3n General de Salud P\u00fablica, Alberto Anguera, y uno de los miembros de CEOMA en las Baleares, Marino de la Rocha.<\/p>\n<p> El acuerdo contempla la promoci\u00f3n de los programas de vacunaci\u00f3n entre las personas mayores como una herramienta fundamental para la prevenci\u00f3n de enfermedades. En este sentido, el calendario com\u00fan de vacunaci\u00f3n ha aumentado en los \u00faltimos a\u00f1os el n\u00famero de vacunas recomendadas para la tercera a edad, incluyendo en la actualidad las de la COVID, la gripe, el neumococo y el herpes z\u00f3ster.<\/p>\n<p> Promover el bienestar psicol\u00f3gico.<\/p>\n<p> Asimismo, se impulsar\u00e1n programas de prevenci\u00f3n en salud mental dirigidos al colectivo con el objetivo de fomentar el bienestar psicol\u00f3gico, prevenir el deterioro cognitivo y apostar por una mejor calidad de vida. Para ello, se podr\u00e1n implantar acciones como talleres psicoeducativos, estrategias de detecci\u00f3n temprana, acompa\u00f1amiento emocional y actividades de integraci\u00f3n social, garantizando un enfoque inclusivo, accesible y basado en la evidencia.<\/p>\n<p> Las Islas Baleares son la quinta comunidad aut\u00f3noma que se suma a este movimiento, tras los acuerdos con Murcia, La Rioja, Andaluc\u00eda y Galicia. Est\u00e1 previsto que, pr\u00f3ximamente, la Comunidad de Madrid y Extremadura suscriban tambi\u00e9n el acuerdo. &#8216;A la Vejez, Vitales&#8217;, que representa a 6,5 millones de personas en Espa\u00f1a, est\u00e1 formado por m\u00e1s de 30 colectivos de jubilados y pensionistas, sociedades cient\u00edficas, y profesionales y medios de comunicaci\u00f3n<\/p>\n<p>\nConfederaci\u00f3n Espa\u00f1ola de Organizaciones de Mayores.<\/p>\n<p> CEOMA es una entidad sin \u00e1nimo de lucro creada para la defensa de los derechos de las personas mayores. Representa a 26 organizaciones de mayores de las distintas Comunidades Aut\u00f3nomas, con m\u00e1s de 800.000 socios de base y m\u00e1s de 1.500 Asociaciones.<\/p>\n<p> M\u00e1s informaci\u00f3n:.<\/p>\n<p>\nwww.CEOMA.org.<\/p>\n<p>\nCelia Moreno Garrido.<\/p>\n<p>\nDirectora Gerente.<\/p>\n<p>\nceliamoreno@ceoma.org.<\/p>\n<p>\nTel.: 91 557 25 56.<\/p>\n<p>\n\u00c0gata Sala.<\/p>\n<p>\nEuropa Press Comunicaci\u00f3n.<\/p>\n<p>\nagatasala@europapress.es.<\/p>\n<p>\n600 90 55 38.<\/p>\n","protected":false},"excerpt":{"rendered":"<p>(Informaci\u00f3n remitida por la empresa firmante) Con este acuerdo, ya son cinco las comunidades aut\u00f3nomas que se suman al movimiento &#8216;A la vejez, vitales&#8217;, impulsado por la organizaci\u00f3n de mayores. Madrid, 3 de julio de 2025.- La Confederaci\u00f3n Espa\u00f1ola de Organizaciones de Mayores (CEOMA) y la Conselleria de Salud del Gobierno de las Islas Baleares [&hellip;]<\/p>\n","protected":false},"author":1,"featured_media":0,"comment_status":"closed","ping_status":"closed","sticky":false,"template":"","format":"standard","meta":{"footnotes":""},"categories":[2],"tags":[],"class_list":["post-62434","post","type-post","status-publish","format-standard","hentry","category-noticias"],"_links":{"self":[{"href":"https:\/\/webciudadana.net\/index.php?rest_route=\/wp\/v2\/posts\/62434","targetHints":{"allow":["GET"]}}],"collection":[{"href":"https:\/\/webciudadana.net\/index.php?rest_route=\/wp\/v2\/posts"}],"about":[{"href":"https:\/\/webciudadana.net\/index.php?rest_route=\/wp\/v2\/types\/post"}],"author":[{"embeddable":true,"href":"https:\/\/webciudadana.net\/index.php?rest_route=\/wp\/v2\/users\/1"}],"replies":[{"embeddable":true,"href":"https:\/\/webciudadana.net\/index.php?rest_route=%2Fwp%2Fv2%2Fcomments&post=62434"}],"version-history":[{"count":0,"href":"https:\/\/webciudadana.net\/index.php?rest_route=\/wp\/v2\/posts\/62434\/revisions"}],"wp:attachment":[{"href":"https:\/\/webciudadana.net\/index.php?rest_route=%2Fwp%2Fv2%2Fmedia&parent=62434"}],"wp:term":[{"taxonomy":"category","embeddable":true,"href":"https:\/\/webciudadana.net\/index.php?rest_route=%2Fwp%2Fv2%2Fcategories&post=62434"},{"taxonomy":"post_tag","embeddable":true,"href":"https:\/\/webciudadana.net\/index.php?rest_route=%2Fwp%2Fv2%2Ftags&post=62434"}],"curies":[{"name":"wp","href":"https:\/\/api.w.org\/{rel}","templated":true}]}}