{"id":62439,"date":"2025-07-04T09:00:47","date_gmt":"2025-07-04T07:00:47","guid":{"rendered":"https:\/\/ticker-noticiasep.microcontenidos.com\/NoticiaRSS.vbhtml?user=FRND562DLP&amp;cod=20250704090047"},"modified":"2025-07-04T09:00:47","modified_gmt":"2025-07-04T07:00:47","slug":"mundo-oportunidad-por-tiempo-limitado-metz-tv-encendera-el-amazon-prime-day-en-espana-con-ofertas-exclusivas","status":"publish","type":"post","link":"https:\/\/webciudadana.net\/?p=62439","title":{"rendered":"Mundo: Oportunidad por tiempo limitado: METZ TV encender\u00e1 el Amazon Prime Day en Espa\u00f1a con ofertas exclusivas"},"content":{"rendered":"\n<div><img decoding=\"async\" src=\"https:\/\/img.europapress.es\/fotoweb\/fotonoticia_20250704090047_300.jpg\" class=\"ff-og-image-inserted\"><\/div>\n<p>(Informaci\u00f3n remitida por la empresa firmante)<\/p>\n<p>\nLa marca de televisores de alta gama METZ presentar\u00e1 interesantes ofertas durante el Amazon Prime Day 2025 de Espa\u00f1a. Del 8 al 11 de julio, los consumidores disfrutar\u00e1n de descuentos en tres de los modelos m\u00e1s demandados de METZ, dise\u00f1ados para la vida moderna y el entretenimiento en movimiento.<\/p>\n<p> MADRID, 4 de julio de 2025\/PRNewswire\/ &#8212; El Amazon Prime Day es uno de los eventos anuales de compras m\u00e1s importantes del mundo, que ofrece a los miembros Prime acceso exclusivo a importantes ofertas en una amplia gama de productos. METZ se enorgullece de participar en el Prime Day de este a\u00f1o a trav\u00e9s de su tienda oficial de Amazon Espa\u00f1a, ofreciendo a los clientes la oportunidad de renovar su sistema de entretenimiento en casa o disfrutar de entretenimiento port\u00e1til a precios inmejorables.<\/p>\n<p> La promoci\u00f3n contar\u00e1 con tres modelos destacados que combinan comodidad, funciones inteligentes y un rendimiento impresionante.<\/p>\n<p>\nEl 32MTE7000Z demuestra que un sonido potente tambi\u00e9n puede llegar en un tama\u00f1o compacto. Con tan solo 3 kg de peso, este televisor port\u00e1til para m\u00fasica es f\u00e1cil de transportar y ofrece una experiencia de sonido rica y potente gracias al sistema DBX-TV, los altavoces frontales y Dolby Audio, ideal para uso en casa y en exteriores.<\/p>\n<p>\nEl 32MQE7100Z es ideal para quienes valoran el estilo y la funcionalidad. Su dise\u00f1o ligero, asa integrada y conexi\u00f3n a bater\u00eda externa facilitan su uso en cualquier lugar. La pantalla QLED+, Google TV, HDR10 y el Asistente de Google garantizan una experiencia de entretenimiento inteligente, mientras que la tecnolog\u00eda Eye Care reduce eficazmente la fatiga visual.<\/p>\n<p>\nEl 24MPE7000Y inal\u00e1mbrico cuenta con una bater\u00eda integrada de 3 horas y carga inteligente mediante adaptador y para coche. Ofrece un audio frontal n\u00edtido, una pantalla antirreflejos, baja luz azul y tecnolog\u00eda sin parpadeos para una visualizaci\u00f3n c\u00f3moda y duradera.<\/p>\n<p> Precios especiales del Prime Day<\/p>\n<p>\n32MTE7000Z \u2014 Precio original: 179,99 \u20ac. Ahora disponible por 132,99 \u20ac (26 % de descuento).<\/p>\n<p> 32MQE7100Z \u2014 Precio original: 249,99 \u20ac. Ahora disponible por 189,99 \u20ac (24 % de descuento).<\/p>\n<p> 24MPE7000Y \u2014 Precio original: 399,99 \u20ac. Disponible ahora por 279,00 \u20ac (30 % de descuento).<\/p>\n<p> Explore m\u00e1s en:<\/p>\n<p>\nhttps:\/\/bit.ly\/3HZsFnJ<\/p>\n<p>\nhttps:\/\/bit.ly\/45HBmwG<\/p>\n<p>\nhttps:\/\/bit.ly\/3I53lN6<\/p>\n<p>\nDel 8 al 11 de julio, aproveche esta oportunidad por tiempo limitado para disfrutar de calidad superior, tecnolog\u00eda de vanguardia y un dise\u00f1o elegante, todo a un precio inigualable. Mejore su experiencia de entretenimiento en casa con METZ.<\/p>\n<p> Fundada en 1938, METZ es una distinguida empresa alemana de electrodom\u00e9sticos, conocida por sus m\u00e1s de 87 a\u00f1os de excepcional ingenier\u00eda alemana. Comprometida con la innovaci\u00f3n y la tecnolog\u00eda moderna, METZ ofrece actualmente dos submarcas: Metz Classic y METZ blue (la marca METZ mencionada anteriormente). Lanzada en 2018, METZ blue se cre\u00f3 para cubrir las diversas necesidades de estilo de vida de las generaciones m\u00e1s j\u00f3venes y, desde entonces, se ha convertido en una marca de televisores de confianza en 24 pa\u00edses europeos.<\/p>\n<p> Foto &#8211; https:\/\/mma.prnewswire.com\/media\/2723517\/1.jpg<\/p>\n<p> View original content:https:\/\/www.prnewswire.com\/es\/comunicados-de-prensa\/oportunidad-por-tiempo-limitado-metz-tv-encendera-el-amazon-prime-day-en-espana-con-ofertas-exclusivas-302497381.html<\/p>\n","protected":false},"excerpt":{"rendered":"<p>(Informaci\u00f3n remitida por la empresa firmante) La marca de televisores de alta gama METZ presentar\u00e1 interesantes ofertas durante el Amazon Prime Day 2025 de Espa\u00f1a. Del 8 al 11 de julio, los consumidores disfrutar\u00e1n de descuentos en tres de los modelos m\u00e1s demandados de METZ, dise\u00f1ados para la vida moderna y el entretenimiento en movimiento. [&hellip;]<\/p>\n","protected":false},"author":1,"featured_media":0,"comment_status":"closed","ping_status":"closed","sticky":false,"template":"","format":"standard","meta":{"footnotes":""},"categories":[2],"tags":[],"class_list":["post-62439","post","type-post","status-publish","format-standard","hentry","category-noticias"],"_links":{"self":[{"href":"https:\/\/webciudadana.net\/index.php?rest_route=\/wp\/v2\/posts\/62439","targetHints":{"allow":["GET"]}}],"collection":[{"href":"https:\/\/webciudadana.net\/index.php?rest_route=\/wp\/v2\/posts"}],"about":[{"href":"https:\/\/webciudadana.net\/index.php?rest_route=\/wp\/v2\/types\/post"}],"author":[{"embeddable":true,"href":"https:\/\/webciudadana.net\/index.php?rest_route=\/wp\/v2\/users\/1"}],"replies":[{"embeddable":true,"href":"https:\/\/webciudadana.net\/index.php?rest_route=%2Fwp%2Fv2%2Fcomments&post=62439"}],"version-history":[{"count":0,"href":"https:\/\/webciudadana.net\/index.php?rest_route=\/wp\/v2\/posts\/62439\/revisions"}],"wp:attachment":[{"href":"https:\/\/webciudadana.net\/index.php?rest_route=%2Fwp%2Fv2%2Fmedia&parent=62439"}],"wp:term":[{"taxonomy":"category","embeddable":true,"href":"https:\/\/webciudadana.net\/index.php?rest_route=%2Fwp%2Fv2%2Fcategories&post=62439"},{"taxonomy":"post_tag","embeddable":true,"href":"https:\/\/webciudadana.net\/index.php?rest_route=%2Fwp%2Fv2%2Ftags&post=62439"}],"curies":[{"name":"wp","href":"https:\/\/api.w.org\/{rel}","templated":true}]}}