{"id":62443,"date":"2025-07-04T10:01:00","date_gmt":"2025-07-04T08:01:00","guid":{"rendered":"https:\/\/ticker-noticiasep.microcontenidos.com\/NoticiaRSS.vbhtml?user=FRND562DLP&amp;cod=20250704100100"},"modified":"2025-07-04T10:01:00","modified_gmt":"2025-07-04T08:01:00","slug":"mundo-colombia-conquista-cannes-lions-oro-plata-y-bronce-en-su-debut-oficial","status":"publish","type":"post","link":"https:\/\/webciudadana.net\/?p=62443","title":{"rendered":"Mundo: Colombia conquista Cannes Lions: Oro, Plata y Bronce en su debut oficial"},"content":{"rendered":"\n<div><img decoding=\"async\" src=\"https:\/\/img.europapress.es\/fotoweb\/fotonoticia_20250704100100_300.jpg\" class=\"ff-og-image-inserted\"><\/div>\n<p>(Informaci\u00f3n remitida por la empresa firmante)<\/p>\n<p>\nMADRID, 4 de julio de 2025 \/PRNewswire\/ &#8212; En un hecho sin precedentes, Colombia brill\u00f3 en la edici\u00f3n 2025 del Festival Internacional de Creatividad Cannes Lions, el evento m\u00e1s importante del mundo en publicidad y comunicaci\u00f3n. Por primera vez, el pa\u00eds particip\u00f3 oficialmente en la competencia y logr\u00f3 un resultado hist\u00f3rico: tres Leones, uno de Oro, uno de Plata y uno de Bronce.<\/p>\n<p> Las campa\u00f1as ganadoras nacen de una narrativa que ya es identidad nacional: &#8216;Colombia, el \u00b4Pa\u00eds de la Belleza\u00b4. Esta visi\u00f3n fue creada por el presidente Gustavo Petro y proyectada al mundo por Carmen Caballero, presidenta de ProColombia, quien lider\u00f3 el desarrollo y despliegue de las iniciativas que hoy marcan un antes y un despu\u00e9s en la forma en que el pa\u00eds se presenta ante el mundo.<\/p>\n<p> El Le\u00f3n de Oro en la categor\u00eda Creative Strategy y el de Bronce en Creative Data fueron otorgados a Humanimal Tourism, una campa\u00f1a que convirti\u00f3 las rutas migratorias de m\u00e1s de 1.200 especies en mensajes personalizados para viajeros en m\u00e1s de 30 pa\u00edses. Con creatividad y tecnolog\u00eda, Colombia se present\u00f3 como un destino biodiverso, emocionalmente conectado y profundamente aut\u00e9ntico.<\/p>\n<p> El Le\u00f3n de Plata, en la categor\u00eda Brand Experience &amp; Activation fue para Pistas de la Belleza Escondida, centrada en la reactivaci\u00f3n de pistas a\u00e9reas en destinos como Bah\u00eda Solano y Tol\u00fa. A trav\u00e9s de coordenadas secretas entregadas a creadores de contenido, esta campa\u00f1a invit\u00f3 a descubrir regiones naturales y culturales que hoy est\u00e1n al alcance del turismo nacional e internacional.<\/p>\n<p> \u00abEn el Gobierno del Cambio definimos esta narrativa &#8216;Colombia, El Pa\u00eds de la Belleza&#8217;, con la cual resaltamos nuestros atractivos naturales, culturales e hist\u00f3ricos, y proyectamos al pa\u00eds internacionalmente. Estas campa\u00f1as son el fruto de un equipo que supo usar las mejores herramientas de promoci\u00f3n y mercadeo\u00bb, afirm\u00f3 Diana Marcela Morales, ministra de Comercio, Industria y Turismo.<\/p>\n<p> El impacto de estas dos campa\u00f1as lo confirma con cifras: m\u00e1s de 300.000 reservas desde 13 nacionalidades, un aumento del 64&nbsp;% en nuevos viajeros, presencia en m\u00e1s de 30 mercados, 535 millones de impresiones y un alcane en presa de m\u00e1s de 96 millones de d\u00f3lares.<\/p>\n<p> \u00abEste reconocimiento trasciende lo publicitario. Es una muestra de que la narrativa de Colombia, el pa\u00eds de la belleza no se qued\u00f3 en el papel: la llevamos del escritorio al territorio, y del territorio al mundo. Hoy mostramos que Colombia tiene una historia que emociona, que inspira y que conquista escenarios globales. Esta es una Colombia que abraza su diversidad, protege su esencia y la transforma en un mensaje potente, aut\u00e9ntico y profundamente bello\u00bb, se\u00f1al\u00f3 Carmen Caballero, presidenta de ProColombia y la arquitecta detr\u00e1s de la narrativa Colombia, el pa\u00eds de la belleza.<\/p>\n<p> Photo &#8211; https:\/\/mma.prnewswire.com\/media\/2723078\/ProColombia.jpg<\/p>\n<p> View original content:https:\/\/www.prnewswire.com\/es\/comunicados-de-prensa\/colombia-conquista-cannes-lions-oro-plata-y-bronce-en-su-debut-oficial-302497291.html<\/p>\n","protected":false},"excerpt":{"rendered":"<p>(Informaci\u00f3n remitida por la empresa firmante) MADRID, 4 de julio de 2025 \/PRNewswire\/ &#8212; En un hecho sin precedentes, Colombia brill\u00f3 en la edici\u00f3n 2025 del Festival Internacional de Creatividad Cannes Lions, el evento m\u00e1s importante del mundo en publicidad y comunicaci\u00f3n. Por primera vez, el pa\u00eds particip\u00f3 oficialmente en la competencia y logr\u00f3 un [&hellip;]<\/p>\n","protected":false},"author":1,"featured_media":0,"comment_status":"closed","ping_status":"closed","sticky":false,"template":"","format":"standard","meta":{"footnotes":""},"categories":[2],"tags":[],"class_list":["post-62443","post","type-post","status-publish","format-standard","hentry","category-noticias"],"_links":{"self":[{"href":"https:\/\/webciudadana.net\/index.php?rest_route=\/wp\/v2\/posts\/62443","targetHints":{"allow":["GET"]}}],"collection":[{"href":"https:\/\/webciudadana.net\/index.php?rest_route=\/wp\/v2\/posts"}],"about":[{"href":"https:\/\/webciudadana.net\/index.php?rest_route=\/wp\/v2\/types\/post"}],"author":[{"embeddable":true,"href":"https:\/\/webciudadana.net\/index.php?rest_route=\/wp\/v2\/users\/1"}],"replies":[{"embeddable":true,"href":"https:\/\/webciudadana.net\/index.php?rest_route=%2Fwp%2Fv2%2Fcomments&post=62443"}],"version-history":[{"count":0,"href":"https:\/\/webciudadana.net\/index.php?rest_route=\/wp\/v2\/posts\/62443\/revisions"}],"wp:attachment":[{"href":"https:\/\/webciudadana.net\/index.php?rest_route=%2Fwp%2Fv2%2Fmedia&parent=62443"}],"wp:term":[{"taxonomy":"category","embeddable":true,"href":"https:\/\/webciudadana.net\/index.php?rest_route=%2Fwp%2Fv2%2Fcategories&post=62443"},{"taxonomy":"post_tag","embeddable":true,"href":"https:\/\/webciudadana.net\/index.php?rest_route=%2Fwp%2Fv2%2Ftags&post=62443"}],"curies":[{"name":"wp","href":"https:\/\/api.w.org\/{rel}","templated":true}]}}