{"id":62706,"date":"2025-07-23T16:02:17","date_gmt":"2025-07-23T14:02:17","guid":{"rendered":"https:\/\/ticker-noticiasep.microcontenidos.com\/NoticiaRSS.vbhtml?user=FRND562DLP&amp;cod=20250723160217"},"modified":"2025-07-23T16:02:17","modified_gmt":"2025-07-23T14:02:17","slug":"sociedad-dos-alumnas-de-uic-barcelona-finalistas-en-el-foro-de-talento-joven-de-la-fundacion-princesa-de-girona","status":"publish","type":"post","link":"https:\/\/webciudadana.net\/?p=62706","title":{"rendered":"Sociedad: Dos alumnas de UIC Barcelona, finalistas en el Foro de Talento Joven de la Fundaci\u00f3n Princesa de Girona"},"content":{"rendered":"\n<div><img decoding=\"async\" src=\"https:\/\/img.europapress.es\/fotoweb\/fotonoticia_20250723160217_300.jpg\" class=\"ff-og-image-inserted\"><\/div>\n<p>(Informaci\u00f3n remitida por la empresa firmante)<\/p>\n<p>\n&#8211; Estel Gubianes y Estel Masip han dise\u00f1ado un biosensor para el diagn\u00f3stico temprano de la esclerosis lateral amiotr\u00f3fica (ELA) que permite detectar biomarcadores espec\u00edficos de la enfermedad a partir de muestras biol\u00f3gicas no invasivas<\/p>\n<p>\n&#8211; En el evento han participado m\u00e1s de 100 j\u00f3venes de 40 empresas, que han presentado proyectos centrados en el prop\u00f3sito social, el desarrollo y el talento, la inteligencia artificial y la sostenibilidad<\/p>\n<p>\n&#8211; Esta iniciativa tiene como objetivo impulsar el desarrollo profesional de estos estudiantes y fortalecer sus habilidades de liderazgo<\/p>\n<p>\nBarcelona, 23 de julio de 2025.- Las estudiantes del grado en Ciencias Biom\u00e9dicas de UIC Barcelona Estel Gubianes y Estel Massip han sido finalistas del Foro de Talento Joven, un evento organizado por la Fundaci\u00f3n Princesa de Girona que ha reunido a m\u00e1s de 100 j\u00f3venes de cerca de 40 empresas.<\/p>\n<p>\nEn el acto, que se ha celebrado en el Aula Magna de UIC Barcelona, los participantes han presentado cerca de medio centenar de proyectos innovadores desarrollados en sus compa\u00f1\u00edas y centrados en cuatro ejes tem\u00e1ticos: prop\u00f3sito social, desarrollo y talento, inteligencia artificial y sostenibilidad. <\/p>\n<p>\nGubianes y Massip, cuyo proyecto ha quedado finalista en la categor\u00eda de \u2018Prop\u00f3sito social\u2019, han dise\u00f1ado un biosensor para el diagn\u00f3stico temprano de la esclerosis lateral amiotr\u00f3fica (ELA), una enfermedad neurodegenerativa que afecta a las neuronas motoras y para la que no existe una prueba diagn\u00f3stica sencilla y efectiva. <\/p>\n<p>\nSeg\u00fan las estudiantes, este biosensor permitir\u00eda detectar biomarcadores espec\u00edficos de la enfermedad a partir de muestras biol\u00f3gicas no invasivas. Basado en la biolog\u00eda sint\u00e9tica, este instrumento facilitar\u00eda un diagn\u00f3stico m\u00e1s precoz, accesible y efectivo, lo que har\u00eda posible el inicio temprano de los tratamientos para una enfermedad que \u201ctiene una esperanza de vida de dos a cuatro a\u00f1os\u201d. Adem\u00e1s, han destacado que est\u00e1n trabajando para integrar el biosensor en una plataforma port\u00e1til para su uso en entornos cl\u00ednicos y de investigaci\u00f3n con el objetivo de mejorar as\u00ed la monitorizaci\u00f3n de los pacientes y el seguimiento de la enfermedad. En la actualidad, el dispositivo se encuentra en fase de dise\u00f1o y validaci\u00f3n. <\/p>\n<p>\nOtro equipo de UIC Barcelona, formado por los estudiantes de tercer curso de biomedicina Luis Sanz y Tom\u00e1s Tomeo, ha participado tambi\u00e9n en el Foro. Los alumnos han presentado un proyecto, denominado NeuroBiome, que consiste en una tecnolog\u00eda para desarrollar cualquier tipo de f\u00e1rmaco dirigido al cerebro que se pueda introducir en el genoma de una bacteria. <\/p>\n<p>\nLos estudiantes han explicado que \u201cmuchos medicamentos tienen un problema a la hora de pasar la barrera hematoencef\u00e1lica y no llegan al cerebro\u201d. Para solventarlo, han ideado una plataforma que permite \u201ccoger las bacterias del bioma nasal de cada paciente, modificarlas gen\u00e9ticamente para que produzca el f\u00e1rmaco de inter\u00e9s, volver a inocularlas al paciente y esperar a que colonicen el epitelio olfatorio\u201d. De esta manera, se lograr\u00eda \u201cproducir el f\u00e1rmaco de forma continuada y localizada\u201d. <\/p>\n<p>\nImpulsar el desarrollo profesional y el liderazgo<\/p>\n<p>\nEl Foro de Talento Joven se enmarca en la ceremonia de entrega de los Premios Princesa de Girona 2025 y tiene como objetivo crear un espacio de conexi\u00f3n para j\u00f3venes de las empresas del Patronato de la Fundaci\u00f3n, impulsar su desarrollo profesional y fortalecer sus habilidades de liderazgo. Todas las iniciativas presentadas se recoger\u00e1n en un informe elaborado por KPMG, un documento que servir\u00e1 como gu\u00eda de buenas pr\u00e1cticas para que las organizaciones integren en su d\u00eda a d\u00eda acciones que impulsen el desarrollo y el talento joven.<\/p>\n<p>\nEl acto ha arrancado con la intervenci\u00f3n del director de la Fundaci\u00f3n Princesa de Girona, Salvador Tasqu\u00e9, quien ha asegurado que no creen \u201cen la definici\u00f3n de talento como una habilidad innata de hacer algo bien, sino un conjunto de capacidades para desarrollar\u201d. Tambi\u00e9n ha intervenido Gonzalo Rod\u00e9s, patrono de la Fundaci\u00f3n Princesa de Girona, quien ha destacado el rol del Foro Talento Joven para \u201cconectar emprendedores\u201d y ayudarles a \u201ccrear impacto en la sociedad\u201d. <\/p>\n<p>\nA continuaci\u00f3n, el empresario y cofundador de Founderz, Pau Garc\u00eda-Mil\u00e0, ha dado una breve conferencia sobre la Inteligencia Artificial y su aplicaci\u00f3n en el futuro. \u201cAntes, la ventaja competitiva en una empresa era el dinero; ahora es el tiempo\u201d, ha afirmado el emprendedor, que ha animado a los j\u00f3venes seleccionados a aprovechar al m\u00e1ximo las capacidades de las herramientas de IA.<\/p>\n<p>\nSobre UIC Barcelona <\/p>\n<p>\nLa Universitat Internacional de Catalunya (UIC Barcelona) naci\u00f3 en 1997 con el objetivo de ofrecer una formaci\u00f3n universitaria de calidad y promover la investigaci\u00f3n como servicio a la sociedad. Ligada al mundo empresarial y con un marcado car\u00e1cter internacional, imparte 16 grados, 17 dobles grados, 49 dobles titulaciones internacionales y m\u00e1s de 70 m\u00e1sters y una amplia oferta de programas de posgrado en sus dos campus, situados en Barcelona y Sant Cugat del Vall\u00e8s.<\/p>\n<p>\nComo parte de su compromiso con la sociedad, UIC Barcelona tambi\u00e9n cuenta con tres cl\u00ednicas universitarias ubicadas en el Campus Sant Cugat: la Cl\u00ednica Universitaria de Odontolog\u00eda, Support \u2013 Cl\u00ednica Universitaria de Psicolog\u00eda y Psiquiatr\u00eda, y Cuides UIC Barcelona, centrada en la atenci\u00f3n a pacientes con enfermedades avanzadas y cuidados paliativos.<\/p>\n<p>\nPara m\u00e1s informaci\u00f3n:<\/p>\n<p>\nElena Castellarnau<\/p>\n<p>\nResponsable de Prensa y Comunicaci\u00f3n <\/p>\n<p>\nT. +34 932 541 800<\/p>\n<p>\nImmaculada, 22<\/p>\n<p>\n08017 Barcelona<\/p>\n","protected":false},"excerpt":{"rendered":"<p>(Informaci\u00f3n remitida por la empresa firmante) &#8211; Estel Gubianes y Estel Masip han dise\u00f1ado un biosensor para el diagn\u00f3stico temprano de la esclerosis lateral amiotr\u00f3fica (ELA) que permite detectar biomarcadores espec\u00edficos de la enfermedad a partir de muestras biol\u00f3gicas no invasivas &#8211; En el evento han participado m\u00e1s de 100 j\u00f3venes de 40 empresas, que [&hellip;]<\/p>\n","protected":false},"author":1,"featured_media":0,"comment_status":"closed","ping_status":"closed","sticky":false,"template":"","format":"standard","meta":{"footnotes":""},"categories":[2],"tags":[],"class_list":["post-62706","post","type-post","status-publish","format-standard","hentry","category-noticias"],"_links":{"self":[{"href":"https:\/\/webciudadana.net\/index.php?rest_route=\/wp\/v2\/posts\/62706","targetHints":{"allow":["GET"]}}],"collection":[{"href":"https:\/\/webciudadana.net\/index.php?rest_route=\/wp\/v2\/posts"}],"about":[{"href":"https:\/\/webciudadana.net\/index.php?rest_route=\/wp\/v2\/types\/post"}],"author":[{"embeddable":true,"href":"https:\/\/webciudadana.net\/index.php?rest_route=\/wp\/v2\/users\/1"}],"replies":[{"embeddable":true,"href":"https:\/\/webciudadana.net\/index.php?rest_route=%2Fwp%2Fv2%2Fcomments&post=62706"}],"version-history":[{"count":0,"href":"https:\/\/webciudadana.net\/index.php?rest_route=\/wp\/v2\/posts\/62706\/revisions"}],"wp:attachment":[{"href":"https:\/\/webciudadana.net\/index.php?rest_route=%2Fwp%2Fv2%2Fmedia&parent=62706"}],"wp:term":[{"taxonomy":"category","embeddable":true,"href":"https:\/\/webciudadana.net\/index.php?rest_route=%2Fwp%2Fv2%2Fcategories&post=62706"},{"taxonomy":"post_tag","embeddable":true,"href":"https:\/\/webciudadana.net\/index.php?rest_route=%2Fwp%2Fv2%2Ftags&post=62706"}],"curies":[{"name":"wp","href":"https:\/\/api.w.org\/{rel}","templated":true}]}}