{"id":62724,"date":"2025-07-24T12:08:16","date_gmt":"2025-07-24T10:08:16","guid":{"rendered":"https:\/\/ticker-noticiasep.microcontenidos.com\/NoticiaRSS.vbhtml?user=FRND562DLP&amp;cod=20250724120816"},"modified":"2025-07-24T12:08:16","modified_gmt":"2025-07-24T10:08:16","slug":"sociedad-casa-del-libro-abre-sus-puertas-en-vallsur-con-mas-de-11-500-titulos-disponibles","status":"publish","type":"post","link":"https:\/\/webciudadana.net\/?p=62724","title":{"rendered":"Sociedad: Casa del Libro abre sus puertas en Vallsur con m\u00e1s de 11.500 t\u00edtulos disponibles"},"content":{"rendered":"\n<div><img decoding=\"async\" src=\"https:\/\/img.europapress.es\/fotoweb\/fotonoticia_20250724120816_300.jpg\" class=\"ff-og-image-inserted\"><\/div>\n<p>(Informaci\u00f3n remitida por la empresa firmante)<\/p>\n<p>\n*Valladolid, 24 de julio de 2025.-*<\/p>\n<p>\nVallsur ha inaugurado Casa del Libro, el nuevo punto de encuentro para los amantes de la lectura de todas las edades. La nueva librer\u00eda del centro comercial vallisoletano alberga m\u00e1s de 11.500 libros, abarcando desde las \u00faltimas novedades editoriales hasta grandes cl\u00e1sicos, as\u00ed como libros en ingl\u00e9s, literatura infantil, para j\u00f3venes lectores, c\u00f3mic y manga.<\/p>\n<p>\nEste nuevo establecimiento cuenta con un gran espacio de 150 metros cuadrados y representa un hito para la comunidad lectora de la ciudad y alrededores. Se trata de una nueva librer\u00eda bajo el \u2018modelo compact\u2019 de Casa del Libro, que tiene como objetivo maximizar la oferta literaria en espacios m\u00e1s vers\u00e1tiles y funcionales.<\/p>\n<p>\n\u201cEstamos muy ilusionados con la llegada de Casa del Libro a Vallsur. Esta apertura no solo enriquece nuestra oferta, sino que consolida nuestro compromiso con la cultura, el fomento de la lectura y la experiencia del visitante. La llegada de esta emblem\u00e1tica cadena nacional refuerza nuestra apuesta por seguir creciendo con propuestas de valor para el p\u00fablico vallisoletano y acerca a\u00fan m\u00e1s la cultura a nuestros visitantes\u201d, afirma Carolina Castro, gerente de Vallsur.<\/p>\n<p>\nDurante la semana de apertura, los socios de Casa del Libro de Vallsur disfrutar\u00e1n de un 5 por ciento de descuento en todas sus compras. Adem\u00e1s, en la semana siguiente, recibir\u00e1n regalos exclusivos por compras superiores a 25 euros.<\/p>\n<p>\nCon esta apertura, Casa del Libro suma su segunda librer\u00eda en Valladolid y la quinta en Castilla y Le\u00f3n, alcanzando un total de 69 tiendas en todo el territorio nacional.<\/p>\n<p>\nSobre Vallsur &#8211; www.vallsur.com<\/p>\n<p>\nDesde su apertura, el centro comercial Vallsur, gestionado por CBRE REAL ESTATE, se ha convertido en un referente en la ciudad de Valladolid. Con una superficie de 35.160 m2, m\u00e1s de 90 tiendas y 2.000 plazas de aparcamiento, el centro pone a disposici\u00f3n de sus clientes una gran oferta de servicios cuyo objetivo es satisfacer todas sus necesidades. Adem\u00e1s, Vallsur tiene una clara pol\u00edtica de compromiso en el medio ambiente, tal y como demuestra su sistema de gesti\u00f3n ambiental de acuerdo a la normativa ISO 14001:2004.<\/p>\n<p>\nPara m\u00e1s informaci\u00f3n o gesti\u00f3n de entrevistas:<\/p>\n<p>\nAGENCIA DE COMUNICACI\u00d3N DE VALLSUR:<\/p>\n<p>\neuropa press Comunicaci\u00f3n &#8211; 91 359 26 00 <\/p>\n<p>\nLETICIA G\u00d3MEZ &#8211; leticiagomez@europapress.es**<\/p>\n<p>\nSILVIA MULLOR &#8211; silviamullor@europapress.es<\/p>\n","protected":false},"excerpt":{"rendered":"<p>(Informaci\u00f3n remitida por la empresa firmante) *Valladolid, 24 de julio de 2025.-* Vallsur ha inaugurado Casa del Libro, el nuevo punto de encuentro para los amantes de la lectura de todas las edades. La nueva librer\u00eda del centro comercial vallisoletano alberga m\u00e1s de 11.500 libros, abarcando desde las \u00faltimas novedades editoriales hasta grandes cl\u00e1sicos, as\u00ed [&hellip;]<\/p>\n","protected":false},"author":1,"featured_media":0,"comment_status":"closed","ping_status":"closed","sticky":false,"template":"","format":"standard","meta":{"footnotes":""},"categories":[2],"tags":[],"class_list":["post-62724","post","type-post","status-publish","format-standard","hentry","category-noticias"],"_links":{"self":[{"href":"https:\/\/webciudadana.net\/index.php?rest_route=\/wp\/v2\/posts\/62724","targetHints":{"allow":["GET"]}}],"collection":[{"href":"https:\/\/webciudadana.net\/index.php?rest_route=\/wp\/v2\/posts"}],"about":[{"href":"https:\/\/webciudadana.net\/index.php?rest_route=\/wp\/v2\/types\/post"}],"author":[{"embeddable":true,"href":"https:\/\/webciudadana.net\/index.php?rest_route=\/wp\/v2\/users\/1"}],"replies":[{"embeddable":true,"href":"https:\/\/webciudadana.net\/index.php?rest_route=%2Fwp%2Fv2%2Fcomments&post=62724"}],"version-history":[{"count":0,"href":"https:\/\/webciudadana.net\/index.php?rest_route=\/wp\/v2\/posts\/62724\/revisions"}],"wp:attachment":[{"href":"https:\/\/webciudadana.net\/index.php?rest_route=%2Fwp%2Fv2%2Fmedia&parent=62724"}],"wp:term":[{"taxonomy":"category","embeddable":true,"href":"https:\/\/webciudadana.net\/index.php?rest_route=%2Fwp%2Fv2%2Fcategories&post=62724"},{"taxonomy":"post_tag","embeddable":true,"href":"https:\/\/webciudadana.net\/index.php?rest_route=%2Fwp%2Fv2%2Ftags&post=62724"}],"curies":[{"name":"wp","href":"https:\/\/api.w.org\/{rel}","templated":true}]}}