{"id":62725,"date":"2025-07-24T14:12:37","date_gmt":"2025-07-24T12:12:37","guid":{"rendered":"https:\/\/ticker-noticiasep.microcontenidos.com\/NoticiaRSS.vbhtml?user=FRND562DLP&amp;cod=20250724141237"},"modified":"2025-07-24T14:12:37","modified_gmt":"2025-07-24T12:12:37","slug":"sociedad-ceoma-reconoce-a-los-abuelos-como-patrimonio-familiar-e-insta-a-los-politicos-a-legislar-para-las-familias","status":"publish","type":"post","link":"https:\/\/webciudadana.net\/?p=62725","title":{"rendered":"Sociedad: CEOMA reconoce a los abuelos como \u00abpatrimonio familiar\u00bb e insta a los pol\u00edticos a legislar para las familias"},"content":{"rendered":"\n<p>(Informaci\u00f3n remitida por la empresa firmante)<\/p>\n<p> 26 DE JULIO: D\u00cdA DE LOS ABUELOS.<\/p>\n<p> Las personas mayores se revelan como una pieza fundamental en la vida familiar y social, ofreciendo apoyo en la atenci\u00f3n y cuidados de los menores a la vez que se convierten en eslab\u00f3n intergeneracional.<\/p>\n<p> CEOMA celebra el &#8216;D\u00eda de los Abuelos y Abuelas&#8217; reconociendo su papel en la conciliaci\u00f3n y en el bienestar familiar e insta a los pol\u00edticos a legislar pensando en la realidad construida por abuelos\/as, hijos\/as y nietos\/as.<\/p>\n<p> Madrid, 24 de julio de 2025 &#8211; Con motivo del &#8216;D\u00eda de los Abuelos y Abuelas&#8217;, la Confederaci\u00f3n Espa\u00f1ola de Organizaciones de Mayores (CEOMA) quiere expresar p\u00fablicamente su reconocimiento, gratitud y admiraci\u00f3n por el aporte extraordinario de los abuelos y abuelas a las familias y a la sociedad.<\/p>\n<p> Jos\u00e9 Luis Fern\u00e1ndez Santillana, presidente de CEOMA, no solo reconoce la labor fundamental que desempe\u00f1an los abuelos y las abuelas, sino que adem\u00e1s subraya el papel indiscutible de ellos como engranajes en las vidas familiares: \u00abson insustituibles, son un aut\u00e9ntico patrimonio familiar. Sin su ayuda, los hijos y las hijas no podr\u00edan hacerlo. Los abuelos y las abuelas no solo ayudan a conciliar a lo largo del a\u00f1o, sino que act\u00faan como eslabones claves entre la vida escolar de los menores y sus padres\u00bb. Fern\u00e1ndez Santillana apunta a la complicidad entre abuelos\/as y nietos\/as para revelar estados de \u00e1nimo, acoso o rendimiento escolar que en ocasiones los propios padres desconocen.<\/p>\n<p> Por otro lado, el presidente de la Confederaci\u00f3n Espa\u00f1ola de Organizaciones de Mayores apunta que los pol\u00edticos \u00abdeben de trabajar en su reconocimiento y legislar en relaci\u00f3n con la realidad actual que presentan las familias. Para ello, hay que entender un concepto m\u00e1s amplio de familia compuesto por los abuelos\/as\u00bb, declara Fern\u00e1ndez Santillana. Recuerdan desde CEOMA que son los ellos y ellas quienes en m\u00faltiples ocasiones salvan las situaciones econ\u00f3micas familiares \u00abbrindando apoyo econ\u00f3mico en momentos de dificultad, cubriendo las necesidades b\u00e1sicas o facilitando el acceso a la vivienda digna\u00bb.<\/p>\n<p> Desde CEOMA tambi\u00e9n se pone en valor el cuidado bidireccional, rese\u00f1ando que el cuidado no s\u00f3lo se basa en el que ejercen las personas mayores a los nietos y nietas, sino que \u00abcada vez m\u00e1s hijos\/as y nietos\/as se implican activamente en el bienestar de sus mayores, acompa\u00f1\u00e1ndolos y apoy\u00e1ndolos para que puedan envejecer con dignidad y plenitud\u00bb.<\/p>\n<p> La familia debe seguir siendo una instituci\u00f3n central en la sociedad, promotora de la solidaridad y la cohesi\u00f3n entre generaciones. En este sentido, desde la confederaci\u00f3n solicitan pol\u00edticas que reconozcan, fortalezcan y apoyen el papel intergeneracional de las personas mayores.<\/p>\n<p> Confederaci\u00f3n Espa\u00f1ola de Organizaciones de Mayores.<\/p>\n<p> CEOMA es una entidad sin \u00e1nimo de lucro creada para la defensa de los derechos de las personas mayores. Representa a 26 organizaciones de mayores de las distintas Comunidades Aut\u00f3nomas, con m\u00e1s de 800.000 socios de base y m\u00e1s de 1.500 Asociaciones.<\/p>\n<p> M\u00e1s informaci\u00f3n: www.CEOMA.org.<\/p>\n<p>\nCelia Moreno Garrido.<\/p>\n<p>\nDirectora Gerente.<\/p>\n<p>\nceliamoreno@ceoma.org.<\/p>\n<p>\nTel.: 91 557 25 56.<\/p>\n<p>\n\u00c0gata Sala.<\/p>\n<p>\nEuropa ress Comunicaci\u00f3n.<\/p>\n<p>\nagatasala@europapress.es 600 90 55 38.<\/p>\n","protected":false},"excerpt":{"rendered":"<p>(Informaci\u00f3n remitida por la empresa firmante) 26 DE JULIO: D\u00cdA DE LOS ABUELOS. Las personas mayores se revelan como una pieza fundamental en la vida familiar y social, ofreciendo apoyo en la atenci\u00f3n y cuidados de los menores a la vez que se convierten en eslab\u00f3n intergeneracional. CEOMA celebra el &#8216;D\u00eda de los Abuelos y [&hellip;]<\/p>\n","protected":false},"author":1,"featured_media":0,"comment_status":"closed","ping_status":"closed","sticky":false,"template":"","format":"standard","meta":{"footnotes":""},"categories":[2],"tags":[],"class_list":["post-62725","post","type-post","status-publish","format-standard","hentry","category-noticias"],"_links":{"self":[{"href":"https:\/\/webciudadana.net\/index.php?rest_route=\/wp\/v2\/posts\/62725","targetHints":{"allow":["GET"]}}],"collection":[{"href":"https:\/\/webciudadana.net\/index.php?rest_route=\/wp\/v2\/posts"}],"about":[{"href":"https:\/\/webciudadana.net\/index.php?rest_route=\/wp\/v2\/types\/post"}],"author":[{"embeddable":true,"href":"https:\/\/webciudadana.net\/index.php?rest_route=\/wp\/v2\/users\/1"}],"replies":[{"embeddable":true,"href":"https:\/\/webciudadana.net\/index.php?rest_route=%2Fwp%2Fv2%2Fcomments&post=62725"}],"version-history":[{"count":0,"href":"https:\/\/webciudadana.net\/index.php?rest_route=\/wp\/v2\/posts\/62725\/revisions"}],"wp:attachment":[{"href":"https:\/\/webciudadana.net\/index.php?rest_route=%2Fwp%2Fv2%2Fmedia&parent=62725"}],"wp:term":[{"taxonomy":"category","embeddable":true,"href":"https:\/\/webciudadana.net\/index.php?rest_route=%2Fwp%2Fv2%2Fcategories&post=62725"},{"taxonomy":"post_tag","embeddable":true,"href":"https:\/\/webciudadana.net\/index.php?rest_route=%2Fwp%2Fv2%2Ftags&post=62725"}],"curies":[{"name":"wp","href":"https:\/\/api.w.org\/{rel}","templated":true}]}}