{"id":62727,"date":"2025-07-24T13:54:54","date_gmt":"2025-07-24T11:54:54","guid":{"rendered":"https:\/\/ticker-noticiasep.microcontenidos.com\/NoticiaRSS.vbhtml?user=FRND562DLP&amp;cod=20250724135454"},"modified":"2025-07-24T13:54:54","modified_gmt":"2025-07-24T11:54:54","slug":"mundo-comviva-nombra-a-manish-agrawal-presidente-y-director-de-operaciones","status":"publish","type":"post","link":"https:\/\/webciudadana.net\/?p=62727","title":{"rendered":"Mundo: Comviva nombra a Manish Agrawal presidente y director de operaciones"},"content":{"rendered":"\n<div><img decoding=\"async\" src=\"https:\/\/img.europapress.es\/fotoweb\/fotonoticia_20250724135454_300.jpg\" class=\"ff-og-image-inserted\"><\/div>\n<p>(Informaci\u00f3n remitida por la empresa firmante)<\/p>\n<p>\n&#8212; Comviva nombra a Manish Agrawal presidente y director de operaciones para acelerar la transformaci\u00f3n tecnol\u00f3gica y la excelencia en la <\/p>\n<p>\nprestaci\u00f3n de servicios NUEVA DELI, 24 de julio de 2025 \/PRNewswire\/ &#8212; Comviva, l\u00edder mundial en soluciones de transformaci\u00f3n digital, especializado en la gesti\u00f3n de la experiencia del cliente, la monetizaci\u00f3n de datos y los servicios financieros digitales, ha anunciado hoy el nombramiento de Manish Agrawal como presidente y director de operaciones. Este anuncio estrat\u00e9gico supone un hito importante en el desarrollo de Comviva 2.0, cuyo objetivo es acelerar el crecimiento del mercado, profundizar en el compromiso con los clientes y ampliar la innovaci\u00f3n en un ecosistema digital en r\u00e1pida evoluci\u00f3n. Todas las unidades de producto pasar\u00e1n a depender de Manish.<\/p>\n<p>\nManish liderar\u00e1 la transformaci\u00f3n de la cartera de productos de Comviva mediante la integraci\u00f3n de tecnolog\u00edas de inteligencia artificial\/agentes y de \u00faltima generaci\u00f3n, al tiempo que fomentar\u00e1 una mayor sinergia interfuncional entre las l\u00edneas de productos. Tambi\u00e9n se centrar\u00e1 en mejorar las capacidades organizativas para el crecimiento empresarial a trav\u00e9s de experiencias de cliente superiores y la creaci\u00f3n de valor.<\/p>\n<p>\n\u00abEstamos encantados de dar la bienvenida a Manish a la familia Comviva\u00bb, explic\u00f3 Rajesh Chandiramani, consejero delegado de Comviva. \u00abSu profunda experiencia en el sector y su liderazgo transformador reforzar\u00e1n nuestra capacidad para actuar con agilidad, impulsar una mayor alineaci\u00f3n interfuncional y promover nuestra visi\u00f3n centrada en el cliente. Estoy convencido de que el nombramiento de Manish ser\u00e1 fundamental para traducir nuestros objetivos estrat\u00e9gicos en resultados impactantes para nuestros clientes en todo el mundo\u00bb.<\/p>\n<p> Manish, un experimentado l\u00edder en el sector tecnol\u00f3gico y empresarial, cuenta con m\u00e1s de 30 a\u00f1os de experiencia en diversos sectores, entre los que se incluyen las telecomunicaciones, la fabricaci\u00f3n y los servicios financieros, bancarios y de seguros (BFSI). Durante las \u00faltimas dos d\u00e9cadas, ha desempe\u00f1ado m\u00faltiples funciones de liderazgo en Tech Mahindra, entre las que se incluyen la gesti\u00f3n empresarial, la transformaci\u00f3n tecnol\u00f3gica, la ingenier\u00eda, las ventas, la consultor\u00eda, la externalizaci\u00f3n llave en mano, las fusiones y adquisiciones, y la ciberseguridad. M\u00e1s recientemente, ocup\u00f3 el cargo de director global de telecomunicaciones en Tech Mahindra, donde desempe\u00f1\u00f3 un papel fundamental en el reposicionamiento de la estrategia de telecomunicaciones de la empresa, el desarrollo de soluciones de inteligencia artificial, SaaS y basadas en datos de \u00faltima generaci\u00f3n, la direcci\u00f3n de las preventas globales para grandes acuerdos de transformaci\u00f3n en todo el mundo y la colaboraci\u00f3n estrecha con los principales clientes de telecomunicaciones de Tech Mahindra para impulsar la transformaci\u00f3n de los resultados empresariales.<\/p>\n<p> Tras su nombramiento, Manish Agrawal declar\u00f3: \u00abEstoy muy ilusionado por incorporarme a Comviva en un momento de transformaci\u00f3n para ofrecer experiencias de cliente fiables a trav\u00e9s de sus innovadoras plataformas tecnol\u00f3gicas de software &#8216;AI First y SaaS Ready&#8217; y proporcionar las mejores experiencias de cliente a nuestros clientes globales. Estoy deseando trabajar con los altos directivos de Comviva para impulsar nuestro hipercrecimiento, abrir nuevas oportunidades de transformaci\u00f3n empresarial con la fuerza de nuestras innovadoras plataformas tecnol\u00f3gicas y ofrecer las mejores experiencias de cliente final del mundo a nuestros clientes globales\u00bb.<\/p>\n<p> Si desea m\u00e1s informaci\u00f3n contacte con:<\/p>\n<p>\nSundeep Mehta<\/p>\n<p>\nComunicaciones empresariales y RR.PP. mundiales, DGM <\/p>\n<p>\nEmail: sundeep.mehta@comviva.com<\/p>\n<p>\nM\u00f3vil: +91-9910030732<\/p>\n<p>\nFoto: https:\/\/mma.prnewswire.com\/media\/2737564\/Manish_Agrawal_Comviva.jpg<\/p>\n<p>\nLogo: https:\/\/mma.prnewswire.com\/media\/995982\/Comviva_Logo.jpg<\/p>\n<p> View original content:https:\/\/www.prnewswire.com\/news-releases\/comviva-nombra-a-manish-agrawal-presidente-y-director-de-operaciones-302513103.html<\/p>\n","protected":false},"excerpt":{"rendered":"<p>(Informaci\u00f3n remitida por la empresa firmante) &#8212; Comviva nombra a Manish Agrawal presidente y director de operaciones para acelerar la transformaci\u00f3n tecnol\u00f3gica y la excelencia en la prestaci\u00f3n de servicios NUEVA DELI, 24 de julio de 2025 \/PRNewswire\/ &#8212; Comviva, l\u00edder mundial en soluciones de transformaci\u00f3n digital, especializado en la gesti\u00f3n de la experiencia del [&hellip;]<\/p>\n","protected":false},"author":1,"featured_media":0,"comment_status":"closed","ping_status":"closed","sticky":false,"template":"","format":"standard","meta":{"footnotes":""},"categories":[2],"tags":[],"class_list":["post-62727","post","type-post","status-publish","format-standard","hentry","category-noticias"],"_links":{"self":[{"href":"https:\/\/webciudadana.net\/index.php?rest_route=\/wp\/v2\/posts\/62727","targetHints":{"allow":["GET"]}}],"collection":[{"href":"https:\/\/webciudadana.net\/index.php?rest_route=\/wp\/v2\/posts"}],"about":[{"href":"https:\/\/webciudadana.net\/index.php?rest_route=\/wp\/v2\/types\/post"}],"author":[{"embeddable":true,"href":"https:\/\/webciudadana.net\/index.php?rest_route=\/wp\/v2\/users\/1"}],"replies":[{"embeddable":true,"href":"https:\/\/webciudadana.net\/index.php?rest_route=%2Fwp%2Fv2%2Fcomments&post=62727"}],"version-history":[{"count":0,"href":"https:\/\/webciudadana.net\/index.php?rest_route=\/wp\/v2\/posts\/62727\/revisions"}],"wp:attachment":[{"href":"https:\/\/webciudadana.net\/index.php?rest_route=%2Fwp%2Fv2%2Fmedia&parent=62727"}],"wp:term":[{"taxonomy":"category","embeddable":true,"href":"https:\/\/webciudadana.net\/index.php?rest_route=%2Fwp%2Fv2%2Fcategories&post=62727"},{"taxonomy":"post_tag","embeddable":true,"href":"https:\/\/webciudadana.net\/index.php?rest_route=%2Fwp%2Fv2%2Ftags&post=62727"}],"curies":[{"name":"wp","href":"https:\/\/api.w.org\/{rel}","templated":true}]}}