{"id":62729,"date":"2025-07-24T14:41:07","date_gmt":"2025-07-24T12:41:07","guid":{"rendered":"https:\/\/ticker-noticiasep.microcontenidos.com\/NoticiaRSS.vbhtml?user=FRND562DLP&amp;cod=20250724144107"},"modified":"2025-07-24T14:41:07","modified_gmt":"2025-07-24T12:41:07","slug":"mundo-voiceproductions-y-belva-impulsan-una-regulacion-que-proteja-los-derechos-de-voz","status":"publish","type":"post","link":"https:\/\/webciudadana.net\/?p=62729","title":{"rendered":"Mundo: VoiceProductions y BELVA impulsan una regulaci\u00f3n que proteja los derechos de voz"},"content":{"rendered":"\n<p>(Informaci\u00f3n remitida por la empresa firmante)<\/p>\n<p>\nBRUSELAS, 24 de julio de 2025 \/PRNewswire\/ &#8212; Decenas de miles de horas de grabaciones de voz de voluntarios podr\u00edan pronto quedar inutilizables comercialmente para las empresas de IA. VoiceProductions se une a un creciente frente internacional que exige responsabilidades por el uso no autorizado de voces humanas en inteligencia artificial.<\/p>\n<p> En el centro del problema se encuentra LibriVox, una plataforma sin \u00e1nimo de lucro donde voluntarios han grabado audiolibros para personas con discapacidad visual desde 2005. Lo que comenz\u00f3 como un servicio p\u00fablico se ha convertido en un punto de conflicto legal: se estima que entre 30.000 y 40.000 horas de grabaciones est\u00e1n siendo utilizadas por empresas de IA. Los voluntarios aceptaron el acceso p\u00fablico, destinado a uso educativo y sin \u00e1nimo de lucro. Sin embargo, en ese momento no se mencion\u00f3 la IA, y nadie consinti\u00f3 en que sus voces fueran reutilizadas por sistemas comerciales. El dominio p\u00fablico no significa propiedad p\u00fablica.<\/p>\n<p> \u00abLas voces no son conjuntos de datos\u00bb, afirm\u00f3 Jimmy Verrijt, fundador de VoiceProductions. \u00abSon personales, expresivas y est\u00e1n protegidas\u00bb.<\/p>\n<p> Incertidumbre jur\u00eddica y cuestiones \u00e9ticas<\/p>\n<p>\nVoiceProductions, en colaboraci\u00f3n con BELVA (Uni\u00f3n de Artistas de Voz Belgas), apoya a United Voice Artists (UVA) en cualquier demanda futura. \u00abSe trata de derechos fundamentales\u00bb, afirm\u00f3 Lo\u00efc Thaler, director de proyectos y miembro de la junta directiva de BELVA. \u00abY no se trata de un incidente aislado\u00bb.<\/p>\n<p> Este problema trasciende con creces una plataforma. En todo el mundo, grabaciones de voz que antes se ofrec\u00edan gratuitamente para uso educativo ahora se utilizan para entrenar sistemas de IA, a menudo sin el conocimiento ni el permiso de la persona que habla.<\/p>\n<p> Los expertos legales advierten sobre la creciente incertidumbre. La mayor\u00eda de los colaboradores nunca firmaron contratos que permitieran el entrenamiento de IA ni su reutilizaci\u00f3n comercial. Como resultado, su trabajo ahora se encuentra en un limbo legal: accesible al p\u00fablico, pero sin la intenci\u00f3n de monetizarse.<\/p>\n<p> Esta falta de claridad ya est\u00e1 generando un serio debate en el sector de la IA. Si la acci\u00f3n legal prospera, podr\u00eda sentar un precedente hist\u00f3rico. Podr\u00eda redefinir la forma en que se obtienen, licencian y utilizan los datos de voz.<\/p>\n<p> \u00abNos encontramos ante un punto de inflexi\u00f3n\u00bb, afirma Verrijt. \u00abLas empresas deben actuar ya, antes de que los tribunales lo hagan por ellas\u00bb.<\/p>\n<p> Los abogados consideran que el caso actual podr\u00eda ser un punto de inflexi\u00f3n. Un resultado favorable podr\u00eda negar a los desarrolladores de IA el acceso a enormes cantidades de datos de voz. Esto proteger\u00eda a los voluntarios que nunca aceptaron que sus voces se utilizaran en sistemas comerciales de IA.<\/p>\n<p> Llamamiento a la reforma<\/p>\n<p>\nVoiceProductions exige un nuevo est\u00e1ndar: no se permite el uso sin consentimiento, no se permite el trabajo sin una remuneraci\u00f3n justa.<\/p>\n<p> \u00abEl consentimiento no es una formalidad. Es la base de todo lo que hacemos\u00bb afirm\u00f3 Lo\u00efc Thaler,<\/p>\n<p>\nAcerca de VoiceProductions<\/p>\n<p>\nVoiceProductions colabora con cientos de locutores profesionales en proyectos que abarcan desde formaci\u00f3n online hasta anuncios publicitarios, atendiendo a clientes en m\u00e1s de 50 pa\u00edses. Cada grabaci\u00f3n se realiza con el consentimiento expl\u00edcito y un acuerdo claro.<\/p>\n<p> Acerca de BELVA<\/p>\n<p>\nBELVA es la asociaci\u00f3n belga de actores de voz profesionales. Defiende el trabajo justo, la transparencia en los derechos y el uso \u00e9tico de la voz. BELVA apoya a sus miembros y promueve el consentimiento, la transparencia y el respeto por todas las voces.<\/p>\n<p> Informaci\u00f3n de contacto<\/p>\n<p>\nJimmy Verrijt \u2013 Fundador, VoiceProductions<\/p>\n<p>\nEmail: jimmy@voiceproductions.com<\/p>\n<p>\nLo\u00efc Thaler \u2013 director de proyecto en VoiceProductions y miembro de la junta de BELVA Email: loic@voiceproductions.com<\/p>\n<p>\nSitio web: https:\/\/www.voiceproductions.com<\/p>\n<p>\nB\u00e9lgica: VoiceProductions Group BV: Gaston Crommenlaan 8 &#8211; 9050 Gent<\/p>\n<p>\nReino Unido: Shelton Street 71-75 &#8211; WC2H 9JQ London<\/p>\n<p>\nEstados Unidos: VoiceProductions llc: 4343 N Scottsdale Rd #150 &#8211; Scottsdale, AZ 85251<\/p>\n<p> View original content:https:\/\/www.prnewswire.com\/news-releases\/voiceproductions-y-belva-impulsan-una-regulacion-que-proteja-los-derechos-de-voz-302513133.html<\/p>\n","protected":false},"excerpt":{"rendered":"<p>(Informaci\u00f3n remitida por la empresa firmante) BRUSELAS, 24 de julio de 2025 \/PRNewswire\/ &#8212; Decenas de miles de horas de grabaciones de voz de voluntarios podr\u00edan pronto quedar inutilizables comercialmente para las empresas de IA. VoiceProductions se une a un creciente frente internacional que exige responsabilidades por el uso no autorizado de voces humanas en [&hellip;]<\/p>\n","protected":false},"author":1,"featured_media":0,"comment_status":"closed","ping_status":"closed","sticky":false,"template":"","format":"standard","meta":{"footnotes":""},"categories":[2],"tags":[],"class_list":["post-62729","post","type-post","status-publish","format-standard","hentry","category-noticias"],"_links":{"self":[{"href":"https:\/\/webciudadana.net\/index.php?rest_route=\/wp\/v2\/posts\/62729","targetHints":{"allow":["GET"]}}],"collection":[{"href":"https:\/\/webciudadana.net\/index.php?rest_route=\/wp\/v2\/posts"}],"about":[{"href":"https:\/\/webciudadana.net\/index.php?rest_route=\/wp\/v2\/types\/post"}],"author":[{"embeddable":true,"href":"https:\/\/webciudadana.net\/index.php?rest_route=\/wp\/v2\/users\/1"}],"replies":[{"embeddable":true,"href":"https:\/\/webciudadana.net\/index.php?rest_route=%2Fwp%2Fv2%2Fcomments&post=62729"}],"version-history":[{"count":0,"href":"https:\/\/webciudadana.net\/index.php?rest_route=\/wp\/v2\/posts\/62729\/revisions"}],"wp:attachment":[{"href":"https:\/\/webciudadana.net\/index.php?rest_route=%2Fwp%2Fv2%2Fmedia&parent=62729"}],"wp:term":[{"taxonomy":"category","embeddable":true,"href":"https:\/\/webciudadana.net\/index.php?rest_route=%2Fwp%2Fv2%2Fcategories&post=62729"},{"taxonomy":"post_tag","embeddable":true,"href":"https:\/\/webciudadana.net\/index.php?rest_route=%2Fwp%2Fv2%2Ftags&post=62729"}],"curies":[{"name":"wp","href":"https:\/\/api.w.org\/{rel}","templated":true}]}}