{"id":62739,"date":"2025-07-25T11:14:14","date_gmt":"2025-07-25T09:14:14","guid":{"rendered":"https:\/\/ticker-noticiasep.microcontenidos.com\/NoticiaRSS.vbhtml?user=FRND562DLP&amp;cod=20250725111414"},"modified":"2025-07-25T11:14:14","modified_gmt":"2025-07-25T09:14:14","slug":"emprender-segundo-episodio-de-bahia-sur-podcast-con-el-emprendimiento-local-como-protagonista","status":"publish","type":"post","link":"https:\/\/webciudadana.net\/?p=62739","title":{"rendered":"\u2018Emprender\u2019, segundo episodio de Bah\u00eda Sur Podcast, con el emprendimiento local como protagonista"},"content":{"rendered":"\n<div><img decoding=\"async\" src=\"https:\/\/img.europapress.es\/fotoweb\/fotonoticia_20250725111414_300.jpg\" class=\"ff-og-image-inserted\"><\/div>\n<p>(Informaci\u00f3n remitida por la empresa firmante)<\/p>\n<p>\nRoc\u00edo Venegas, creadora de la marca de moda \u2018Hacia el Sur\u2019, y Lidia Guerrero, fundadora de la tienda de minerales y sahumerios \u2018Eleva Zen\u2019, son las dos nuevas invitadas para el segundo episodio del podcast que promueve el centro comercial<\/p>\n<p>\nLas personalidades m\u00e1s relevantes que marcan el pulso de la ciudad de San Fernando pasan por los micr\u00f3fonos del proyecto de Bah\u00eda Sur con el objetivo consolidarse como un espacio conversacional que convierte en protagonista a la provincia de C\u00e1diz <\/p>\n<p>\nSAN FERNANDO (C\u00c1DIZ), 25 (EUROPA PRESS)<\/p>\n<p>\nEl segundo episodio del podcast de Bah\u00eda Sur, titulado \u2018Emprender\u2019, tiene como protagonista al emprendimiento local. Mediante una conversaci\u00f3n distendida con Roc\u00edo Venegas, fundadora de la marca de moda \u2018Hacia el Sur\u2019, y Lidia Guerrero, la mujer que est\u00e1 detr\u00e1s de la firma \u2018Eleva Zen\u2019, la conductora del espacio, Laura Moreno, trata de acercar el emprendimiento desde la ciudad de San Fernando. <\/p>\n<p>\nEl podcast de Bah\u00eda Sur nace con la premisa de poner en valor la vida social y cultural de la provincia y ahora dedica su segunda entrega a poner delante de los micr\u00f3fonos a dos mujeres luchadoras que un d\u00eda decidieron lanzarse al largo camino del emprendimiento para convertirse en empresarias. <\/p>\n<p>\nEl conocimiento de estas dos marcas locales por parte de la direcci\u00f3n de Bah\u00eda Sur data de hace a\u00f1os cuando el centro comercial puso en marcha el programa \u2018Bah\u00eda Sur Emprende\u2019 para ofrecer su galer\u00eda comercial a m\u00e1s de una treintena de emprendedores de la provincia de C\u00e1diz. El reencuentro llega en este espacio en el que las invitadas compartir\u00e1n las experiencias profesionales, las cualidades que han tenido potenciar para alcanzar resultados, los retos que cada d\u00eda tienen por delante y los sacrificios que han asumido para llevar hacer de un proyecto profesional el suyo personal. <\/p>\n<p>\nToda la andadura profesional de Venegas y de Guerrero se vuelca en el segundo episodio del podcast de Bah\u00eda Sur para mostrar a los oyentes el v\u00ednculo que ambas tienen con la ciudad de San Fernando, impulsar las marcas que llevan detr\u00e1s y conocer m\u00e1s de cerca la relaci\u00f3n de convivencia entre los establecimientos que est\u00e1n dentro o fuera de los centros comerciales. <\/p>\n<p>\nPablo Vivancos, gerente del centro comercial isle\u00f1o, explicaba con la presentaci\u00f3n del primer episodio protagonizado por el m\u00fasico internacional Antonio Lizana y la alcaldesa Patricia Cavada, que en Bah\u00eda Sur confluyen miles de personas para disfrutar del ocio y del propio enclave, por ello la creaci\u00f3n de este podcast \u201cbusca poner en valor todo ese ecosistema que comparte la ciudad y el entorno con voces y miradas enriquecedoras\u201d. <\/p>\n<p>\nBah\u00edaSur Podcast es un espacio vivo que a lo largo de sus m\u00faltiples localizaciones integra el entorno de la Bah\u00eda, y entrelaza sus paisajes naturales y urbanos. Ese fondo itinerante sirve tambi\u00e9n como un actor secundario en las grabaciones que refuerzan el v\u00ednculo entre el territorio, la ciudad y las gentes que hacen el d\u00eda a d\u00eda en San Fernando. <\/p>\n<p>\nEl primer episodio de Bah\u00edaSur Podcast ya est\u00e1 disponible a trav\u00e9s de la plataforma del centro comercial en YouTube y de Spotify, donde, a partir del pr\u00f3ximo 31 de julio, quedar\u00e1 subido el segundo episodio \u2018Emprender\u2019.<\/p>\n<p>\nSOBRE BAH\u00cdA SUR <\/p>\n<p>\nEl centro comercial Bah\u00eda Sur est\u00e1 ubicado en pleno coraz\u00f3n de la Bah\u00eda de C\u00e1diz, es propiedad de Castellana Properties, empresa cotizada l\u00edder en el sector inmobiliario de retail, y est\u00e1 gestionado por Cushman &amp; Wakefield. Ofrece un nuevo concepto de compras y ocio donde el entorno natural se funde para crear una experiencia \u00fanica. En m\u00e1s de 59.000 metros cuadrados de superficie comercial, Bah\u00eda Sur brinda a los visitantes la posibilidad de disfrutar de un ocio diferenciado en uno de los parajes naturales de mayor valor de Andaluc\u00eda. <\/p>\n<p>\nCONTACTO DE PRENSA:<\/p>\n<p>\nLeopoldo Eduardo Alonso Llofriu<\/p>\n<p>\n95 492 49 00<\/p>\n<p>\nleopoldoalonso@europapress.es<\/p>\n<p>\nSandra Delgado<\/p>\n<p>\n91 359 26 00<\/p>\n<p>\nsandradelgado@europapress.es<\/p>\n","protected":false},"excerpt":{"rendered":"<p>(Informaci\u00f3n remitida por la empresa firmante) Roc\u00edo Venegas, creadora de la marca de moda \u2018Hacia el Sur\u2019, y Lidia Guerrero, fundadora de la tienda de minerales y sahumerios \u2018Eleva Zen\u2019, son las dos nuevas invitadas para el segundo episodio del podcast que promueve el centro comercial Las personalidades m\u00e1s relevantes que marcan el pulso de [&hellip;]<\/p>\n","protected":false},"author":1,"featured_media":0,"comment_status":"closed","ping_status":"closed","sticky":false,"template":"","format":"standard","meta":{"footnotes":""},"categories":[2],"tags":[],"class_list":["post-62739","post","type-post","status-publish","format-standard","hentry","category-noticias"],"_links":{"self":[{"href":"https:\/\/webciudadana.net\/index.php?rest_route=\/wp\/v2\/posts\/62739","targetHints":{"allow":["GET"]}}],"collection":[{"href":"https:\/\/webciudadana.net\/index.php?rest_route=\/wp\/v2\/posts"}],"about":[{"href":"https:\/\/webciudadana.net\/index.php?rest_route=\/wp\/v2\/types\/post"}],"author":[{"embeddable":true,"href":"https:\/\/webciudadana.net\/index.php?rest_route=\/wp\/v2\/users\/1"}],"replies":[{"embeddable":true,"href":"https:\/\/webciudadana.net\/index.php?rest_route=%2Fwp%2Fv2%2Fcomments&post=62739"}],"version-history":[{"count":0,"href":"https:\/\/webciudadana.net\/index.php?rest_route=\/wp\/v2\/posts\/62739\/revisions"}],"wp:attachment":[{"href":"https:\/\/webciudadana.net\/index.php?rest_route=%2Fwp%2Fv2%2Fmedia&parent=62739"}],"wp:term":[{"taxonomy":"category","embeddable":true,"href":"https:\/\/webciudadana.net\/index.php?rest_route=%2Fwp%2Fv2%2Fcategories&post=62739"},{"taxonomy":"post_tag","embeddable":true,"href":"https:\/\/webciudadana.net\/index.php?rest_route=%2Fwp%2Fv2%2Ftags&post=62739"}],"curies":[{"name":"wp","href":"https:\/\/api.w.org\/{rel}","templated":true}]}}