{"id":62750,"date":"2025-07-28T10:48:04","date_gmt":"2025-07-28T08:48:04","guid":{"rendered":"https:\/\/ticker-noticiasep.microcontenidos.com\/NoticiaRSS.vbhtml?user=FRND562DLP&amp;cod=20250728104804"},"modified":"2025-07-28T10:48:04","modified_gmt":"2025-07-28T08:48:04","slug":"temu-se-une-a-inta-para-reforzar-la-proteccion-de-la-propiedad-intelectual-a-nivel-mundial","status":"publish","type":"post","link":"https:\/\/webciudadana.net\/?p=62750","title":{"rendered":"Temu se une a INTA para reforzar la protecci\u00f3n de la propiedad intelectual a nivel mundial"},"content":{"rendered":"\n<div><img decoding=\"async\" src=\"https:\/\/img.europapress.es\/fotoweb\/fotonoticia_20250728104804_300.jpg\" class=\"ff-og-image-inserted\"><\/div>\n<p>(Informaci\u00f3n remitida por la empresa firmante)<\/p>\n<p> Madrid, 28 de julio de 2025. <\/p>\n<p> El marketplace global Temu se ha unido a la Asociaci\u00f3n Internacional de Marcas (INTA, por sus siglas en ingl\u00e9s) como miembro corporativo y parte de su Comit\u00e9 Antifalsificaci\u00f3n.<\/p>\n<p> INTA es una asociaci\u00f3n internacional que agrupa a m\u00e1s de 6.700 organizaciones, en representaci\u00f3n de m\u00e1s de 37.000 profesionales de marcas registradas y propietarios de marcas en 181 pa\u00edses.<\/p>\n<p> Al unirse a INTA, Temu refuerza su compromiso con la creaci\u00f3n de un mercado online de confianza y con el impulso de la protecci\u00f3n de la propiedad intelectual a nivel mundial a trav\u00e9s de una colaboraci\u00f3n m\u00e1s amplia e intersectorial.<\/p>\n<p> \u201cINTA agradece la disposici\u00f3n de TEMU a participar en iniciativas contra la falsificaci\u00f3n, incluyendo el Taller Anual contra la Falsificaci\u00f3n y el Programa de Certificaci\u00f3n de Retirada Online de la Asociaci\u00f3n, que sirven para compartir las mejores pr\u00e1cticas y conectar a las partes interesadas\u201d, afirma Alastair Gray, director de Lucha contra la Falsificaci\u00f3n de INTA.<\/p>\n<p> \u201cLa colaboraci\u00f3n constructiva con estas iniciativas puede contribuir a la protecci\u00f3n de los derechos de propiedad intelectual de los miembros de INTA y apoyar la eliminaci\u00f3n de productos falsificados de la plataforma, lo que en \u00faltima instancia protege a los consumidores\u201d.<\/p>\n<p> En la Reuni\u00f3n Anual de INTA de 2025, celebrada en San Diego en mayo, Temu particip\u00f3 en la Mesa Redonda del Comit\u00e9 Antifalsificaci\u00f3n, actuando como moderador para facilitar los debates entre los propietarios de marcas, las plataformas en l\u00ednea y los funcionarios gubernamentales sobre las tecnolog\u00edas emergentes, las mejores pr\u00e1cticas de colaboraci\u00f3n y las estrategias para reforzar los esfuerzos globales contra la falsificaci\u00f3n.<\/p>\n<p> \u201cLa incorporaci\u00f3n a INTA y la participaci\u00f3n en su Comit\u00e9 Antifalsificaci\u00f3n reflejan el compromiso continuo de Temu por garantizar una experiencia de compra online fiable\u201d, explica un portavoz de Temu.<\/p>\n<p> \u201cValoramos la colaboraci\u00f3n con nuestros hom\u00f3logos del sector y las partes interesadas, y nos dedicamos a promover los esfuerzos colectivos en materia de protecci\u00f3n de la propiedad intelectual\u201d.<\/p>\n<p> Temu tambi\u00e9n participa en talleres en l\u00ednea dirigidos por INTA, incluido el Programa de Certificaci\u00f3n de Notificaci\u00f3n y Retirada de Contenidos en Plataformas en L\u00ednea, que describe los \u00faltimos procedimientos y mejores pr\u00e1cticas utilizados por las plataformas de comercio electr\u00f3nico y las empresas de redes sociales.<\/p>\n<p> Estos talleres tienen como objetivo mejorar la calidad y la precisi\u00f3n de las notificaciones de los titulares de derechos, promoviendo procesos de retirada y moderaci\u00f3n de contenidos m\u00e1s eficaces.<\/p>\n<p> Desde su lanzamiento en 2022, Temu ha realizado importantes inversiones en protecci\u00f3n de la propiedad intelectual.<\/p>\n<p> Sus medidas incluyen una exhaustiva verificaci\u00f3n de los vendedores y formaci\u00f3n en materia de cumplimiento normativo, supervisi\u00f3n algor\u00edtmica durante las 24 horas del d\u00eda, los siete d\u00edas de la semana, con revisi\u00f3n manual, un portal dedicado a la protecci\u00f3n de la propiedad intelectual y un registro de marcas para agilizar las solicitudes de retirada, as\u00ed como un equipo interno encargado de la aplicaci\u00f3n de la normativa que gestiona las reclamaciones con rapidez y precisi\u00f3n.<\/p>\n<p>\nEmisor: Temu<\/p>\n<p>\nContacto: Marta Rodr\u00edguez +34 650 716 269 marta.rodriguez@marlowinsight.com<\/p>\n","protected":false},"excerpt":{"rendered":"<p>(Informaci\u00f3n remitida por la empresa firmante) Madrid, 28 de julio de 2025. El marketplace global Temu se ha unido a la Asociaci\u00f3n Internacional de Marcas (INTA, por sus siglas en ingl\u00e9s) como miembro corporativo y parte de su Comit\u00e9 Antifalsificaci\u00f3n. INTA es una asociaci\u00f3n internacional que agrupa a m\u00e1s de 6.700 organizaciones, en representaci\u00f3n de [&hellip;]<\/p>\n","protected":false},"author":1,"featured_media":0,"comment_status":"closed","ping_status":"closed","sticky":false,"template":"","format":"standard","meta":{"footnotes":""},"categories":[2],"tags":[],"class_list":["post-62750","post","type-post","status-publish","format-standard","hentry","category-noticias"],"_links":{"self":[{"href":"https:\/\/webciudadana.net\/index.php?rest_route=\/wp\/v2\/posts\/62750","targetHints":{"allow":["GET"]}}],"collection":[{"href":"https:\/\/webciudadana.net\/index.php?rest_route=\/wp\/v2\/posts"}],"about":[{"href":"https:\/\/webciudadana.net\/index.php?rest_route=\/wp\/v2\/types\/post"}],"author":[{"embeddable":true,"href":"https:\/\/webciudadana.net\/index.php?rest_route=\/wp\/v2\/users\/1"}],"replies":[{"embeddable":true,"href":"https:\/\/webciudadana.net\/index.php?rest_route=%2Fwp%2Fv2%2Fcomments&post=62750"}],"version-history":[{"count":0,"href":"https:\/\/webciudadana.net\/index.php?rest_route=\/wp\/v2\/posts\/62750\/revisions"}],"wp:attachment":[{"href":"https:\/\/webciudadana.net\/index.php?rest_route=%2Fwp%2Fv2%2Fmedia&parent=62750"}],"wp:term":[{"taxonomy":"category","embeddable":true,"href":"https:\/\/webciudadana.net\/index.php?rest_route=%2Fwp%2Fv2%2Fcategories&post=62750"},{"taxonomy":"post_tag","embeddable":true,"href":"https:\/\/webciudadana.net\/index.php?rest_route=%2Fwp%2Fv2%2Ftags&post=62750"}],"curies":[{"name":"wp","href":"https:\/\/api.w.org\/{rel}","templated":true}]}}