{"id":62791,"date":"2025-07-29T17:31:03","date_gmt":"2025-07-29T15:31:03","guid":{"rendered":"https:\/\/ticker-noticiasep.microcontenidos.com\/NoticiaRSS.vbhtml?user=FRND562DLP&amp;cod=20250729173103"},"modified":"2025-07-29T17:31:03","modified_gmt":"2025-07-29T15:31:03","slug":"mundo-lucid-y-timothee-chalamet-unen-fuerzas-para-celebrar-el-poder-de-desafiar-el-statu-quo","status":"publish","type":"post","link":"https:\/\/webciudadana.net\/?p=62791","title":{"rendered":"Mundo: Lucid y Timoth\u00e9e Chalamet unen fuerzas para celebrar el poder de desafiar el statu quo"},"content":{"rendered":"\n<div><img decoding=\"async\" src=\"https:\/\/img.europapress.es\/fotoweb\/fotonoticia_20250729173103_300.jpg\" class=\"ff-og-image-inserted\"><\/div>\n<p>(Informaci\u00f3n remitida por la empresa firmante)<\/p>\n<p>\nEl galardonado actor fue nombrado Embajador Global de la Marca en una colaboraci\u00f3n plurianual, una primicia para el visionario fabricante de veh\u00edculos el\u00e9ctricos, que redefine el significado de \u00absin concesiones\u00bb<\/p>\n<p>\nNEWARK, California, 29 de julio de 2025 \/PRNewswire\/ &#8212; Lucid Group, Inc. (NASDAQ: LCID), el fabricante de los veh\u00edculos el\u00e9ctricos m\u00e1s avanzados del mundo, anunci\u00f3 hoy que ha firmado una asociaci\u00f3n de varios a\u00f1os con el galardonado actor e \u00edcono cultural, Timoth\u00e9e Chalamet, como su primer Embajador Global de la Marca.<\/p>\n<p> Chalamet fue visto por primera vez conduciendo un Lucid Air en 2023, y desde entonces, se ha forjado una relaci\u00f3n basada en la convicci\u00f3n de que el rendimiento, el dise\u00f1o y la pasi\u00f3n son clave para crear experiencias excepcionales. A finales de este a\u00f1o, Chalamet encabezar\u00e1 la nueva campa\u00f1a de marketing de Lucid para el innovador SUV del fabricante de veh\u00edculos el\u00e9ctricos, el Lucid Gravity. Esta colaboraci\u00f3n es un hito clave en la estrategia de Lucid para ampliar la relevancia cultural de la marca mediante iniciativas de marketing aceleradas.<\/p>\n<p> Desde su lanzamiento en 2016, Lucid se ha convertido r\u00e1pidamente en una de las nuevas compa\u00f1\u00edas de automoci\u00f3n m\u00e1s aclamadas del mundo, y su primer producto, el galardonado Lucid Air totalmente el\u00e9ctrico, representa una combinaci\u00f3n magistral de rendimiento, autonom\u00eda, comodidad y tecnolog\u00eda. El \u00faltimo producto de la compa\u00f1\u00eda, el SUV Lucid Gravity, ofrece la versatilidad de un sofisticado SUV de tama\u00f1o completo de tres filas con el rendimiento de un deportivo de lujo.<\/p>\n<p> \u00abNos entusiasma dar la bienvenida a Timoth\u00e9e como nuestro primer Embajador Global de la Marca\u00bb, declar\u00f3 Akerho \u00abAK\u00bb Oghoghomeh, vicepresidente s\u00e9nior de Marketing de Lucid Motors. \u00ab\u00c9l a\u00fana la misma creatividad audaz y la visi\u00f3n inquebrantable que definen nuestra marca, personificando lo que significa no comprometer nada, tanto dentro como fuera de la pantalla. Juntos, demostraremos lo que es posible cuando la innovaci\u00f3n y la relevancia cultural se unen para impulsar el mundo\u00bb.<\/p>\n<p> Chalamet ha sido nominado a dos Premios de la Academia y recientemente gan\u00f3 su primer Premio del Sindicato de Actores por su interpretaci\u00f3n de Bob Dylan en A Complete Unknown (2024), dirigida por James Mangold. A finales de este a\u00f1o, protagonizar\u00e1 Marty Supreme, dirigida por Josh Safdie, y el a\u00f1o que viene protagonizar\u00e1 Dune: Parte Tres, dirigida por Denis Villeneuve.<\/p>\n<p> La nueva campa\u00f1a de Lucid protagonizada por Chalamet se estrenar\u00e1 a principios de este oto\u00f1o; pr\u00f3ximamente se publicar\u00e1n m\u00e1s detalles.<\/p>\n<p> Acerca de Lucid Group<\/p>\n<p>\nLucid (NASDAQ:LCID) es una empresa tecnol\u00f3gica con sede en Silicon Valley dedicada a la creaci\u00f3n de los veh\u00edculos el\u00e9ctricos m\u00e1s avanzados del mundo. El galardonado Lucid Air y el nuevo Lucid Gravity ofrecen un rendimiento excepcional, un dise\u00f1o sofisticado, un amplio espacio interior y una eficiencia energ\u00e9tica inigualable. Lucid ensambla ambos veh\u00edculos en su planta de vanguardia e integraci\u00f3n vertical en Arizona. A trav\u00e9s de su tecnolog\u00eda e innovaciones l\u00edderes en la industria, Lucid est\u00e1 avanzando en la tecnolog\u00eda de veh\u00edculos el\u00e9ctricos de \u00faltima generaci\u00f3n para el beneficio de todos.<\/p>\n<p> Contacto de relaciones con los inversores<\/p>\n<p>\ninvestor@lucidmotors.com<\/p>\n<p>\nContacto para medios <\/p>\n<p>\nmedia@lucidmotors.com<\/p>\n<p>\nMarcas registradas<\/p>\n<p>\nEsta comunicaci\u00f3n contiene marcas comerciales, marcas de servicio, nombres comerciales y derechos de autor de Lucid Group, Inc. y sus subsidiarias y otras empresas, que son propiedad de sus respectivos due\u00f1os.<\/p>\n<p> Declaraciones de futuro<\/p>\n<p>\nEsta comunicaci\u00f3n incluye \u00abdeclaraciones prospectivas\u00bb dentro del significado de las disposiciones de \u00abseguridad\u00bb de la Ley de Reforma de Litigios sobre Valores Privados de los Estados Unidos de 1995. Las declaraciones prospectivas pueden identificarse mediante el uso de palabras como \u00abestimar\u00bb, \u00abplanificar\u00bb, \u00abproyectar\u00bb, \u00abpronosticar\u00bb, \u00abpretender\u00bb, \u00abser\u00e1\u00bb, \u00abdeber\u00e1\u00bb, \u00abesperar\u00bb, \u00abanticipar\u00bb, \u00abcreer\u00bb, \u00abbuscar\u00bb, \u00abobjetivo\u00bb, \u00abcontinuar\u00bb, \u00abpodr\u00eda\u00bb, \u00abpuede\u00bb, \u00abpudiera\u00bb, \u00abposible\u00bb, \u00abpotencial\u00bb, \u00abpredecir\u00bb u otras expresiones similares que predicen o indican eventos o tendencias futuras o que no son declaraciones de asuntos hist\u00f3ricos. Estas declaraciones prospectivas incluyen, pero no se limitan a, declaraciones sobre planes y expectativas con respecto a la asociaci\u00f3n de Lucid con Chalamet, beneficios anticipados, as\u00ed como colaboraciones futuras. Estas declaraciones se basan en varias suposiciones, ya sea que se identifiquen o no en esta comunicaci\u00f3n, y en las expectativas actuales de la gerencia de Lucid. Estas declaraciones prospectivas no pretenden servir como y ning\u00fan inversionista debe confiar en ellas como una garant\u00eda, una seguridad o una declaraci\u00f3n definitiva de hecho o probabilidad. Los eventos y circunstancias reales son dif\u00edciles o imposibles de predecir y pueden diferir sustancialmente de estas declaraciones prospectivas. Muchos eventos y circunstancias reales escapan al control de Lucid. Estas declaraciones prospectivas est\u00e1n sujetas a diversos riesgos e incertidumbres, incluidos los factores analizados en el apartado \u00abFactores de Riesgo\u00bb de la Parte II, Punto 1A del Informe Trimestral de Lucid en el Formulario 10-Q correspondiente al trimestre finalizado el 31 de marzo de 2025, as\u00ed como otros documentos que Lucid ha presentado o presentar\u00e1 ante la Comisi\u00f3n de Bolsa y Valores. Si alguno de estos riesgos se materializa o las suposiciones de Lucid resultan incorrectas, los resultados reales podr\u00edan diferir sustancialmente de los impl\u00edcitos en estas declaraciones prospectivas. Puede haber riesgos adicionales que Lucid desconoce actualmente o que considera irrelevantes, que tambi\u00e9n podr\u00edan causar que los resultados reales difieran de los contenidos en las declaraciones prospectivas. Adem\u00e1s, las declaraciones prospectivas reflejan las expectativas, planes o previsiones de Lucid sobre eventos y perspectivas futuras a la fecha de esta comunicaci\u00f3n. Lucid anticipa que eventos y desarrollos posteriores har\u00e1n que sus evaluaciones cambien. Sin embargo, si bien Lucid podr\u00eda optar por actualizar estas declaraciones prospectivas en el futuro, declina expresamente cualquier obligaci\u00f3n de hacerlo. Estas declaraciones prospectivas no deben interpretarse como representativas de las evaluaciones de Lucid en una fecha posterior a la de esta comunicaci\u00f3n. Por consiguiente, no se debe confiar indebidamente en las declaraciones prospectivas.<\/p>\n<p> Foto &#8211; https:\/\/mma.prnewswire.com\/media\/2739526\/Lucid_Gravity_Exterrior_RGB.jpg<\/p>\n<p>\nFoto &#8212; https:\/\/mma.prnewswire.com\/media\/2739527\/Lucid_Frunk_RGB.jpg<\/p>\n<p>\nFoto &#8212; https:\/\/mma.prnewswire.com\/media\/2739528\/Lucid_TC_Interior.jpg<\/p>\n<p>\nLogo &#8212; https:\/\/mma.prnewswire.com\/media\/1080273\/LucidMotors_Logo.jpg<\/p>\n<p> View original content:https:\/\/www.prnewswire.com\/news-releases\/lucid-y-timothee-chalamet-unen-fuerzas-para-celebrar-el-poder-de-desafiar-el-statu-quo-302516030.html<\/p>\n","protected":false},"excerpt":{"rendered":"<p>(Informaci\u00f3n remitida por la empresa firmante) El galardonado actor fue nombrado Embajador Global de la Marca en una colaboraci\u00f3n plurianual, una primicia para el visionario fabricante de veh\u00edculos el\u00e9ctricos, que redefine el significado de \u00absin concesiones\u00bb NEWARK, California, 29 de julio de 2025 \/PRNewswire\/ &#8212; Lucid Group, Inc. (NASDAQ: LCID), el fabricante de los veh\u00edculos [&hellip;]<\/p>\n","protected":false},"author":1,"featured_media":0,"comment_status":"closed","ping_status":"closed","sticky":false,"template":"","format":"standard","meta":{"footnotes":""},"categories":[2],"tags":[],"class_list":["post-62791","post","type-post","status-publish","format-standard","hentry","category-noticias"],"_links":{"self":[{"href":"https:\/\/webciudadana.net\/index.php?rest_route=\/wp\/v2\/posts\/62791","targetHints":{"allow":["GET"]}}],"collection":[{"href":"https:\/\/webciudadana.net\/index.php?rest_route=\/wp\/v2\/posts"}],"about":[{"href":"https:\/\/webciudadana.net\/index.php?rest_route=\/wp\/v2\/types\/post"}],"author":[{"embeddable":true,"href":"https:\/\/webciudadana.net\/index.php?rest_route=\/wp\/v2\/users\/1"}],"replies":[{"embeddable":true,"href":"https:\/\/webciudadana.net\/index.php?rest_route=%2Fwp%2Fv2%2Fcomments&post=62791"}],"version-history":[{"count":0,"href":"https:\/\/webciudadana.net\/index.php?rest_route=\/wp\/v2\/posts\/62791\/revisions"}],"wp:attachment":[{"href":"https:\/\/webciudadana.net\/index.php?rest_route=%2Fwp%2Fv2%2Fmedia&parent=62791"}],"wp:term":[{"taxonomy":"category","embeddable":true,"href":"https:\/\/webciudadana.net\/index.php?rest_route=%2Fwp%2Fv2%2Fcategories&post=62791"},{"taxonomy":"post_tag","embeddable":true,"href":"https:\/\/webciudadana.net\/index.php?rest_route=%2Fwp%2Fv2%2Ftags&post=62791"}],"curies":[{"name":"wp","href":"https:\/\/api.w.org\/{rel}","templated":true}]}}