{"id":62799,"date":"2025-07-30T11:31:43","date_gmt":"2025-07-30T09:31:43","guid":{"rendered":"https:\/\/ticker-noticiasep.microcontenidos.com\/NoticiaRSS.vbhtml?user=FRND562DLP&amp;cod=20250730113143"},"modified":"2025-07-30T11:31:43","modified_gmt":"2025-07-30T09:31:43","slug":"miramar-se-convierte-en-el-epicentro-del-entretenimiento-familiar-con-conciertos-y-cine-al-aire-libre","status":"publish","type":"post","link":"https:\/\/webciudadana.net\/?p=62799","title":{"rendered":"Miramar se convierte en el epicentro del entretenimiento familiar con conciertos y cine al aire libre"},"content":{"rendered":"\n<div><img decoding=\"async\" src=\"https:\/\/img.europapress.es\/fotoweb\/fotonoticia_20250730113143_300.jpg\" class=\"ff-og-image-inserted\"><\/div>\n<p>(Informaci\u00f3n remitida por la empresa firmante)<\/p>\n<p>\nDurante el mes de agosto se celebran cinco conciertos en el espacio al aire libre del centro comercial. Ivi Cruz, D\u00fao Street Manhattan, Black Soul Duo y los m\u00fasicos y compositores malague\u00f1os Iris Nieto y Toni Caballero amenizar\u00e1n las noches en la Terraza de Miramar<\/p>\n<p>\nCine de verano con fines ben\u00e9ficos, atracciones al aire libre, juegos en l\u00ednea de realidad virtual y el espacio de selfies \u2018Aloha Point\u2019 componen el men\u00fa veraniego<\/p>\n<p>\nFuengirola (M\u00e1laga), 30 de julio de 2025.-<\/p>\n<p>\nLa terraza del centro comercial Miramar retoma su protagonismo durante la \u00e9poca estival proponiendo actividades de ocio y entretenimiento a todos los visitantes. Con m\u00fasica en vivo durante todos los domingos del mes de agosto y con acceso totalmente gratuito a partir de las 20.00h de la tarde, el centro comercial malague\u00f1o propone cinco conciertos de m\u00fasica en directo para los visitantes.<\/p>\n<p>\nEl primer domingo, el 3 de agosto, \u2018La Terraza de Miramar\u2019 dar\u00e1 la bienvenida a la cantante local Ivi Cruz, quien acercar\u00e1 los \u00e9xitos del rock y pop saltando por las diferentes \u00e9pocas para recrear con soltura encima del escenario una variedad de temas con influencias del soul.* La siguiente fecha en el calendario es el 10 de agosto con la actuaci\u00f3n de D\u00fao Street Manhattan. La m\u00fasica del alma de Black Soul Duo forma parte del cartel musical y aterrizar\u00e1 con toda su elegancia el domingo 17 de agosto con un cuidado repertorio interpretando \u00e9xitos nacionales e internacionales.<\/p>\n<p>\nEl 24 de agosto ser\u00e1 el turno para la cantante malague\u00f1a, compositora y obo\u00edsta, Iris Nieto. Licenciada por el Conservatorio Superior de M\u00fasica de M\u00e1laga por oboe acercar\u00e1 la magia a trav\u00e9s del instrumento de viento madera que le acompa\u00f1a como artista. El cierre musical de los conciertos llega el 31 de agosto con la interpretaci\u00f3n del compositor malague\u00f1o Toni Caballero, con un ac\u00fastico de interpretaciones internacionales que forman parte de su gran repertorio para encandilar al p\u00fablico.<\/p>\n<p>\nCine de verano y ocio familiar<\/p>\n<p>\nUn a\u00f1o m\u00e1s Miramar colabora con el Ayuntamiento de Fuengirola a trav\u00e9s del Cine de Verano. Tres propuestas de largometrajes para toda la familia se dar\u00e1n cita a partir de las 22.00h, en el recinto Marenostrum los d\u00edas 30 de julio, 19 y 20 de agosto. Las pel\u00edculas de animaci\u00f3n seleccionadas para la proyecci\u00f3n son \u2018Gru: mi villano favorito 4\u2019 seleccionada para la primera sesi\u00f3n de cine al aire libre. El d\u00eda 30 de julio ser\u00e1 el turno del gato m\u00e1s popular en la pantalla con \u2018Garfield: la pel\u00edcula\u2019. La comedia familiar espa\u00f1ola reinar\u00e1 el martes 19 y mi\u00e9rcoles 20 de agosto con los largometrajes dirigidos por Santiago Segura \u2018Padre no hay m\u00e1s que uno\u2019 y \u2018Vacaciones de verano\u2019. El acceso al recinto es gratuito, pudiendo llevar cada usuario su propia silla o toalla para disfrutar de las noches de cine. Toda la recaudaci\u00f3n obtenida en los cuatro pases se destinar\u00e1 a la Asociaci\u00f3n de Familiares de Enfermos de Alzheimer (AFA) y a la Asociaci\u00f3n Espa\u00f1ola Contra el C\u00e1ncer (AECC).<\/p>\n<p>\nEste verano los visitantes podr\u00e1n inmortalizar su paso por el centro comercial en el \u2018selfie point\u2019 \u2018Aloha Miramar\u2019. En este punto situado en la planta terraza, junto a los cines, las familias podr\u00e1n sacarse una foto y as\u00ed llevarse un recuerdo de un verano invadido por el esp\u00edritu aloha en Miramar. Todos los s\u00e1bados, de 17.30h a 20.30h, el personal se encargar\u00e1 de recibir a los visitantes y de repartir regalos tem\u00e1ticos para inmortalizar la estaci\u00f3n m\u00e1s divertida del a\u00f1o.<\/p>\n<p>\n*La Terraza de Miramar se presenta como un espacio vivo y latente que combina el ocio para todos, el entretenimiento y la restauraci\u00f3n. La cadena de pintxos y tapas Lizarran se ha unido recientemente completando as\u00ed la propuesta que ya ofrec\u00eda con 100 Montaditos o Casa Carmen. Contemplar el atardecer y disfrutar de las noches de verano es posible desde el espacio \u2018Chill Out\u2019 de la terraza con las mejores panor\u00e1micas de la ciudad.<\/p>\n<p>\nEl ocio familiar est\u00e1 integrado en la filosof\u00eda de Miramar con atracciones infantiles situadas en la terraza. El Mini Karting, una pista de casi 500 metros, conjuga la adrenalina y la seguridad para los amantes del motor. La realidad virtual ha llegado tambi\u00e9n a Miramar con el espacio Zero Latency, una actividad abierta al p\u00fablico a partir de los 10 a\u00f1os, para vivir la experiencia de partidas virtuales sin cables. Los m\u00e1s peque\u00f1os tienen su propio espacio en el que pueden disfrutar de las atracciones al aire libre y con unas vistas de excepci\u00f3n desde \u2018La Terraza de Miramar\u2019.<\/p>\n<p>\n*<\/p>\n<p>\n\u00daltimas aperturas de Miramar<\/p>\n<p>\nModa y cuidados han sido las verticales que han enmarcado las \u00faltimas aperturas del centro comercial Miramar. La firma de moda Bershka, ubicada en la planta alta entre Zara Home y Punt Roma, ha reabierto en un espacio m\u00e1s amplio y actual. Al igual lo ha hecho Zara, reabriendo sus puertas a finales de mayo.* En materia de cuidados est\u00e9ticos, \u00danico Life ha abierto sus puertas a finales de junio en la planta baja frente a las l\u00edneas de caja de Carrefour, presentando una propuesta de depilaci\u00f3n l\u00e1ser y medicina est\u00e9tica sin cirug\u00eda, facilitando al usuario tratamientos faciales, corporales y de nutricosm\u00e9tica.<\/p>\n<p>\n*<\/p>\n<p>\nSobre Miramar<\/p>\n<p>\nConstruido en el a\u00f1o 2004, Miramar cuenta con 50.000 metros cuadrados de superficie, que lo posicionan como uno de los centros comerciales m\u00e1s grandes de la Costa del Sol. El centro cuenta con 140 establecimientos distribuidos en dos plantas, un parking con 2.700 plazas y una terraza exterior de 10.000 metros cuadrados. Adem\u00e1s, dispone de establecimientos de primer nivel como Primark, Carrefour, C&amp;A, Sfera, H&amp;M o grupo Inditex, y cuenta con una zona de restauraci\u00f3n con los mejores restaurantes para disfrutar en familia, a los que se a\u00f1aden 12 salas de cines Cinesur.<\/p>\n<p>\nEnfocado en mejorar la experiencia de sus usuarios, Miramar ofrece una amplia variedad de servicios como parking gratuito, accesos especiales para personas con movilidad reducida, ludoteca infantil, retransmisi\u00f3n de deportes en pantalla gigante, sala de lactancia, y un punto de recarga el\u00e9ctrico para m\u00f3viles, entre otras funciones.<\/p>\n<p>\n*<\/p>\n<p>\nContacto prensa:<\/p>\n<p>\nLeopoldo Eduardo Alonso Llofriu- 600 90 56 25<\/p>\n<p>\nleopoldoalonso@europapress.es*<\/p>\n<p>\nSandra Delgado- 600 90 50 85<\/p>\n<p>\nsandradelgado@europapress.es<\/p>\n<p>\nVirginia Garc\u00eda- 679 17 79 45<\/p>\n<p>\nvirginiagarcia@europapress.es<\/p>\n","protected":false},"excerpt":{"rendered":"<p>(Informaci\u00f3n remitida por la empresa firmante) Durante el mes de agosto se celebran cinco conciertos en el espacio al aire libre del centro comercial. Ivi Cruz, D\u00fao Street Manhattan, Black Soul Duo y los m\u00fasicos y compositores malague\u00f1os Iris Nieto y Toni Caballero amenizar\u00e1n las noches en la Terraza de Miramar Cine de verano con [&hellip;]<\/p>\n","protected":false},"author":1,"featured_media":0,"comment_status":"closed","ping_status":"closed","sticky":false,"template":"","format":"standard","meta":{"footnotes":""},"categories":[2],"tags":[],"class_list":["post-62799","post","type-post","status-publish","format-standard","hentry","category-noticias"],"_links":{"self":[{"href":"https:\/\/webciudadana.net\/index.php?rest_route=\/wp\/v2\/posts\/62799","targetHints":{"allow":["GET"]}}],"collection":[{"href":"https:\/\/webciudadana.net\/index.php?rest_route=\/wp\/v2\/posts"}],"about":[{"href":"https:\/\/webciudadana.net\/index.php?rest_route=\/wp\/v2\/types\/post"}],"author":[{"embeddable":true,"href":"https:\/\/webciudadana.net\/index.php?rest_route=\/wp\/v2\/users\/1"}],"replies":[{"embeddable":true,"href":"https:\/\/webciudadana.net\/index.php?rest_route=%2Fwp%2Fv2%2Fcomments&post=62799"}],"version-history":[{"count":0,"href":"https:\/\/webciudadana.net\/index.php?rest_route=\/wp\/v2\/posts\/62799\/revisions"}],"wp:attachment":[{"href":"https:\/\/webciudadana.net\/index.php?rest_route=%2Fwp%2Fv2%2Fmedia&parent=62799"}],"wp:term":[{"taxonomy":"category","embeddable":true,"href":"https:\/\/webciudadana.net\/index.php?rest_route=%2Fwp%2Fv2%2Fcategories&post=62799"},{"taxonomy":"post_tag","embeddable":true,"href":"https:\/\/webciudadana.net\/index.php?rest_route=%2Fwp%2Fv2%2Ftags&post=62799"}],"curies":[{"name":"wp","href":"https:\/\/api.w.org\/{rel}","templated":true}]}}