{"id":62805,"date":"2025-07-30T15:39:37","date_gmt":"2025-07-30T13:39:37","guid":{"rendered":"https:\/\/ticker-noticiasep.microcontenidos.com\/NoticiaRSS.vbhtml?user=FRND562DLP&amp;cod=20250730153937"},"modified":"2025-07-30T15:39:37","modified_gmt":"2025-07-30T13:39:37","slug":"sociedad-ceoma-pide-financiacion-para-las-protesis-dentales-y-cobertura-integral-para-las-personas-mayores","status":"publish","type":"post","link":"https:\/\/webciudadana.net\/?p=62805","title":{"rendered":"Sociedad: CEOMA pide financiaci\u00f3n para las pr\u00f3tesis dentales y cobertura integral para las personas mayores"},"content":{"rendered":"\n<p>(Informaci\u00f3n remitida por la empresa firmante)<\/p>\n<p>\nCEOMA celebra que el Gobierno incorpore a los mayores de 65 a\u00f1os en los servicios de salud bucodental, pero reclama \u00abmedidas concretas y urgentes\u00bb.<\/p>\n<p> Madrid, 30 de julio de 2025.- La Confederaci\u00f3n Espa\u00f1ola de Organizaciones de Mayores (CEOMA) ha valorado positivamente la decisi\u00f3n del Consejo de Ministros de ampliar la cartera com\u00fan de servicios de salud bucodental en el Sistema Nacional de Salud (SNS) durante 2025 e incorporar a las personas mayores de 65 a\u00f1os como nuevo colectivo beneficiario. No obstante, ha considerado insuficiente la medida y ha reclamado la financiaci\u00f3n de las pr\u00f3tesis dentales y una cobertura integral de la salud bucodental para el colectivo.<\/p>\n<p> En este sentido, ha recalcado que las pr\u00f3tesis completas y parciales \u00abson fundamentales para mantener la autoestima, evitar el aislamiento social y garantizar funciones b\u00e1sicas como la alimentaci\u00f3n y el habla\u00bb, por lo que \u00abnegar este acceso perpet\u00faa una forma de exclusi\u00f3n silenciosa, profundamente injusta y que impide una correcta socializaci\u00f3n de la vida de las personas\u00bb.<\/p>\n<p> CEOMA ha lamentado la falta de \u00abmedidas concretas y visibles\u00bb, y ha criticado que, \u00aba d\u00eda de hoy, no se haya puesto en marcha ning\u00fan programa operativo que materialice esta ampliaci\u00f3n de cobertura para las personas mayores, lo que supone una grave omisi\u00f3n frente a una necesidad social urgente\u00bb. \u00abLa salud bucodental es un derecho, no un lujo, y deber\u00eda formar parte integral de la sanidad p\u00fablica, especialmente para las personas mayores, que representan uno de los grupos con mayores necesidades no cubiertas\u00bb, ha subrayado el presidente de CEOMA, Jos\u00e9 Luis Fern\u00e1ndez Santillana.<\/p>\n<p> Reducir desigualdades.<\/p>\n<p> Fern\u00e1ndez Santillana ha insistido en que integrar la salud bucodental en la salud p\u00fablica permitir\u00eda \u00abreducir desigualdades sanitarias por motivos econ\u00f3micas, prevenir enfermedades cr\u00f3nicas agravadas por una mala salud bucodental y mejorar la calidad de vida, la autonom\u00eda personal y la dignidad, evitando el aislamiento, la soledad y la depresi\u00f3n\u00bb.<\/p>\n<p> Tambi\u00e9n ha recalcado la necesidad de atender \u00abde forma espec\u00edfica, prioritaria y urgente\u00bb a las personas mayores institucionalizadas y en situaci\u00f3n de dependencia, que \u00abtienen m\u00e1s dificultades para mantener su higiene bucal y acceder a tratamientos, y son particularmente vulnerables a infecciones, dolor cr\u00f3nico y deterioro del estado general\u00bb. \u00abQueremos m\u00e1s inmediatez y pasar e los anuncios a la materializaci\u00f3n de los mismos porque las personas mayores no pueden seguir esperando\u00bb, ha concluido.<\/p>\n<p> Confederaci\u00f3n Espa\u00f1ola de Organizaciones de Mayores.<\/p>\n<p> CEOMA es una entidad sin \u00e1nimo de lucro creada para la defensa de los derechos de las personas mayores. Representa a 26 organizaciones de mayores de las distintas Comunidades Aut\u00f3nomas, con m\u00e1s de 800.000 socios de base y m\u00e1s de 1.500 Asociaciones.<\/p>\n<p>\nM\u00e1s informaci\u00f3n: www.CEOMA.org.<\/p>\n<p>\nCelia Moreno Garrido.<\/p>\n<p>\nDirectora Gerente.<\/p>\n<p>\nceliamoreno@ceoma.org.<\/p>\n<p>\nTel.: 91 557 25 56.<\/p>\n<p>\n\u00c0gata Sala.<\/p>\n<p>\nEuropa Press Comunicaci\u00f3n.<\/p>\n<p>\nagatasala@europapress.es.<\/p>\n<p>\n600 90 55 38.<\/p>\n","protected":false},"excerpt":{"rendered":"<p>(Informaci\u00f3n remitida por la empresa firmante) CEOMA celebra que el Gobierno incorpore a los mayores de 65 a\u00f1os en los servicios de salud bucodental, pero reclama \u00abmedidas concretas y urgentes\u00bb. Madrid, 30 de julio de 2025.- La Confederaci\u00f3n Espa\u00f1ola de Organizaciones de Mayores (CEOMA) ha valorado positivamente la decisi\u00f3n del Consejo de Ministros de ampliar [&hellip;]<\/p>\n","protected":false},"author":1,"featured_media":0,"comment_status":"closed","ping_status":"closed","sticky":false,"template":"","format":"standard","meta":{"footnotes":""},"categories":[2],"tags":[],"class_list":["post-62805","post","type-post","status-publish","format-standard","hentry","category-noticias"],"_links":{"self":[{"href":"https:\/\/webciudadana.net\/index.php?rest_route=\/wp\/v2\/posts\/62805","targetHints":{"allow":["GET"]}}],"collection":[{"href":"https:\/\/webciudadana.net\/index.php?rest_route=\/wp\/v2\/posts"}],"about":[{"href":"https:\/\/webciudadana.net\/index.php?rest_route=\/wp\/v2\/types\/post"}],"author":[{"embeddable":true,"href":"https:\/\/webciudadana.net\/index.php?rest_route=\/wp\/v2\/users\/1"}],"replies":[{"embeddable":true,"href":"https:\/\/webciudadana.net\/index.php?rest_route=%2Fwp%2Fv2%2Fcomments&post=62805"}],"version-history":[{"count":0,"href":"https:\/\/webciudadana.net\/index.php?rest_route=\/wp\/v2\/posts\/62805\/revisions"}],"wp:attachment":[{"href":"https:\/\/webciudadana.net\/index.php?rest_route=%2Fwp%2Fv2%2Fmedia&parent=62805"}],"wp:term":[{"taxonomy":"category","embeddable":true,"href":"https:\/\/webciudadana.net\/index.php?rest_route=%2Fwp%2Fv2%2Fcategories&post=62805"},{"taxonomy":"post_tag","embeddable":true,"href":"https:\/\/webciudadana.net\/index.php?rest_route=%2Fwp%2Fv2%2Ftags&post=62805"}],"curies":[{"name":"wp","href":"https:\/\/api.w.org\/{rel}","templated":true}]}}