{"id":62823,"date":"2025-07-31T11:46:36","date_gmt":"2025-07-31T09:46:36","guid":{"rendered":"https:\/\/ticker-noticiasep.microcontenidos.com\/NoticiaRSS.vbhtml?user=FRND562DLP&amp;cod=20250731114636"},"modified":"2025-07-31T11:46:36","modified_gmt":"2025-07-31T09:46:36","slug":"sociedad-el-mexicano-armando-fonseca-gana-la-16-a-edicion-del-catalogo-iberoamerica-ilustra","status":"publish","type":"post","link":"https:\/\/webciudadana.net\/?p=62823","title":{"rendered":"Sociedad: El mexicano Armando Fonseca gana la 16.\u00aa edici\u00f3n del Cat\u00e1logo Iberoam\u00e9rica Ilustra"},"content":{"rendered":"\n<div><img decoding=\"async\" src=\"https:\/\/img.europapress.es\/fotoweb\/fotonoticia_20250731114636_300.jpg\" class=\"ff-og-image-inserted\"><\/div>\n<p>(Informaci\u00f3n remitida por la empresa firmante)<\/p>\n<p> Madrid, 31 de julio de 2025.- El ilustrador mexicano Armando Fonseca ha sido elegido ganador del 16.\u00ba Cat\u00e1logo Iberoam\u00e9rica Ilustra, una iniciativa de la Fundaci\u00f3n SM y la Feria Internacional del Libro de Guadalajara (FIL). El reconocimiento incluye un premio de 5.000 d\u00f3lares estadounidenses, as\u00ed como la oportunidad de dise\u00f1ar la portada del cat\u00e1logo y contar con un espacio destacado en la exposici\u00f3n oficial que se presentar\u00e1 en la FIL Guadalajara del 29 de noviembre al 7 de diciembre de este a\u00f1o.<\/p>\n<p> El jurado, reunido en Ciudad de M\u00e9xico, estuvo conformado por destacadas figuras del \u00e1mbito internacional: Carolina Rey Gallego (Colombia) e Isabella Del Monte (Italia), por parte de la FIL Guadalajara; y Andrea Fuentes Silva, Paulina Monserrat M\u00e1rquez Rubio (ambas de M\u00e9xico) y Pep Carri\u00f3 (Espa\u00f1a), en representaci\u00f3n de Fundaci\u00f3n SM.<\/p>\n<p> En su fallo, el jurado destac\u00f3 que la obra de Fonseca sobresale por \u00abla enorme calidad de su trabajo gr\u00e1fico y la original exploraci\u00f3n visual de sus ilustraciones, as\u00ed como la amplitud de un universo simb\u00f3lico arraigado en lo popular, con referencias arquet\u00edpicas reinterpretadas de forma po\u00e9tica\u00bb.<\/p>\n<p> Adem\u00e1s del ganador, el jurado seleccion\u00f3 a 44 ilustradores para integrar el cat\u00e1logo, entre ellos siete artistas espa\u00f1oles que han sido reconocidos por la calidad de sus propuestas, Saioa Aginako Lamarain (Pa\u00eds Vasco), Mar Azabal (Extremadura), Nuria Pocero \u00abNuppita Pittman\u00bb (Palencia), Hiurma Delgado Delgado (Canarias) y Estefan\u00eda Zorita de Villasante (Catalu\u00f1a) y Daniel Montero Gal\u00e1n y Ana Pez (Madrid).<\/p>\n<p> El Cat\u00e1logo Iberoam\u00e9rica Ilustra se ha consolidado como una de las principales plataformas de visibilizaci\u00f3n del talento gr\u00e1fico en la regi\u00f3n, promoviendo a\u00f1o tras a\u00f1o la excelencia y diversidad de la ilustraci\u00f3n iberoamericana.<\/p>\n<p> Plataforma para descubrir nuevos ilustradores iberoamericanos<\/p>\n<p> Con m\u00e1s de una d\u00e9cada de trayectoria, el Cat\u00e1logo Iberoam\u00e9rica Ilustra se ha consolidado como una plataforma de referencia para dar visibilidad al talento de los ilustradores de la regi\u00f3n. A\u00f1o tras a\u00f1o, este proyecto conjunto de la Fundaci\u00f3n SM y la FIL Guadalajara se convierte en una herramienta clave para editores y profesionales del sector editorial de todo el mundo, al reunir propuestas de gran calidad gr\u00e1fica y narrativa. Asimismo, es un ejemplo tangible del impacto que puede lograrse a trav\u00e9s del trabajo colaborativo en el \u00e1mbito cultural iberoamericano.<\/p>\n<p> En su 16.\u00aa edici\u00f3n, el Cat\u00e1logo Iberoam\u00e9rica Ilustra recibi\u00f3 682 trabajos de ilustradores procedentes de 19 pa\u00edses de la regi\u00f3n. M\u00e9xico tuvo una presencia destacada, al alzarse con el primer premio -otorgado a Armando Fonseca- y liderar la selecci\u00f3n con 10 ilustradores incluidos en el cat\u00e1logo. Le siguieron Argentina, con 8 seleccionados, y Espa\u00f1a, con 6. Tambi\u00e9n destac\u00f3 la participaci\u00f3n de Colombia, que aport\u00f3 4 autores a esta prestigiosa muestra de la ilustraci\u00f3n iberoamericana.<\/p>\n<p> El fallo se anunci\u00f3 en la tarde de ayer, 30 de julio, a trav\u00e9s de la p\u00e1gina web iberoamericailustra.com y la ceremonia de entrega se llevar\u00e1 a cabo el 30 de noviembre dentro de las actividades de la Feria Internacional del Libro de Guadalajara.<\/p>\n<p> El jurado tambi\u00e9n otorg\u00f3 menciones especiales a los ilustradores Mar\u00eda Jos\u00e9 De Telleria (Argentina), Saioa Aginako Lamarain (Espa\u00f1a), Paula Bustamante (Chile) y Roc\u00edo Katz (Argentina).<\/p>\n<p> Sobre el ganador<\/p>\n<p> Armando Fonseca (Ciudad de M\u00e9xico, 1989) estudi\u00f3 Filosof\u00eda en la Universidad Nacional Aut\u00f3noma de M\u00e9xico (UNAM) y curs\u00f3 el diplomado Ilustraci\u00f3n, Procesos y Contextos en la Casa Universitaria del Libro de la misma instituci\u00f3n. Su trabajo ha sido publicado en M\u00e9xico, Espa\u00f1a y Portugal, y sus libros han recibido reconocimientos de entidades como la Fundaci\u00f3n Cuatrogatos, el Premio Antonio Garc\u00eda Cubas del INAH y la Lista de Honor de IBBY.<\/p>\n<p> Comunicaci\u00f3n SM Espa\u00f1a<\/p>\n<p> comunicacionsm@info.grupo-sm.com <\/p>\n<p> Carmen Palomino &#8211; (34) 649 454 680<\/p>\n<p> Margarita Mart\u00edn &#8211; (34) 617 721 845<\/p>\n<p> Ana Maria P\u00e9rez &#8211; (34) 600 906 574<\/p>\n","protected":false},"excerpt":{"rendered":"<p>(Informaci\u00f3n remitida por la empresa firmante) Madrid, 31 de julio de 2025.- El ilustrador mexicano Armando Fonseca ha sido elegido ganador del 16.\u00ba Cat\u00e1logo Iberoam\u00e9rica Ilustra, una iniciativa de la Fundaci\u00f3n SM y la Feria Internacional del Libro de Guadalajara (FIL). El reconocimiento incluye un premio de 5.000 d\u00f3lares estadounidenses, as\u00ed como la oportunidad de [&hellip;]<\/p>\n","protected":false},"author":1,"featured_media":0,"comment_status":"closed","ping_status":"closed","sticky":false,"template":"","format":"standard","meta":{"footnotes":""},"categories":[2],"tags":[],"class_list":["post-62823","post","type-post","status-publish","format-standard","hentry","category-noticias"],"_links":{"self":[{"href":"https:\/\/webciudadana.net\/index.php?rest_route=\/wp\/v2\/posts\/62823","targetHints":{"allow":["GET"]}}],"collection":[{"href":"https:\/\/webciudadana.net\/index.php?rest_route=\/wp\/v2\/posts"}],"about":[{"href":"https:\/\/webciudadana.net\/index.php?rest_route=\/wp\/v2\/types\/post"}],"author":[{"embeddable":true,"href":"https:\/\/webciudadana.net\/index.php?rest_route=\/wp\/v2\/users\/1"}],"replies":[{"embeddable":true,"href":"https:\/\/webciudadana.net\/index.php?rest_route=%2Fwp%2Fv2%2Fcomments&post=62823"}],"version-history":[{"count":0,"href":"https:\/\/webciudadana.net\/index.php?rest_route=\/wp\/v2\/posts\/62823\/revisions"}],"wp:attachment":[{"href":"https:\/\/webciudadana.net\/index.php?rest_route=%2Fwp%2Fv2%2Fmedia&parent=62823"}],"wp:term":[{"taxonomy":"category","embeddable":true,"href":"https:\/\/webciudadana.net\/index.php?rest_route=%2Fwp%2Fv2%2Fcategories&post=62823"},{"taxonomy":"post_tag","embeddable":true,"href":"https:\/\/webciudadana.net\/index.php?rest_route=%2Fwp%2Fv2%2Ftags&post=62823"}],"curies":[{"name":"wp","href":"https:\/\/api.w.org\/{rel}","templated":true}]}}