{"id":62825,"date":"2025-07-31T13:28:23","date_gmt":"2025-07-31T11:28:23","guid":{"rendered":"https:\/\/ticker-noticiasep.microcontenidos.com\/NoticiaRSS.vbhtml?user=FRND562DLP&amp;cod=20250731132823"},"modified":"2025-07-31T13:28:23","modified_gmt":"2025-07-31T11:28:23","slug":"el-faro-encara-la-segunda-parte-de-su-programa-de-verano-con-actuaciones-en-directo-y-animaciones-infantiles","status":"publish","type":"post","link":"https:\/\/webciudadana.net\/?p=62825","title":{"rendered":"El Faro encara la segunda parte de su programa de verano con actuaciones en directo y animaciones infantiles"},"content":{"rendered":"\n<div><img decoding=\"async\" src=\"https:\/\/img.europapress.es\/fotoweb\/fotonoticia_20250731132823_300.jpg\" class=\"ff-og-image-inserted\"><\/div>\n<p>(Informaci\u00f3n remitida por la empresa firmante)<\/p>\n<p>\nLas actividades se llevar\u00e1n a cabo durante los fines de semana de agosto en El Patio, en horario de tarde-noche, permitiendo que los visitantes puedan disfrutar de la zona de terrazas al aire libre<\/p>\n<p>\nEl Faro, con la primera parte del programa Summer Plan como principal protagonista, despidi\u00f3 el mes pasado como el mejor mes de julio en t\u00e9rminos de visitas de los \u00faltimos a\u00f1os, registrando un total de m\u00e1s de 800.000 visitas<\/p>\n<p>\nBADAJOZ, 31 (EUROPA PRESS)<\/p>\n<p>\nEl centro comercial El Faro encarar\u00e1 la segunda parte de su programa de verano \u2018Summer Plan\u2019 con conciertos de cante y baile flamenco, bailes urbanos, show de calistenia en vivo y fiestas infantiles para los m\u00e1s peque\u00f1os. Las actividades se llevar\u00e1n a cabo durante los fines de semana de agosto en El Patio, en horario de tarde-noche, permitiendo que los visitantes puedan disfrutar de estas veladas en la zona de terrazas al aire libre.<\/p>\n<p>\nLa agenda dar\u00e1 inicio este fin de semana con el flamenco como principal protagonista. Este viernes 1 de agosto, la Escuela Puro Flamenco deleitar\u00e1 a los visitantes con el espect\u00e1culo de baile \u2018El alma de mi sentir\u2019. Tras ello, el s\u00e1bado 2 de agosto estar\u00e1 dedicado al palo del cante de la mano del cuadro formado por Nane Ramos, Vicky Gonz\u00e1lez y Sara Castro. <\/p>\n<p>\nDe cara al 8 de agosto, la Escuela Urban Dance mostrar\u00e1 la energ\u00eda del baile urbano con una actuaci\u00f3n cargada de arte y disciplina. Este estilo de baile destaca por su adaptabilidad tanto al escenario como a los entornos p\u00fablicos, y combina estilos variados de m\u00fasica contempor\u00e1nea con hip-hop, resultando en una combinaci\u00f3n de creatividad, talento y un toque de improvisaci\u00f3n.<\/p>\n<p>\nEste mix art\u00edstico se ampliar\u00e1 el s\u00e1bado 9 de agosto con uno de los espect\u00e1culos m\u00e1s originales del programa: un show de calistenia (un deporte de fuerza y resistencia que emplea el propio peso corporal) a cargo del reconocido entrenador de esta disciplina, Pedro Sanabria. Bajo su mando, los profesionales realizar\u00e1n una exhibici\u00f3n de ejercicios f\u00edsicos que pasar\u00e1n por dominadas, flexiones o fondos, con la idea de unir habilidades atl\u00e9ticas y estilo art\u00edstico en una sola propuesta.<\/p>\n<p>\nLos m\u00e1s peque\u00f1os ser\u00e1n los protagonistas del fin de semana del 15 y 16 de agosto, con un aut\u00e9ntico fin de semana infantil que incluir\u00e1 animaciones, juegos y personajes de fantas\u00eda. De la mano de Festiocio, los ni\u00f1os disfrutar\u00e1n de una jornada cargada de actividades y diversi\u00f3n al aire libre junto a algunos de sus personajes de pel\u00edculas favoritos.<\/p>\n<p>\nDurante el fin de semana del 21 y 22 de agosto, las familias podr\u00e1n disfrutar de una variada agenda que incluir\u00e1 juegos populares y un impactante show de fuego al caer la tarde, en el que los artistas emplear\u00e1n bastones en llamas para sorprender al p\u00fablico asistente. Como colof\u00f3n, el s\u00e1bado 30 de agosto se celebrar\u00e1 el \u2018fin de fiesta\u2019, una jornada que pondr\u00e1 el broche de oro al Summer Plan de este verano.<\/p>\n<p>\nUN MES DE JULIO DE \u00c9XITO<\/p>\n<p>\nEl Faro, con la primera parte del programa Summer Plan como principal protagonista, despidi\u00f3 el mes pasado como el mejor mes de julio en t\u00e9rminos de visitas de los \u00faltimos a\u00f1os, registrando un total de m\u00e1s de 800.000 visitas. La m\u00fasica en directo, los talleres infantiles, los juegos relacionados con el mundo del motor y la magia lograron no solo dinamizar la zona exterior de El Patio, si no reforzar el posicionamiento del centro como un destino de ocio referente, tambi\u00e9n en verano.<\/p>\n<p>\nDesde la gerencia de El Faro han se\u00f1alado que \u201cel r\u00e9cord de afluencias batido en julio confirma la buena acogida del programa \u2018Summer Plan\u2019 y consolida la posici\u00f3n cada vez m\u00e1s fuerte que existe de El Faro en su entorno\u201d. \u201cArrancamos agosto con la misma ilusi\u00f3n, con una agenda pensada para seguir sorprendiendo y ofreciendo experiencias divertidas como punto de encuentro en estas fechas tan marcadas\u201d.<\/p>\n<p>\nSOBRE EL FARO<\/p>\n<p>\nInaugurado en 2012, El Faro es el principal centro comercial de referencia en Extremadura. Propiedad de Castellana Properties y gestionado por Cushman &amp; Wakefield, en sus m\u00e1s de 66.000 m2 de superficie comercial el centro re\u00fane una amplia y variada oferta de moda, restauraci\u00f3n, ocio y servicios, con m\u00e1s de 100 establecimientos, incluyendo marcas nacionales e internacionales de primer nivel.<\/p>\n<p>\nEn total, el centro comercial genera un total de m\u00e1s de 1.200 puestos de trabajo, y acoge m\u00e1s de 8M de visitas al a\u00f1o. Ubicado junto a la A-5 y a pocos minutos del centro de Badajoz, El Faro es un espacio din\u00e1mico, moderno y accesible, que apuesta por la innovaci\u00f3n, la sostenibilidad y la experiencia del visitante. Adem\u00e1s, acoge numerosas actividades culturales, sociales y de entretenimiento a lo largo del a\u00f1o, reforzando su papel como punto de encuentro para familias, j\u00f3venes y visitantes de ambos lados de la frontera.<\/p>\n","protected":false},"excerpt":{"rendered":"<p>(Informaci\u00f3n remitida por la empresa firmante) Las actividades se llevar\u00e1n a cabo durante los fines de semana de agosto en El Patio, en horario de tarde-noche, permitiendo que los visitantes puedan disfrutar de la zona de terrazas al aire libre El Faro, con la primera parte del programa Summer Plan como principal protagonista, despidi\u00f3 el [&hellip;]<\/p>\n","protected":false},"author":1,"featured_media":0,"comment_status":"closed","ping_status":"closed","sticky":false,"template":"","format":"standard","meta":{"footnotes":""},"categories":[2],"tags":[],"class_list":["post-62825","post","type-post","status-publish","format-standard","hentry","category-noticias"],"_links":{"self":[{"href":"https:\/\/webciudadana.net\/index.php?rest_route=\/wp\/v2\/posts\/62825","targetHints":{"allow":["GET"]}}],"collection":[{"href":"https:\/\/webciudadana.net\/index.php?rest_route=\/wp\/v2\/posts"}],"about":[{"href":"https:\/\/webciudadana.net\/index.php?rest_route=\/wp\/v2\/types\/post"}],"author":[{"embeddable":true,"href":"https:\/\/webciudadana.net\/index.php?rest_route=\/wp\/v2\/users\/1"}],"replies":[{"embeddable":true,"href":"https:\/\/webciudadana.net\/index.php?rest_route=%2Fwp%2Fv2%2Fcomments&post=62825"}],"version-history":[{"count":0,"href":"https:\/\/webciudadana.net\/index.php?rest_route=\/wp\/v2\/posts\/62825\/revisions"}],"wp:attachment":[{"href":"https:\/\/webciudadana.net\/index.php?rest_route=%2Fwp%2Fv2%2Fmedia&parent=62825"}],"wp:term":[{"taxonomy":"category","embeddable":true,"href":"https:\/\/webciudadana.net\/index.php?rest_route=%2Fwp%2Fv2%2Fcategories&post=62825"},{"taxonomy":"post_tag","embeddable":true,"href":"https:\/\/webciudadana.net\/index.php?rest_route=%2Fwp%2Fv2%2Ftags&post=62825"}],"curies":[{"name":"wp","href":"https:\/\/api.w.org\/{rel}","templated":true}]}}