{"id":62873,"date":"2025-08-05T07:59:51","date_gmt":"2025-08-05T05:59:51","guid":{"rendered":"https:\/\/ticker-noticiasep.microcontenidos.com\/NoticiaRSS.vbhtml?user=FRND562DLP&amp;cod=20250805075951"},"modified":"2025-08-05T07:59:51","modified_gmt":"2025-08-05T05:59:51","slug":"mundo-drees-sommer-disena-una-avanzada-instalacion-de-id-en-semiconductores-para-imec-en-malaga","status":"publish","type":"post","link":"https:\/\/webciudadana.net\/?p=62873","title":{"rendered":"Mundo: Drees &amp; Sommer dise\u00f1a una avanzada instalaci\u00f3n de I+D en semiconductores para imec en M\u00e1laga"},"content":{"rendered":"\n<div><img decoding=\"async\" src=\"https:\/\/img.europapress.es\/fotoweb\/fotonoticia_20250805075951_300.jpg\" class=\"ff-og-image-inserted\"><\/div>\n<p>(Informaci\u00f3n remitida por la empresa firmante)<\/p>\n<p>\nM\u00e1laga, 5 de agosto de 2025 (News Aktuell).- Drees &amp; Sommer, empresa global de consultor\u00eda, dise\u00f1o y gesti\u00f3n de proyectos especializada en el sector inmobiliario, infraestructura e industria, ha sido seleccionada como socio especialista en dise\u00f1o para la avanzada instalaci\u00f3n de I+D en semiconductores y los edificios auxiliares asociados de imec en M\u00e1laga, Espa\u00f1a. El proyecto se est\u00e1 desarrollando con el impulso y apoyo del Gobierno de Espa\u00f1a y est\u00e1 liderado por la empresa p\u00fablica de ingenier\u00eda Ineco.<\/p>\n<p>\nLa instalaci\u00f3n en M\u00e1laga representar\u00e1 un hito para posicionar a Espa\u00f1a como un actor internacional en el sector de los semiconductores, reforzando los pasos de la UE para lograr la soberan\u00eda en esta industria. El emplazamiento albergar\u00e1 instalaciones de I+D con salas limpias de \u00faltima generaci\u00f3n y oficinas administrativas, y est\u00e1 llamado a convertirse en un referente en infraestructura sostenible en el sur de Europa.<\/p>\n<p>\nUn proyecto emblem\u00e1tico para el entorno construido de alta tecnolog\u00eda en Espa\u00f1a<\/p>\n<p>\nUbicado en el M\u00e1laga TechPark, el nuevo sitio de imec ocupar\u00e1 aproximadamente 32.000 metros cuadrados de superficie construida en una parcela de 46.000 metros cuadrados. En su n\u00facleo contar\u00e1 con una avanzada instalaci\u00f3n de I+D en semiconductores con una sala limpia de 2.000 metros cuadrados, con la opci\u00f3n de a\u00f1adir otra sala limpia de 2.000 metros cuadrados como parte de una futura expansi\u00f3n. Se espera que la instalaci\u00f3n genere hasta 250 empleos directos una vez que est\u00e9 en funcionamiento.<\/p>\n<p>\nApoyado por el Gobierno de Espa\u00f1a y los fondos Next Generation de la Uni\u00f3n Europea, el proyecto est\u00e1 concebido como un faro para la naciente industria espa\u00f1ola de semiconductores y una piedra angular de sus esfuerzos de transformaci\u00f3n digital. El proyecto representa una inversi\u00f3n total de 611 millones de euros. Imec, junto con el Gobierno de Espa\u00f1a y la Junta de Andaluc\u00eda, firmaron recientemente un Memorando de Entendimiento (MoU) para poner en marcha el proyecto.<\/p>\n<p>\nUna visi\u00f3n a futuro con un enfoque sostenible<\/p>\n<p>\nComo parte de la fase inicial de dise\u00f1o para la nueva instalaci\u00f3n de imec en M\u00e1laga, Drees &amp; Sommer ha sido subcontratada por Ineco para ofrecer servicios especializados de dise\u00f1o para la instalaci\u00f3n de I+D y los edificios de servicios asociados.<\/p>\n<p>\nEl objetivo es traducir la identidad global de imec en un campus altamente sostenible y t\u00e9cnicamente avanzado, adaptado a los requisitos de la investigaci\u00f3n y desarrollo de semiconductores de vanguardia.<\/p>\n<p>\nAunque el concepto arquitect\u00f3nico a\u00fan est\u00e1 en desarrollo, el proyecto ya plantea ambiciones clave como minimizar el consumo de energ\u00eda y agua, reducir las emisiones de carbono, priorizar materiales y m\u00e9todos sostenibles, e incorporar principios de econom\u00eda circular en todo el ciclo de vida de la instalaci\u00f3n.<\/p>\n<p>\n\u201cDesde el principio, quisimos que esta instalaci\u00f3n reflejara nuestro compromiso no solo con la excelencia tecnol\u00f3gica, sino tambi\u00e9n con la creaci\u00f3n de un entorno de trabajo verdaderamente centrado en las personas\u201d, declar\u00f3 Karel van Gils, director general regional de imec. \u201cDrees &amp; Sommer ha adoptado plenamente esa visi\u00f3n\u2014dando prioridad al bienestar, la colaboraci\u00f3n y la inclusi\u00f3n desde las primeras etapas del dise\u00f1o.\u201d<\/p>\n<p>\n\u201cNuestro objetivo es crear una instalaci\u00f3n industrial preparada para el futuro, que combine una funcionalidad de alto rendimiento con una sostenibilidad con visi\u00f3n de futuro\u201d, afirm\u00f3 Silvia Turtschan, directora en Drees &amp; Sommer. \u201cEstamos trabajando en estrecha colaboraci\u00f3n con imec y los socios del proyecto para dar forma a un dise\u00f1o que cumpla con las exigencias t\u00e9cnicas y al mismo tiempo aporte un valor ambiental y social a largo plazo.\u201d<\/p>\n<p>\n\u201cEn Ineco estamos encantados de formar parte de este proyecto. Es una gran oportunidad para aportar nuestra experiencia en la gesti\u00f3n de grandes y complejos proyectos \u2014alineando capacidades t\u00e9cnicas, financiaci\u00f3n europea y visi\u00f3n estrat\u00e9gica\u201d, se\u00f1al\u00f3 Sergio V\u00e1zquez Torr\u00f3n, presidente de Ineco.<\/p>\n<p>\nEste proyecto refleja la ambici\u00f3n de la UE de fomentar la colaboraci\u00f3n transfronteriza, impulsada por empresas que aportan su experiencia, conocimiento y m\u00e9todos.<\/p>\n<p>\n*<\/p>\n<p>\nMedia Contact: Daniela Tatarlieva<\/p>\n<p>\nMarketing Manager Global Marketing<\/p>\n<p>\nDrees &amp; Sommer SE<\/p>\n<p>\nPhone: +49 711 1317-2485<\/p>\n<p>\nMobile: +49 172 7699537<\/p>\n<p>\nEmail: daniela.tatarlieva@dreso.com<\/p>\n<p>\nWebsite: www.dreso.com<\/p>\n","protected":false},"excerpt":{"rendered":"<p>(Informaci\u00f3n remitida por la empresa firmante) M\u00e1laga, 5 de agosto de 2025 (News Aktuell).- Drees &amp; Sommer, empresa global de consultor\u00eda, dise\u00f1o y gesti\u00f3n de proyectos especializada en el sector inmobiliario, infraestructura e industria, ha sido seleccionada como socio especialista en dise\u00f1o para la avanzada instalaci\u00f3n de I+D en semiconductores y los edificios auxiliares asociados [&hellip;]<\/p>\n","protected":false},"author":1,"featured_media":0,"comment_status":"closed","ping_status":"closed","sticky":false,"template":"","format":"standard","meta":{"footnotes":""},"categories":[2],"tags":[],"class_list":["post-62873","post","type-post","status-publish","format-standard","hentry","category-noticias"],"_links":{"self":[{"href":"https:\/\/webciudadana.net\/index.php?rest_route=\/wp\/v2\/posts\/62873","targetHints":{"allow":["GET"]}}],"collection":[{"href":"https:\/\/webciudadana.net\/index.php?rest_route=\/wp\/v2\/posts"}],"about":[{"href":"https:\/\/webciudadana.net\/index.php?rest_route=\/wp\/v2\/types\/post"}],"author":[{"embeddable":true,"href":"https:\/\/webciudadana.net\/index.php?rest_route=\/wp\/v2\/users\/1"}],"replies":[{"embeddable":true,"href":"https:\/\/webciudadana.net\/index.php?rest_route=%2Fwp%2Fv2%2Fcomments&post=62873"}],"version-history":[{"count":0,"href":"https:\/\/webciudadana.net\/index.php?rest_route=\/wp\/v2\/posts\/62873\/revisions"}],"wp:attachment":[{"href":"https:\/\/webciudadana.net\/index.php?rest_route=%2Fwp%2Fv2%2Fmedia&parent=62873"}],"wp:term":[{"taxonomy":"category","embeddable":true,"href":"https:\/\/webciudadana.net\/index.php?rest_route=%2Fwp%2Fv2%2Fcategories&post=62873"},{"taxonomy":"post_tag","embeddable":true,"href":"https:\/\/webciudadana.net\/index.php?rest_route=%2Fwp%2Fv2%2Ftags&post=62873"}],"curies":[{"name":"wp","href":"https:\/\/api.w.org\/{rel}","templated":true}]}}