{"id":62891,"date":"2025-08-06T09:39:12","date_gmt":"2025-08-06T07:39:12","guid":{"rendered":"https:\/\/ticker-noticiasep.microcontenidos.com\/NoticiaRSS.vbhtml?user=FRND562DLP&amp;cod=20250806093912"},"modified":"2025-08-06T09:39:12","modified_gmt":"2025-08-06T07:39:12","slug":"mundo-bye-aerospace-y-electro-aero-se-unen-para-acelerar-el-crecimiento-del-mercado-de-la-aviacion-electrica","status":"publish","type":"post","link":"https:\/\/webciudadana.net\/?p=62891","title":{"rendered":"Mundo: Bye Aerospace y Electro.Aero se unen para acelerar el crecimiento del mercado de la aviaci\u00f3n el\u00e9ctrica"},"content":{"rendered":"\n<p>(Informaci\u00f3n remitida por la empresa firmante)<\/p>\n<p>\n&#8212; Bye Aerospace y Electro.Aero forjan una alianza de carga para acelerar el crecimiento del mercado de la aviaci\u00f3n el\u00e9ctrica<\/p>\n<p>\nCENTENNIAL, Colo., 6 de agosto de 2025 \/PRNewswire\/ &#8212; En una estrategia para impulsar la transformaci\u00f3n del mercado de aeronaves de entrenamiento de pilotos hacia aeronaves el\u00e9ctricas, Bye Aerospace y Electro.Aero firmaron un memorando de entendimiento (MOU) en el sal\u00f3n aeron\u00e1utico EAA AirVenture Oshkosh 2025 el 23 de julio de 2025 para desarrollar conjuntamente soluciones port\u00e1tiles de carga r\u00e1pida para la flota de eFlyer. Esta colaboraci\u00f3n fusiona tecnolog\u00eda de propulsi\u00f3n de vanguardia con una infraestructura de carga de \u00faltima generaci\u00f3n adaptada a la aviaci\u00f3n, ofreciendo soluciones escalables para uno de los segmentos de mayor crecimiento de la aviaci\u00f3n: el entrenamiento de pilotos.<\/p>\n<p> La colaboraci\u00f3n se dirige a un mercado en r\u00e1pida expansi\u00f3n. Seg\u00fan Fortune Business Insights, el mercado global de formaci\u00f3n de pilotos se valor\u00f3 en 9.370 millones de d\u00f3lares en 2024 y se proyecta que alcance los 24.860 millones de d\u00f3lares para 2032, con una tasa de crecimiento anual compuesta (TCAC) del 12,7%. Solo en Estados Unidos el mercado de formaci\u00f3n de pilotos se valor\u00f3 en 1.570 millones de d\u00f3lares en 2022 y se espera que alcance los 4.930 millones de d\u00f3lares para 2030, con una TCAC del 15,4%.<\/p>\n<p> Bye Aerospace se acerca a un hito importante con su prototipo eFlyer 2 a escala real, que se est\u00e1 fabricando en el Aeropuerto Centennial (KAPA), Colorado. Los cargadores de Electro.Aero de 40 kW, 80 kW y 240 kW \u2014con dise\u00f1os port\u00e1tiles y, en el caso del cargador de 240 kW, con capacidad de doble cable\u2014 permitir\u00e1n recargar entre vuelos en menos de 30 minutos, incluyendo la carga simult\u00e1nea de dos aeronaves en el cargador port\u00e1til de mayor capacidad. Esta alta capacidad de rendimiento se traduce en una importante eficiencia operativa y financiera para escuelas de vuelo, operadores de leasing y propietarios privados.<\/p>\n<p> Rod Zastrow, consejero delegado de Bye Aerospace, coment\u00f3:<\/p>\n<p> \u00abMientras nos preparamos para el vuelo inaugural de nuestro prototipo a escala real, nos entusiasma asociarnos con Electro Aero para demostrar la utilidad operativa que nuestras tecnolog\u00edas combinadas aportar\u00e1n a este mercado de formaci\u00f3n de pilotos, tan desatendido. La industria de la formaci\u00f3n de pilotos necesita, y pretendemos ofrecer, aeronaves con un coste de vuelo mucho menor y sistemas de carga operativamente eficaces. Nos entusiasma ofrecer carga r\u00e1pida simult\u00e1nea para dos aeronaves en menos de 30 minutos, lo que significa que nuestros clientes finalmente podr\u00e1n afrontar el exigente ritmo de la instrucci\u00f3n de vuelo con fiabilidad, eficiencia y costes operativos dr\u00e1sticamente reducidos\u00bb.<\/p>\n<p> Joshua Portlock, consejero delegado de Electro Aero, a\u00f1adi\u00f3:<\/p>\n<p> \u00abEn Electro.Aero nos complace enormemente asociarnos con la empresa pionera en la industria de la aviaci\u00f3n el\u00e9ctrica de ala fija. Prevemos que nuestros cargadores r\u00e1pidos port\u00e1tiles contribuir\u00e1n a generar los numerosos vuelos eFlyer totalmente el\u00e9ctricos necesarios para aumentar la formaci\u00f3n de pilotos en aerol\u00edneas, aviaci\u00f3n comercial y otros usos\u00bb.<\/p>\n<p> Esta colaboraci\u00f3n marca un paso fundamental en el desarrollo de soluciones de aviaci\u00f3n el\u00e9ctrica comercialmente viables que aborden tanto las necesidades operativas como las brechas de infraestructura en entornos de vuelo de alta demanda.<\/p>\n<p> Acerca de Bye Aerospace<\/p>\n<p>\nBye Aerospace es una empresa l\u00edder en innovaci\u00f3n en aviaci\u00f3n el\u00e9ctrica, comprometida con revolucionar el mercado de aeronaves generales y de entrenamiento con soluciones de cero emisiones y bajo coste operativo. Su plataforma insignia, eFlyer, est\u00e1 dise\u00f1ada para entornos de entrenamiento rigurosos y un despliegue escalable de flotas. El enfoque de Bye Aerospace en la certificaci\u00f3n, la eficiencia de vuelo y la integraci\u00f3n de infraestructura la posiciona a la vanguardia del mercado de aeronaves el\u00e9ctricas, en r\u00e1pida expansi\u00f3n.<\/p>\n<p> Acerca de Electro.Aero<\/p>\n<p>\nElectro.Aero se especializa en proporcionar tecnolog\u00eda de infraestructura de carga adaptada a la aviaci\u00f3n, incluyendo soluciones de carga port\u00e1tiles y escalables, compatibles con aeronaves. Con sede en Perth, Australia, la empresa impulsa la innovaci\u00f3n en infraestructura para impulsar la pr\u00f3xima generaci\u00f3n de aviaci\u00f3n limpia. Los cargadores modulares de Electro Aero est\u00e1n dise\u00f1ados para entornos de alto rendimiento, como los de entrenamiento de vuelo, impulsando la electrificaci\u00f3n de aeronaves de ala fija en todo el mundo.<\/p>\n<p> Contactos de medios:<\/p>\n<p>\nBye Aerospace, Inc.<\/p>\n<p> Lindsey Daugherty<\/p>\n<p>\nLindsey.daugherty@byeaerospace.com<\/p>\n<p>\n+1 970&#8211;290-8465<\/p>\n<p>\nElectro.Aero<\/p>\n<p>\nJoshua Portlock<\/p>\n<p>\ninfo@electro.aero<\/p>\n<p>\n+61409011447<\/p>\n<p>\nLogo &#8212; https:\/\/mma.prnewswire.com\/media\/2222129\/Bye_Aerospace_Logo.jpg<\/p>\n<p> View original content:https:\/\/www.prnewswire.com\/news-releases\/bye-aerospace-y-electroaero-se-unen-para-acelerar-el-crecimiento-del-mercado-de-la-aviacion-electrica-302522949.html<\/p>\n","protected":false},"excerpt":{"rendered":"<p>(Informaci\u00f3n remitida por la empresa firmante) &#8212; Bye Aerospace y Electro.Aero forjan una alianza de carga para acelerar el crecimiento del mercado de la aviaci\u00f3n el\u00e9ctrica CENTENNIAL, Colo., 6 de agosto de 2025 \/PRNewswire\/ &#8212; En una estrategia para impulsar la transformaci\u00f3n del mercado de aeronaves de entrenamiento de pilotos hacia aeronaves el\u00e9ctricas, Bye Aerospace [&hellip;]<\/p>\n","protected":false},"author":1,"featured_media":0,"comment_status":"closed","ping_status":"closed","sticky":false,"template":"","format":"standard","meta":{"footnotes":""},"categories":[2],"tags":[],"class_list":["post-62891","post","type-post","status-publish","format-standard","hentry","category-noticias"],"_links":{"self":[{"href":"https:\/\/webciudadana.net\/index.php?rest_route=\/wp\/v2\/posts\/62891","targetHints":{"allow":["GET"]}}],"collection":[{"href":"https:\/\/webciudadana.net\/index.php?rest_route=\/wp\/v2\/posts"}],"about":[{"href":"https:\/\/webciudadana.net\/index.php?rest_route=\/wp\/v2\/types\/post"}],"author":[{"embeddable":true,"href":"https:\/\/webciudadana.net\/index.php?rest_route=\/wp\/v2\/users\/1"}],"replies":[{"embeddable":true,"href":"https:\/\/webciudadana.net\/index.php?rest_route=%2Fwp%2Fv2%2Fcomments&post=62891"}],"version-history":[{"count":0,"href":"https:\/\/webciudadana.net\/index.php?rest_route=\/wp\/v2\/posts\/62891\/revisions"}],"wp:attachment":[{"href":"https:\/\/webciudadana.net\/index.php?rest_route=%2Fwp%2Fv2%2Fmedia&parent=62891"}],"wp:term":[{"taxonomy":"category","embeddable":true,"href":"https:\/\/webciudadana.net\/index.php?rest_route=%2Fwp%2Fv2%2Fcategories&post=62891"},{"taxonomy":"post_tag","embeddable":true,"href":"https:\/\/webciudadana.net\/index.php?rest_route=%2Fwp%2Fv2%2Ftags&post=62891"}],"curies":[{"name":"wp","href":"https:\/\/api.w.org\/{rel}","templated":true}]}}