{"id":62914,"date":"2025-08-08T01:27:52","date_gmt":"2025-08-07T23:27:52","guid":{"rendered":"https:\/\/ticker-noticiasep.microcontenidos.com\/NoticiaRSS.vbhtml?user=FRND562DLP&amp;cod=20250808012752"},"modified":"2025-08-08T01:27:52","modified_gmt":"2025-08-07T23:27:52","slug":"mundo-mas-de-400-compradores-e-inversionistas-globales-participaran-en-costa-rica-en-el-evento-de-negocios-mas-influyente-de-l","status":"publish","type":"post","link":"https:\/\/webciudadana.net\/?p=62914","title":{"rendered":"Mundo: M\u00e1s de 400 compradores e inversionistas globales participar\u00e1n en Costa Rica en el evento de negocios m\u00e1s influyente de l"},"content":{"rendered":"\n<div><img decoding=\"async\" src=\"https:\/\/img.europapress.es\/fotoweb\/fotonoticia_20250808012752_300.jpg\" class=\"ff-og-image-inserted\"><\/div>\n<p>(Informaci\u00f3n remitida por la empresa firmante)<\/p>\n<p>\nCosta Rica Trade &amp; Investment Summit reunir\u00e1 m\u00e1s de 1.000 empresas y proyecta al pa\u00eds como un destino estrat\u00e9gico para el comercio y la inversi\u00f3n<\/p>\n<p>\nM\u00e1s informaci\u00f3n y registro en: www.costaricasummit.com<\/p>\n<p>\nSAN JOS\u00c9, Costa Rica, 8 de agosto de 2025 \/PRNewswire\/ &#8212; Del 1 al 5 de septiembre, Costa Rica recibir\u00e1 a m\u00e1s de 400 compradores e inversionistas de 45 pa\u00edses en el Costa Rica Trade &amp; Investment Summit 2025, el evento empresarial m\u00e1s influyente de Am\u00e9rica Latina para quienes buscan oportunidades de negocio en exportaci\u00f3n e inversi\u00f3n.<\/p>\n<p> Organizado por la Promotora del Comercio Exterior de Costa Rica (PROCOMER), este encuentro integrar\u00e1 por primera vez la promoci\u00f3n de exportaciones y la atracci\u00f3n de inversi\u00f3n extranjera directa en un mismo espacio, con una experiencia enfocada en resultados concretos, alianzas estrat\u00e9gicas y visi\u00f3n a largo plazo.<\/p>\n<p> \u00abCosta Rica es uno de los socios comerciales y de inversi\u00f3n m\u00e1s confiables, estrat\u00e9gicos y visionarios del continente, con acceso a dos terceras partes del PIB mundial y una ubicaci\u00f3n estrat\u00e9gica para los negocios. Nuestra propuesta combina calidad, sostenibilidad e innovaci\u00f3n con una capacidad comprobada para generar enlaces. Este evento es una muestra del nivel con el que Costa Rica se proyecta al mundo y de la capacidad de PROCOMER de generar negocios entre empresarios, exportadores e inversionistas\u00bb, afirm\u00f3 Laura L\u00f3pez, Gerente General de PROCOMER.<\/p>\n<p> El Costa Rica Trade &amp; Investment Summit 2025 contar\u00e1 con la participaci\u00f3n de m\u00e1s de 1.000 empresas, entre exportadoras costarricenses, compa\u00f1\u00edas del cat\u00e1logo de proveedores especializados para inversi\u00f3n extranjera y multinacionales con operaciones en el pa\u00eds, lo que permitir\u00e1 una interacci\u00f3n estrat\u00e9gica de alto nivel y con visi\u00f3n multisectorial.<\/p>\n<p> Durante cinco d\u00edas, los asistentes internacionales acceder\u00e1n a m\u00e1s de 3.200 citas de negocio, vitrinas comerciales por sector, visitas t\u00e9cnicas a zonas francas y regiones productivas fuera y dentro de la Gran \u00c1rea Metropolitana, as\u00ed como charlas especializadas lideradas por figuras globales como Natalia Bayona, Directora Ejecutiva de ONU Turismo; Didi Caldwell, Directora Ejecutiva de Global Location Strategies; Katie McGinty, Vicepresidenta de Johnson Controls y Henry Loewendahl, CEO de Wavteq.<\/p>\n<p> La delegaci\u00f3n internacional incluye representantes de mercados clave como Estados Unidos, Alemania, Reino Unido, India, Jap\u00f3n, Canad\u00e1, M\u00e9xico, Colombia, Chile, Espa\u00f1a, Francia, Suiza, Pa\u00edses Bajos y Brasil, entre otros, consolidando al pa\u00eds como punto de encuentro para el talento, la sostenibilidad y las oportunidades de negocio de m\u00e1s alto nivel en la regi\u00f3n.<\/p>\n<p> En el primer semestre de 2025, Costa Rica export\u00f3 m\u00e1s de $11.000 millones en bienes, con una fuerte presencia de sectores como equipo m\u00e9dico de precisi\u00f3n, agr\u00edcola, alimentario, qu\u00edmico-farmac\u00e9utico y el\u00e9ctrico-electr\u00f3nico. Esta diversificaci\u00f3n de productos y destinos refleja una econom\u00eda resiliente, con capacidad t\u00e9cnica y valor agregado, que responde a las necesidades de los mercados globales con soluciones sostenibles y de alta calidad.<\/p>\n<p> Al mismo tiempo, Costa Rica se consolida como un destino de inversi\u00f3n internacional con m\u00e1s de 400 empresas multinacionales operando en su territorio, gracias a su talento humano especializado, r\u00e9gimen de zona franca, liderazgo en sostenibilidad y conectividad log\u00edstica. Sectores como dispositivos m\u00e9dicos, servicios corporativos, manufactura avanzada y tecnolog\u00eda encuentran aqu\u00ed un hub confiable para expandir operaciones con impacto.<\/p>\n<p> Para conocer m\u00e1s sobre la agenda, los sectores participantes y el proceso de inscripci\u00f3n como comprador o inversionista, visite: www.costaricasummit.com<\/p>\n<p>\nFoto &#8212; https:\/\/mma.prnewswire.com\/media\/2746597\/BTM_2024.jpg<\/p>\n<p> View original content:https:\/\/www.prnewswire.com\/news-releases\/mas-de-400-compradores-e-inversionistas-globales-participaran-en-costa-rica-en-el-evento-de-negocios-mas-influyente-de-la-region-302524929.html<\/p>\n","protected":false},"excerpt":{"rendered":"<p>(Informaci\u00f3n remitida por la empresa firmante) Costa Rica Trade &amp; Investment Summit reunir\u00e1 m\u00e1s de 1.000 empresas y proyecta al pa\u00eds como un destino estrat\u00e9gico para el comercio y la inversi\u00f3n M\u00e1s informaci\u00f3n y registro en: www.costaricasummit.com SAN JOS\u00c9, Costa Rica, 8 de agosto de 2025 \/PRNewswire\/ &#8212; Del 1 al 5 de septiembre, Costa [&hellip;]<\/p>\n","protected":false},"author":1,"featured_media":0,"comment_status":"closed","ping_status":"closed","sticky":false,"template":"","format":"standard","meta":{"footnotes":""},"categories":[2],"tags":[],"class_list":["post-62914","post","type-post","status-publish","format-standard","hentry","category-noticias"],"_links":{"self":[{"href":"https:\/\/webciudadana.net\/index.php?rest_route=\/wp\/v2\/posts\/62914","targetHints":{"allow":["GET"]}}],"collection":[{"href":"https:\/\/webciudadana.net\/index.php?rest_route=\/wp\/v2\/posts"}],"about":[{"href":"https:\/\/webciudadana.net\/index.php?rest_route=\/wp\/v2\/types\/post"}],"author":[{"embeddable":true,"href":"https:\/\/webciudadana.net\/index.php?rest_route=\/wp\/v2\/users\/1"}],"replies":[{"embeddable":true,"href":"https:\/\/webciudadana.net\/index.php?rest_route=%2Fwp%2Fv2%2Fcomments&post=62914"}],"version-history":[{"count":0,"href":"https:\/\/webciudadana.net\/index.php?rest_route=\/wp\/v2\/posts\/62914\/revisions"}],"wp:attachment":[{"href":"https:\/\/webciudadana.net\/index.php?rest_route=%2Fwp%2Fv2%2Fmedia&parent=62914"}],"wp:term":[{"taxonomy":"category","embeddable":true,"href":"https:\/\/webciudadana.net\/index.php?rest_route=%2Fwp%2Fv2%2Fcategories&post=62914"},{"taxonomy":"post_tag","embeddable":true,"href":"https:\/\/webciudadana.net\/index.php?rest_route=%2Fwp%2Fv2%2Ftags&post=62914"}],"curies":[{"name":"wp","href":"https:\/\/api.w.org\/{rel}","templated":true}]}}