{"id":62955,"date":"2025-08-12T12:51:11","date_gmt":"2025-08-12T10:51:11","guid":{"rendered":"https:\/\/ticker-noticiasep.microcontenidos.com\/NoticiaRSS.vbhtml?user=FRND562DLP&amp;cod=20250812125111"},"modified":"2025-08-12T12:51:11","modified_gmt":"2025-08-12T10:51:11","slug":"mundo-tcl-impulsa-la-vida-de-nueva-generacion-con-una-exhibicion-de-tecnologia-de-vanguardia-en-ifa-2025","status":"publish","type":"post","link":"https:\/\/webciudadana.net\/?p=62955","title":{"rendered":"Mundo: TCL impulsa la vida de nueva generaci\u00f3n con una exhibici\u00f3n de tecnolog\u00eda de vanguardia en IFA 2025"},"content":{"rendered":"\n<div><img decoding=\"async\" src=\"https:\/\/img.europapress.es\/fotoweb\/fotonoticia_20250812125111_300.jpg\" class=\"ff-og-image-inserted\"><\/div>\n<p>(Informaci\u00f3n remitida por la empresa firmante)<\/p>\n<p>\nSHENZHEN, China, 12 de agosto de 2025 \/PRNewswire\/ &#8212; TCL, l\u00edder mundial en electr\u00f3nica de consumo y la marca l\u00edder mundial de televisores Mini LED y Ultra Large[1], se complace en anunciar su participaci\u00f3n en la pr\u00f3xima IFA 2025, que se celebrar\u00e1 del 5 al 9 de septiembre en Berl\u00edn. Como patrocinador ol\u00edmpico mundial, TCL encender\u00e1 el esp\u00edritu ol\u00edmpico en la IFA con un dise\u00f1o de stand creativo que da vida a la adrenalina y la emoci\u00f3n del deporte y la tecnolog\u00eda de primer nivel. Este evento marca la \u00faltima de una serie de iniciativas de la campa\u00f1a mundial de patrocinio ol\u00edmpico de TCL, de cara a los Juegos Ol\u00edmpicos de Invierno de 2026 en Mil\u00e1n.<\/p>\n<p> En IFA 2025, TCL presentar\u00e1 las \u00faltimas innovaciones revolucionarias que redefinen la vida moderna. Los visitantes experimentar\u00e1n tecnolog\u00edas de vanguardia, como las pantallas LED QD-Mini ultragrandes, la tecnolog\u00eda de pantalla NXTPAPER, gafas de realidad aumentada (RA), electrodom\u00e9sticos con inteligencia artificial como aires acondicionados, lavadoras, refrigeradores y m\u00e1s, que demuestran el compromiso de TCL con la creaci\u00f3n de soluciones inteligentes, personalizadas y sostenibles para el hogar.<\/p>\n<p> Los visitantes tambi\u00e9n experimentar\u00e1n c\u00f3mo la visi\u00f3n de TCL para la vida de la pr\u00f3xima generaci\u00f3n se extiende m\u00e1s all\u00e1 de los productos individuales mediante una serie de entornos inmersivos impulsados por las \u00faltimas tecnolog\u00edas de TCL. Estos incluyen el debut europeo de los robots con IA de TCL, junto con otras tecnolog\u00edas como soluciones energ\u00e9ticas para hogares inteligentes, cabinas inteligentes y TCL NXTHOME, donde la innovaci\u00f3n y el estilo de vida crean momentos significativos.<\/p>\n<p> No pierda la oportunidad de descubrir c\u00f3mo TCL est\u00e1 impulsando el futuro de la tecnolog\u00eda e inspirando grandeza a trav\u00e9s de la vida inteligente en IFA 2025.<\/p>\n<p> Detalles del evento TCL en IFA 2025:<\/p>\n<p>\nEstreno mundial de TCL en IFA 2025<\/p>\n<p>\nFecha y hora: 15:30 (CEST), 4 de septiembre de 2025 (Registro a las 15:00)<\/p>\n<p>\nLocalizaci\u00f3n: Hall 21A, Messedamm Berlin, Alemania<\/p>\n<p>\nExpositor de TCL en IFA 2025 <\/p>\n<p>\nFecha: 5-9 de septiembre de 2025<\/p>\n<p>\nLocalizaci\u00f3n: Hall 21A, Messedamm Berlin, Alemania<\/p>\n<p>\nAcerca de TCL<\/p>\n<p>\nTCL es una marca l\u00edder en electr\u00f3nica de consumo y un referente mundial en la industria de la televisi\u00f3n. Con presencia en m\u00e1s de 160 mercados a nivel mundial, TCL se especializa en la investigaci\u00f3n, el desarrollo y la fabricaci\u00f3n de productos electr\u00f3nicos de consumo, incluyendo televisores, sistemas de audio, electrodom\u00e9sticos, dispositivos m\u00f3viles, gafas inteligentes, pantallas comerciales y m\u00e1s. Para m\u00e1s informaci\u00f3n, visite el sitio web de TCL: https:\/\/www.tcl.com.<\/p>\n<p> Foto &#8211; https:\/\/mma.prnewswire.com\/media\/2748592\/Press_Image.jpg<\/p>\n<p> View original content:https:\/\/www.prnewswire.com\/news-releases\/tcl-impulsa-la-vida-de-nueva-generacion-con-una-exhibicion-de-tecnologia-de-vanguardia-en-ifa-2025-302527634.html<\/p>\n","protected":false},"excerpt":{"rendered":"<p>(Informaci\u00f3n remitida por la empresa firmante) SHENZHEN, China, 12 de agosto de 2025 \/PRNewswire\/ &#8212; TCL, l\u00edder mundial en electr\u00f3nica de consumo y la marca l\u00edder mundial de televisores Mini LED y Ultra Large[1], se complace en anunciar su participaci\u00f3n en la pr\u00f3xima IFA 2025, que se celebrar\u00e1 del 5 al 9 de septiembre en [&hellip;]<\/p>\n","protected":false},"author":1,"featured_media":0,"comment_status":"closed","ping_status":"closed","sticky":false,"template":"","format":"standard","meta":{"footnotes":""},"categories":[2],"tags":[],"class_list":["post-62955","post","type-post","status-publish","format-standard","hentry","category-noticias"],"_links":{"self":[{"href":"https:\/\/webciudadana.net\/index.php?rest_route=\/wp\/v2\/posts\/62955","targetHints":{"allow":["GET"]}}],"collection":[{"href":"https:\/\/webciudadana.net\/index.php?rest_route=\/wp\/v2\/posts"}],"about":[{"href":"https:\/\/webciudadana.net\/index.php?rest_route=\/wp\/v2\/types\/post"}],"author":[{"embeddable":true,"href":"https:\/\/webciudadana.net\/index.php?rest_route=\/wp\/v2\/users\/1"}],"replies":[{"embeddable":true,"href":"https:\/\/webciudadana.net\/index.php?rest_route=%2Fwp%2Fv2%2Fcomments&post=62955"}],"version-history":[{"count":0,"href":"https:\/\/webciudadana.net\/index.php?rest_route=\/wp\/v2\/posts\/62955\/revisions"}],"wp:attachment":[{"href":"https:\/\/webciudadana.net\/index.php?rest_route=%2Fwp%2Fv2%2Fmedia&parent=62955"}],"wp:term":[{"taxonomy":"category","embeddable":true,"href":"https:\/\/webciudadana.net\/index.php?rest_route=%2Fwp%2Fv2%2Fcategories&post=62955"},{"taxonomy":"post_tag","embeddable":true,"href":"https:\/\/webciudadana.net\/index.php?rest_route=%2Fwp%2Fv2%2Ftags&post=62955"}],"curies":[{"name":"wp","href":"https:\/\/api.w.org\/{rel}","templated":true}]}}