{"id":62962,"date":"2025-08-12T11:36:49","date_gmt":"2025-08-12T09:36:49","guid":{"rendered":"https:\/\/ticker-noticiasep.microcontenidos.com\/NoticiaRSS.vbhtml?user=FRND562DLP&amp;cod=20250812113649"},"modified":"2025-08-12T11:36:49","modified_gmt":"2025-08-12T09:36:49","slug":"his-barberia-presenta-las-tendencias-de-verano-en-cortes-de-cabello-y-barbas-para-caballeros","status":"publish","type":"post","link":"https:\/\/webciudadana.net\/?p=62962","title":{"rendered":"His Barber\u00eda presenta las tendencias de verano en cortes de cabello y barbas para caballeros"},"content":{"rendered":"\n<div><img decoding=\"async\" src=\"https:\/\/img.europapress.es\/fotoweb\/fotonoticia_20250812113649_300.jpg\" class=\"ff-og-image-inserted\"><\/div>\n<p>(Informaci\u00f3n remitida por la empresa firmante)<\/p>\n<p>\nLa llegada del verano trae consigo nuevas propuestas en est\u00e9tica masculina, en las que el cuidado del cabello y la barba se adaptan tanto a las tendencias como a las condiciones de la temporada. En este contexto, His Barber\u00eda, reconocida barber\u00eda en Madrid, presenta su selecci\u00f3n de cortes y estilos para caballeros que combinan frescura, funcionalidad y personalidad. La propuesta responde a la creciente demanda de servicios especializados como los cortes de cabello para hombres en Madrid y el asesoramiento profesional en imagen masculina.<\/p>\n<p> Tendencias que marcan la temporada.<\/p>\n<p> Las preferencias para este verano se inclinan hac\u00eda cortes vers\u00e1tiles que permitan un f\u00e1cil mantenimiento sin renunciar al estilo. Entre las opciones m\u00e1s solicitadas destacan los degradados suaves, el corte cl\u00e1sico con raya lateral y las versiones modernas del estilo crew cut, ideales para quienes buscan un aspecto pulido y elegante. En cuanto a las barbas, las tendencias apuestan por l\u00edneas bien definidas y longitudes medias que aportan un toque sofisticado, con especial atenci\u00f3n al perfilado y al cuidado de la textura.<\/p>\n<p> En His Barber\u00eda, cada servicio se adapta al tipo de cabello, a la forma del rostro y al estilo personal, asegurando un resultado arm\u00f3nico. El equipo combina t\u00e9cnicas tradicionales con herramientas y productos actuales, manteniendo el equilibrio entre lo cl\u00e1sico y lo contempor\u00e1neo. Esta versatilidad convierte al establecimiento en una referencia para quienes buscan una peluquer\u00eda para caballeros en el barrio Salamanca con una atenci\u00f3n personalizada.<\/p>\n<p> Experiencia y ambiente exclusivo.<\/p>\n<p> M\u00e1s all\u00e1 de las t\u00e9cnicas de corte y afeitado, His Barber\u00eda ofrece un entorno pensado para que cada visita sea una experiencia integral. La atenci\u00f3n al detalle, la selecci\u00f3n de productos de alta calidad y el conocimiento de las \u00faltimas tendencias en moda masculina consolidan su reputaci\u00f3n como barber\u00eda exclusiva para hombres.<\/p>\n<p> Los tratamientos de hidrataci\u00f3n capilar, el uso de toalla caliente en el afeitado y la recomendaci\u00f3n de productos espec\u00edficos para el cuidado en casa complementan los servicios, ayudando a mantener el estilo y la salud del cabello y la barba incluso fuera del sal\u00f3n.<\/p>\n<p> Con estas propuestas, His Barber\u00eda reafirma su posici\u00f3n como barber\u00eda en Madrid de referencia, capaz de ofrecer cortes y barbas que se adaptan a las tendencias de cada temporada sin perder de vista la identidad personal de cada cliente. El verano se presenta como la ocasi\u00f3n ideal para renovar la imagen y explorar nuevas posibilidades est\u00e9ticas con el respaldo de profesionales especializados.<\/p>\n<p> Contacto.<\/p>\n<p>\nEmisor: HIS BARBERIA.<\/p>\n<p>\nContacto: HIS BARBERIA.<\/p>\n<p>\nN\u00famero de contacto: 910744397. <\/p>\n","protected":false},"excerpt":{"rendered":"<p>(Informaci\u00f3n remitida por la empresa firmante) La llegada del verano trae consigo nuevas propuestas en est\u00e9tica masculina, en las que el cuidado del cabello y la barba se adaptan tanto a las tendencias como a las condiciones de la temporada. En este contexto, His Barber\u00eda, reconocida barber\u00eda en Madrid, presenta su selecci\u00f3n de cortes y [&hellip;]<\/p>\n","protected":false},"author":1,"featured_media":0,"comment_status":"closed","ping_status":"closed","sticky":false,"template":"","format":"standard","meta":{"footnotes":""},"categories":[2],"tags":[],"class_list":["post-62962","post","type-post","status-publish","format-standard","hentry","category-noticias"],"_links":{"self":[{"href":"https:\/\/webciudadana.net\/index.php?rest_route=\/wp\/v2\/posts\/62962","targetHints":{"allow":["GET"]}}],"collection":[{"href":"https:\/\/webciudadana.net\/index.php?rest_route=\/wp\/v2\/posts"}],"about":[{"href":"https:\/\/webciudadana.net\/index.php?rest_route=\/wp\/v2\/types\/post"}],"author":[{"embeddable":true,"href":"https:\/\/webciudadana.net\/index.php?rest_route=\/wp\/v2\/users\/1"}],"replies":[{"embeddable":true,"href":"https:\/\/webciudadana.net\/index.php?rest_route=%2Fwp%2Fv2%2Fcomments&post=62962"}],"version-history":[{"count":0,"href":"https:\/\/webciudadana.net\/index.php?rest_route=\/wp\/v2\/posts\/62962\/revisions"}],"wp:attachment":[{"href":"https:\/\/webciudadana.net\/index.php?rest_route=%2Fwp%2Fv2%2Fmedia&parent=62962"}],"wp:term":[{"taxonomy":"category","embeddable":true,"href":"https:\/\/webciudadana.net\/index.php?rest_route=%2Fwp%2Fv2%2Fcategories&post=62962"},{"taxonomy":"post_tag","embeddable":true,"href":"https:\/\/webciudadana.net\/index.php?rest_route=%2Fwp%2Fv2%2Ftags&post=62962"}],"curies":[{"name":"wp","href":"https:\/\/api.w.org\/{rel}","templated":true}]}}