{"id":62974,"date":"2025-08-13T10:54:52","date_gmt":"2025-08-13T08:54:52","guid":{"rendered":"https:\/\/ticker-noticiasep.microcontenidos.com\/NoticiaRSS.vbhtml?user=FRND562DLP&amp;cod=20250813105452"},"modified":"2025-08-13T10:54:52","modified_gmt":"2025-08-13T08:54:52","slug":"salud-el-insomnio-afecta-a-la-salud-bucodental-y-los-problemas-dentales-influyen-en-la-calidad-del-descanso","status":"publish","type":"post","link":"https:\/\/webciudadana.net\/?p=62974","title":{"rendered":"Salud: El insomnio afecta a la salud bucodental y los problemas dentales influyen en la calidad del descanso"},"content":{"rendered":"\n<div><img decoding=\"async\" src=\"https:\/\/img.europapress.es\/fotoweb\/fotonoticia_20250813105452_300.jpg\" class=\"ff-og-image-inserted\"><\/div>\n<p>(Informaci\u00f3n remitida por la empresa firmante)<\/p>\n<p>\nLa Dra. Ana Rodr\u00edguez, odont\u00f3loga general en Institutos Odontol\u00f3gicos, explica que el insomnio puede llevar a una falta de autocuidado, incluida la higiene oral, o a sufrir bruxismo por estr\u00e9s.<\/p>\n<p>\nValencia, 13 de agosto de 2025.- La calidad del sue\u00f1o puede influir en la salud bucodental, y una mala salud bucodental puede tener consecuencias en la calidad del descanso. Problemas como caries, dientes partidos o enfermedades periodontales provocan dolor a nivel bucal, articular e incluso muscular, o mucha sensibilidad. Esto impide conciliar el sue\u00f1o o lo interrumpe, con lo que no descansamos en condiciones, explica la Dra. Ana Rodr\u00edguez, odont\u00f3loga general en la cl\u00ednica de Institutos Odontol\u00f3gicos en Valencia.*<\/p>\n<p>\nLa relaci\u00f3n entre ambos factores ha quedado demostrada en diversos estudios cient\u00edficos, seg\u00fan documenta el informe Oral health and sleep disorders: A systematic review and meta-analysis. Respecto a la influencia en la salud bucodental de la mala calidad del descanso, la doctora Rodr\u00edguez se\u00f1ala que *el insomnio provoca que nuestro organismo se descompense en muchos niveles. Nos estresamos, nos alimentamos peor, estamos m\u00e1s ansiosos, y esto puede llevar a una falta de autocuidado, incluida la higiene oral, o a sufrir bruxismo por estr\u00e9s.<\/p>\n<p>\nLos s\u00edntomas en la boca que pueden revelar una mala calidad del sue\u00f1o son diversos. Entre los m\u00e1s comunes se encuentran las caries y el desgaste de las piezas dentales, que pierden su huella natural; contracturas en los m\u00fasculos peribucales, que provocan dolor al intentar abrir la boca; chasquidos o ruidos en la palpaci\u00f3n de la articulaci\u00f3n temporomandibular; rechinar de dientes al dormir o incluso ronquidos.<\/p>\n<p>\nLa odont\u00f3loga de IO Valencia advierte sobre la importancia de tratar estas dolencias. Las infecciones dentales y periodontales pueden derivar en la p\u00e9rdida de las piezas, mientras que los problemas articulares y musculares pueden agravarse hasta convertirse en cr\u00f3nicos. En cuanto al bruxismo, puede avanzar hasta deformar la dimensi\u00f3n bucal original del paciente, lo que requerir\u00e1 tratamientos de rehabilitaci\u00f3n*.<\/p>\n<p>\nEl mejor tratamiento contra los problemas de insomnio causados por dolencias bucodentales es la prevenci\u00f3n. Una buena higiene y las visitas regulares al dentista evitar\u00e1n el desarrollo de patolog\u00edas. Cuando ya existe dolor, hay que aplicar tratamientos espec\u00edficos, y en el caso del deterioro o p\u00e9rdida de piezas dentales habr\u00e1 que recurrir a pr\u00f3tesis o implantes. Para paliar los efectos en la boca de una mala calidad del descanso, existen soluciones como las f\u00e9rulas de descarga, que tratan el bruxismo, y los dispositivos de avance mandibular para paliar peque\u00f1as apneas del sue\u00f1o y los ronquidos.<\/p>\n<p>\nAunque existen estudios espec\u00edficos sobre la relaci\u00f3n entre la calidad del descanso y la salud bucodental, la Dra. Ana Rodr\u00edguez considera que a\u00fan hay mucho camino por recorrer, especialmente en el estudio de las causas del bruxismo y su abordaje interdisciplinar. Seg\u00fan el Bar\u00f3metro de la salud bucodental en Espa\u00f1a 2025, que impulsa Institutos Odontol\u00f3gicos, un 31 % de las personas est\u00e1n diagnosticadas de bruxismo o conocen a alguien de su entorno que lo est\u00e1, pero, en cambio, un 36 % a\u00fan no sabe qu\u00e9 es.<\/p>\n<p>\nEl bruxismo aparece por problemas musculares, dentales y psicol\u00f3gicos, tres factores clave que requieren el trabajo conjunto de fisioterapeutas, odont\u00f3logos y psic\u00f3logos*, destaca la especialista de IO. En cuanto a la apnea del sue\u00f1o, *los odont\u00f3logos podemos ayudar a eliminar los ronquidos, pero se trata de una afecci\u00f3n pulmonar grave que requiere un seguimiento estrecho por parte de profesionales de la neumolog\u00eda*, concluye.<\/p>\n<p>\nSobre Institutos Odontol\u00f3gicos<\/p>\n<p>\nInstitutos Odontol\u00f3gicos cuenta con casi cuarenta cl\u00ednicas dentales distribuidas en Catalu\u00f1a, Pa\u00eds Vasco, Zaragoza, Madrid, Pamplona, Valencia y Castell\u00f3n, que desde 1988 han atendido a m\u00e1s de un mill\u00f3n de personas. El objetivo de la marca es mejorar la calidad de vida de los pacientes mediante la prevenci\u00f3n y la aplicaci\u00f3n de una odontolog\u00eda con \u00e9tica y calidad asistencial.<\/p>\n<p>\nPara ampliar informaci\u00f3n, gestionar entrevistas o solicitar material gr\u00e1fico:<\/p>\n<p>\nAgencia Beat Content<\/p>\n<p>\nInma Santos \u2013 isantos@agenciabeatcontent.com \/ 932 376 434<\/p>\n<p>\nEmisor: Institutos Odontol\u00f3gicos<\/p>\n","protected":false},"excerpt":{"rendered":"<p>(Informaci\u00f3n remitida por la empresa firmante) La Dra. Ana Rodr\u00edguez, odont\u00f3loga general en Institutos Odontol\u00f3gicos, explica que el insomnio puede llevar a una falta de autocuidado, incluida la higiene oral, o a sufrir bruxismo por estr\u00e9s. Valencia, 13 de agosto de 2025.- La calidad del sue\u00f1o puede influir en la salud bucodental, y una mala [&hellip;]<\/p>\n","protected":false},"author":1,"featured_media":0,"comment_status":"closed","ping_status":"closed","sticky":false,"template":"","format":"standard","meta":{"footnotes":""},"categories":[2],"tags":[],"class_list":["post-62974","post","type-post","status-publish","format-standard","hentry","category-noticias"],"_links":{"self":[{"href":"https:\/\/webciudadana.net\/index.php?rest_route=\/wp\/v2\/posts\/62974","targetHints":{"allow":["GET"]}}],"collection":[{"href":"https:\/\/webciudadana.net\/index.php?rest_route=\/wp\/v2\/posts"}],"about":[{"href":"https:\/\/webciudadana.net\/index.php?rest_route=\/wp\/v2\/types\/post"}],"author":[{"embeddable":true,"href":"https:\/\/webciudadana.net\/index.php?rest_route=\/wp\/v2\/users\/1"}],"replies":[{"embeddable":true,"href":"https:\/\/webciudadana.net\/index.php?rest_route=%2Fwp%2Fv2%2Fcomments&post=62974"}],"version-history":[{"count":0,"href":"https:\/\/webciudadana.net\/index.php?rest_route=\/wp\/v2\/posts\/62974\/revisions"}],"wp:attachment":[{"href":"https:\/\/webciudadana.net\/index.php?rest_route=%2Fwp%2Fv2%2Fmedia&parent=62974"}],"wp:term":[{"taxonomy":"category","embeddable":true,"href":"https:\/\/webciudadana.net\/index.php?rest_route=%2Fwp%2Fv2%2Fcategories&post=62974"},{"taxonomy":"post_tag","embeddable":true,"href":"https:\/\/webciudadana.net\/index.php?rest_route=%2Fwp%2Fv2%2Ftags&post=62974"}],"curies":[{"name":"wp","href":"https:\/\/api.w.org\/{rel}","templated":true}]}}