{"id":62977,"date":"2025-08-13T12:31:04","date_gmt":"2025-08-13T10:31:04","guid":{"rendered":"https:\/\/ticker-noticiasep.microcontenidos.com\/NoticiaRSS.vbhtml?user=FRND562DLP&amp;cod=20250813123104"},"modified":"2025-08-13T12:31:04","modified_gmt":"2025-08-13T10:31:04","slug":"sociedad-tras-el-exito-en-estoril-la-copa-racer-confortauto-pone-rumbo-a-navarra-para-su-proxima-cita","status":"publish","type":"post","link":"https:\/\/webciudadana.net\/?p=62977","title":{"rendered":"Sociedad: Tras el \u00e9xito en Estoril, la Copa Racer Confortauto pone rumbo a Navarra para su pr\u00f3xima cita"},"content":{"rendered":"\n<div><img decoding=\"async\" src=\"https:\/\/img.europapress.es\/fotoweb\/fotonoticia_20250813123104_300.jpg\" class=\"ff-og-image-inserted\"><\/div>\n<p>(Informaci\u00f3n remitida por la empresa firmante)<\/p>\n<p>\nLa competici\u00f3n, que vibr\u00f3 con una emocionante carrera en Portugal el pasado mes de julio, se prepara para un intenso fin de semana en el Circuito de Navarra los d\u00edas 13 y 14 de septiembre de 2025.<\/p>\n<p> La emoci\u00f3n y el compa\u00f1erismo que definieron la segunda cita de la Copa Racer Confortauto en el m\u00edtico Circuito do Estoril el pasado julio, han sentado las bases para la que promete ser una espectacular continuaci\u00f3n de la temporada. Con la vista ya puesta en el futuro, equipos y pilotos se preparan para el siguiente desaf\u00edo: la carrera que se celebrar\u00e1 en el Circuito de Navarra el fin de semana del 13 y 14 de septiembre.<\/p>\n<p> Un recuerdo imborrable de Estoril.<\/p>\n<p> La prueba en Portugal no fue solo una carrera, sino una celebraci\u00f3n del esp\u00edritu de integraci\u00f3n y pasi\u00f3n que caracteriza a esta competici\u00f3n. El evento cont\u00f3 con una participaci\u00f3n hist\u00f3rica y la destacada presencia de la red portuguesa de Confortauto, que conmemoraba sus m\u00e1s de 30 a\u00f1os de trayectoria.<\/p>\n<p> En el plano deportivo, la cita lusa fue testigo de uno de los finales m\u00e1s ajustados hasta la fecha. En la categor\u00eda GT, Diego Carrascal se alz\u00f3 con su cuarta victoria de la temporada tras un apasionante duelo en el que los tres primeros clasificados cruzaron la meta separados por apenas medio segundo, consolid\u00e1ndose como uno de los grandes referentes. Por su parte, la categor\u00eda de Turismos ofreci\u00f3 batallas igualmente intensas que mantuvieron en vilo a los aficionados.<\/p>\n<p> El verdadero \u00e9xito del evento fue la consolidaci\u00f3n de la Copa como un espacio de convivencia. Gracias a la estrategia de internacionalizaci\u00f3n de Confortauto, los talleres asociados de Portugal pudieron vivir desde dentro la emoci\u00f3n de los boxes y compartir un fin de semana inolvidable con sus hom\u00f3logos espa\u00f1oles, fortaleciendo lazos y celebrando el esp\u00edritu de familia que promueve la red.<\/p>\n<p> Confortauto: m\u00e1s que un patrocinador, el coraz\u00f3n de la Copa.<\/p>\n<p> La Copa Racer Confortauto es el reflejo de los valores de la red de talleres de neum\u00e1ticos y mac\u00e1nica l\u00edder en Espa\u00f1a y Portugal. No se trata de un simple patrocinio, sino de una plataforma para materializar su compromiso con la pasi\u00f3n por el motor, el trabajo en equipo y la cercan\u00eda con sus asociados y clientes.<\/p>\n<p> Confortauto traslada la profesionalidad y la excelencia de sus m\u00e1s de 650 talleres en la pen\u00ednsula ib\u00e9rica al ambiente del paddock. Este evento permite a sus asociados disfrutar de una experiencia \u00fanica, intercambiar impresiones y fortalecer una comunidad que comparte una misma pasi\u00f3n. Esta sinergia entre la competici\u00f3n de alto nivel y el esp\u00edritu de equipo es lo que convierte a la Copa en una iniciativa \u00fanica en el panorama del motor.<\/p>\n<p> Pr\u00f3xima parada: el desaf\u00edo del Circuito de Navarra.<\/p>\n<p> Con la energ\u00eda de Estoril a\u00fan presente, la expectaci\u00f3n se traslada ahora al norte de Espa\u00f1a. El Circuito de Navarra, conocido por su trazado t\u00e9cnico y exigente, ser\u00e1 el escenario perfecto para un nuevo cap\u00edtulo de esta emocionante temporada.<\/p>\n<p> Se espera que las luchas por la victoria en las categor\u00edas GT y Turismo sean tan o m\u00e1s re\u00f1idas que en Portugal. El trazado navarro pondr\u00e1 a prueba la habilidad de los pilotos y la puesta a punto de los veh\u00edculos, garantizando un espect\u00e1culo de primer nivel para todos los asistentes.<\/p>\n<p> El fin de semana del 13 y 14 de septiembre, el paddock volver\u00e1 a ser el punto de encuentro para pilotos, equipos, aficionados y la gran familia Confortauto. Se espera que el ambiente de camarader\u00eda y competici\u00f3n sana vuelva a ser el protagonista, reafirmando el compromiso de la Copa Racer Confortauto con un automovilismo cercano, emocionante y colaborativo a ambos lados de la frontera.<\/p>\n<p>\nContacto.<\/p>\n<p>\nEmisor: CONFORTAUTO.<\/p>\n<p>\nContacto: CONFORTAUTO.<\/p>\n<p>\nN\u00famero de contacto: 966919891. <\/p>\n","protected":false},"excerpt":{"rendered":"<p>(Informaci\u00f3n remitida por la empresa firmante) La competici\u00f3n, que vibr\u00f3 con una emocionante carrera en Portugal el pasado mes de julio, se prepara para un intenso fin de semana en el Circuito de Navarra los d\u00edas 13 y 14 de septiembre de 2025. La emoci\u00f3n y el compa\u00f1erismo que definieron la segunda cita de la [&hellip;]<\/p>\n","protected":false},"author":1,"featured_media":0,"comment_status":"closed","ping_status":"closed","sticky":false,"template":"","format":"standard","meta":{"footnotes":""},"categories":[2],"tags":[],"class_list":["post-62977","post","type-post","status-publish","format-standard","hentry","category-noticias"],"_links":{"self":[{"href":"https:\/\/webciudadana.net\/index.php?rest_route=\/wp\/v2\/posts\/62977","targetHints":{"allow":["GET"]}}],"collection":[{"href":"https:\/\/webciudadana.net\/index.php?rest_route=\/wp\/v2\/posts"}],"about":[{"href":"https:\/\/webciudadana.net\/index.php?rest_route=\/wp\/v2\/types\/post"}],"author":[{"embeddable":true,"href":"https:\/\/webciudadana.net\/index.php?rest_route=\/wp\/v2\/users\/1"}],"replies":[{"embeddable":true,"href":"https:\/\/webciudadana.net\/index.php?rest_route=%2Fwp%2Fv2%2Fcomments&post=62977"}],"version-history":[{"count":0,"href":"https:\/\/webciudadana.net\/index.php?rest_route=\/wp\/v2\/posts\/62977\/revisions"}],"wp:attachment":[{"href":"https:\/\/webciudadana.net\/index.php?rest_route=%2Fwp%2Fv2%2Fmedia&parent=62977"}],"wp:term":[{"taxonomy":"category","embeddable":true,"href":"https:\/\/webciudadana.net\/index.php?rest_route=%2Fwp%2Fv2%2Fcategories&post=62977"},{"taxonomy":"post_tag","embeddable":true,"href":"https:\/\/webciudadana.net\/index.php?rest_route=%2Fwp%2Fv2%2Ftags&post=62977"}],"curies":[{"name":"wp","href":"https:\/\/api.w.org\/{rel}","templated":true}]}}