{"id":62986,"date":"2025-08-14T10:23:44","date_gmt":"2025-08-14T08:23:44","guid":{"rendered":"https:\/\/ticker-noticiasep.microcontenidos.com\/NoticiaRSS.vbhtml?user=FRND562DLP&amp;cod=20250814102344"},"modified":"2025-08-14T10:23:44","modified_gmt":"2025-08-14T08:23:44","slug":"sociedad-el-talenton-pone-rumbo-a-cerrar-su-gira-regional-y-gran-final-septiembre-decidira-quien-viajara-a-china","status":"publish","type":"post","link":"https:\/\/webciudadana.net\/?p=62986","title":{"rendered":"Sociedad: El Talent\u00f3n pone rumbo a cerrar su gira regional y Gran Final; septiembre decidir\u00e1 qui\u00e9n viajar\u00e1 a China"},"content":{"rendered":"\n<div><img decoding=\"async\" src=\"https:\/\/img.europapress.es\/fotoweb\/fotonoticia_20250814102344_300.jpg\" class=\"ff-og-image-inserted\"><\/div>\n<p>(Informaci\u00f3n remitida por la empresa firmante)<\/p>\n<p>\nEl programa de emprendimiento juvenil El Talent\u00f3n afronta su recta final con cuatro citas decisivas durante el mes de septiembre que culminar\u00e1n en la Gran Final Regional, donde el equipo ganador obtendr\u00e1 como premio un viaje a China en el marco del programa Weilai.<\/p>\n<p> Tras su paso por distintas islas, las pr\u00f3ximas fechas ser\u00e1n:.<\/p>\n<p> El Hierro: s\u00e1bado 6 de septiembre, en el Centro Multidisciplinar y Coworking Doceveintitr\u00e9s.<\/p>\n<p> La Palma: s\u00e1bado 13 de septiembre, en el Museo de Arte Contempor\u00e1neo.<\/p>\n<p> Tenerife: viernes 19 de septiembre, en la Avenida de San Sebasti\u00e1n.<\/p>\n<p> Gran Final Regional: s\u00e1bado 27 de septiembre, en el Espacio Mutua Tinerfe\u00f1a, Santa Cruz de Tenerife.<\/p>\n<p> Las jornadas se celebrar\u00e1n en horario de 09:00 a 20:00 horas, en formato hackathon, y est\u00e1n abiertas de forma gratuita a j\u00f3venes de entre 16 y 35 a\u00f1os. Las plazas son limitadas y requieren inscripci\u00f3n previa en la web oficial del programa.<\/p>\n<p> \u00abEl mes de septiembre es el momento en que todo el esfuerzo del a\u00f1o cobra sentido. Cada isla ha demostrado un nivel de talento impresionante y ahora vamos a descubrir qui\u00e9n representar\u00e1 a Canarias en un viaje \u00fanico a China. El premio no es solo un destino, es una puerta a nuevas oportunidades y conexiones internacionales\u00bb, afirma Juan Vera, cofundador y codirector de El Talent\u00f3n.<\/p>\n<p> En cada hackathon, los participantes trabajan en equipo para transformar sus ideas en proyectos reales con el apoyo de mentores y formaci\u00f3n intensiva. \u00abEn cada edici\u00f3n vemos c\u00f3mo j\u00f3venes llegan con una idea y en pocas horas la convierten en algo real, viable y con impacto. La Gran Final Regional ser\u00e1 una celebraci\u00f3n del talento canario, y el viaje a China es la forma perfecta de seguir impulsando esos sue\u00f1os m\u00e1s all\u00e1 de nuestras fronteras\u00bb, se\u00f1ala Estefan\u00eda Castro, cofundadora y codirectora de la iniciativa.<\/p>\n<p> El premio incluye un programa de inmersi\u00f3n de diez d\u00edas en China. \u00abEntender el mercado chino es clave para expandir tu negocio o desarrollar nuevas oportunidades. Con este viaje, no solo conocer\u00e1s de primera mano el potencial econ\u00f3mico y comercial de China, sino que tambi\u00e9n adquirir\u00e1s conocimientos estrat\u00e9gicos a trav\u00e9s de un programa de formaci\u00f3n dise\u00f1ado para emprendedores y empresarios. Durante diez d\u00edas, vivir\u00e1s una experiencia inmersiva con visitas a empresas, talleres de negocios y encuentros con expertos que te ayudar\u00e1n a dise\u00f1ar estrategias basadas en el ecosistema chino\u00bb, destaca la organizaci\u00f3n.<\/p>\n<p> El Talent\u00f3n cuenta con el respaldo del Gobierno de Canarias, a trav\u00e9s del Servicio Canario de Empleo y la Red Canaria de Centros de Orientaci\u00f3n y Emprendimiento (Red COE), as\u00ed como de los cabildos insulares y de ayuntamientos como el de Santa Cruz de La Palma y el de San Crist\u00f3bal de La Laguna, entre otras entidades privadas.<\/p>\n<p> El objetivo del programa es fomentar el emprendimiento juvenil en Canarias, ofrecer formaci\u00f3n pr\u00e1ctica, potenciar las habilidades de trabajo en equipo y generar oportunidades profesionales y empresariales para los j\u00f3venes del archipi\u00e9lago.<\/p>\n<p> Inscripciones y bases del programa: www.eltalenton.com.<\/p>\n<p>\nContacto.<\/p>\n<p>\nEmisor: El Talent\u00f3n.<\/p>\n<p>\nContacto: El Talent\u00f3n.<\/p>\n<p>\nN\u00famero de contacto: 618798485. <\/p>\n","protected":false},"excerpt":{"rendered":"<p>(Informaci\u00f3n remitida por la empresa firmante) El programa de emprendimiento juvenil El Talent\u00f3n afronta su recta final con cuatro citas decisivas durante el mes de septiembre que culminar\u00e1n en la Gran Final Regional, donde el equipo ganador obtendr\u00e1 como premio un viaje a China en el marco del programa Weilai. Tras su paso por distintas [&hellip;]<\/p>\n","protected":false},"author":1,"featured_media":0,"comment_status":"closed","ping_status":"closed","sticky":false,"template":"","format":"standard","meta":{"footnotes":""},"categories":[2],"tags":[],"class_list":["post-62986","post","type-post","status-publish","format-standard","hentry","category-noticias"],"_links":{"self":[{"href":"https:\/\/webciudadana.net\/index.php?rest_route=\/wp\/v2\/posts\/62986","targetHints":{"allow":["GET"]}}],"collection":[{"href":"https:\/\/webciudadana.net\/index.php?rest_route=\/wp\/v2\/posts"}],"about":[{"href":"https:\/\/webciudadana.net\/index.php?rest_route=\/wp\/v2\/types\/post"}],"author":[{"embeddable":true,"href":"https:\/\/webciudadana.net\/index.php?rest_route=\/wp\/v2\/users\/1"}],"replies":[{"embeddable":true,"href":"https:\/\/webciudadana.net\/index.php?rest_route=%2Fwp%2Fv2%2Fcomments&post=62986"}],"version-history":[{"count":0,"href":"https:\/\/webciudadana.net\/index.php?rest_route=\/wp\/v2\/posts\/62986\/revisions"}],"wp:attachment":[{"href":"https:\/\/webciudadana.net\/index.php?rest_route=%2Fwp%2Fv2%2Fmedia&parent=62986"}],"wp:term":[{"taxonomy":"category","embeddable":true,"href":"https:\/\/webciudadana.net\/index.php?rest_route=%2Fwp%2Fv2%2Fcategories&post=62986"},{"taxonomy":"post_tag","embeddable":true,"href":"https:\/\/webciudadana.net\/index.php?rest_route=%2Fwp%2Fv2%2Ftags&post=62986"}],"curies":[{"name":"wp","href":"https:\/\/api.w.org\/{rel}","templated":true}]}}