{"id":63017,"date":"2025-08-18T09:01:45","date_gmt":"2025-08-18T07:01:45","guid":{"rendered":"https:\/\/ticker-noticiasep.microcontenidos.com\/NoticiaRSS.vbhtml?user=FRND562DLP&amp;cod=20250818090145"},"modified":"2025-08-18T09:01:45","modified_gmt":"2025-08-18T07:01:45","slug":"mundo-brp-amplia-su-cartera-global-de-vehiculos-electricos-para-deportes-motorizados-con-el-lanzamiento-del-nuevo-can-am-outla","status":"publish","type":"post","link":"https:\/\/webciudadana.net\/?p=63017","title":{"rendered":"Mundo: BRP ampl\u00eda su cartera global de veh\u00edculos el\u00e9ctricos para deportes motorizados con el lanzamiento del nuevo Can-Am Outla"},"content":{"rendered":"\n<div><img decoding=\"async\" src=\"https:\/\/img.europapress.es\/fotoweb\/fotonoticia_20250818090145_300.jpg\" class=\"ff-og-image-inserted\"><\/div>\n<p>(Informaci\u00f3n remitida por la empresa firmante)<\/p>\n<p> View original content to download multimedia:https:\/\/www.prnewswire.com\/news-releases\/brp-amplia-su-cartera-global-de-vehiculos-electricos-para-deportes-motorizados-con-el-lanzamiento-del-nuevo-can-am-outlander-electric-2026-302531890.html<\/p>\n","protected":false},"excerpt":{"rendered":"<p>(Informaci\u00f3n remitida por la empresa firmante) View original content to download multimedia:https:\/\/www.prnewswire.com\/news-releases\/brp-amplia-su-cartera-global-de-vehiculos-electricos-para-deportes-motorizados-con-el-lanzamiento-del-nuevo-can-am-outlander-electric-2026-302531890.html<\/p>\n","protected":false},"author":1,"featured_media":0,"comment_status":"closed","ping_status":"closed","sticky":false,"template":"","format":"standard","meta":{"footnotes":""},"categories":[2],"tags":[],"class_list":["post-63017","post","type-post","status-publish","format-standard","hentry","category-noticias"],"_links":{"self":[{"href":"https:\/\/webciudadana.net\/index.php?rest_route=\/wp\/v2\/posts\/63017","targetHints":{"allow":["GET"]}}],"collection":[{"href":"https:\/\/webciudadana.net\/index.php?rest_route=\/wp\/v2\/posts"}],"about":[{"href":"https:\/\/webciudadana.net\/index.php?rest_route=\/wp\/v2\/types\/post"}],"author":[{"embeddable":true,"href":"https:\/\/webciudadana.net\/index.php?rest_route=\/wp\/v2\/users\/1"}],"replies":[{"embeddable":true,"href":"https:\/\/webciudadana.net\/index.php?rest_route=%2Fwp%2Fv2%2Fcomments&post=63017"}],"version-history":[{"count":0,"href":"https:\/\/webciudadana.net\/index.php?rest_route=\/wp\/v2\/posts\/63017\/revisions"}],"wp:attachment":[{"href":"https:\/\/webciudadana.net\/index.php?rest_route=%2Fwp%2Fv2%2Fmedia&parent=63017"}],"wp:term":[{"taxonomy":"category","embeddable":true,"href":"https:\/\/webciudadana.net\/index.php?rest_route=%2Fwp%2Fv2%2Fcategories&post=63017"},{"taxonomy":"post_tag","embeddable":true,"href":"https:\/\/webciudadana.net\/index.php?rest_route=%2Fwp%2Fv2%2Ftags&post=63017"}],"curies":[{"name":"wp","href":"https:\/\/api.w.org\/{rel}","templated":true}]}}