{"id":63023,"date":"2025-08-18T11:13:50","date_gmt":"2025-08-18T09:13:50","guid":{"rendered":"https:\/\/ticker-noticiasep.microcontenidos.com\/NoticiaRSS.vbhtml?user=FRND562DLP&amp;cod=20250818111350"},"modified":"2025-08-18T11:13:50","modified_gmt":"2025-08-18T09:13:50","slug":"la-cadena-internacional-normal-abre-en-el-faro-su-primera-tienda-de-badajoz","status":"publish","type":"post","link":"https:\/\/webciudadana.net\/?p=63023","title":{"rendered":"La cadena internacional \u2018Normal\u2019 abre en El Faro su primera tienda de Badajoz"},"content":{"rendered":"\n<div><img decoding=\"async\" src=\"https:\/\/img.europapress.es\/fotoweb\/fotonoticia_20250818111350_300.jpg\" class=\"ff-og-image-inserted\"><\/div>\n<p>(Informaci\u00f3n remitida por la empresa firmante)<\/p>\n<p>\nBADAJOZ, 18 (EUROPA PRESS)<\/p>\n<p>\nLa cadena internacional de cosm\u00e9ticos \u2018Normal\u2019 abrir\u00e1 en el centro comercial El Faro su primera tienda de Badajoz y la n\u00famero 38 que posee en todo el pa\u00eds. El local, que abrir\u00e1 sus puertas al p\u00fablico el pr\u00f3ximo 28 de agosto, contar\u00e1 con m\u00e1s de 400 metros cuadrados de superficie y estar\u00e1 ubicado en la galer\u00eda interior del centro comercial.<\/p>\n<p>\nA trav\u00e9s de esta incorporaci\u00f3n estrat\u00e9gica, El Faro reforzar\u00e1 su mix comercial con una de las firmas l\u00edderes del sector de la belleza, que cuenta con m\u00e1s de 900 tiendas repartidas por pa\u00edses como Dinamarca, Noruega, Suecia, Pa\u00edses Bajos, Francia, Finlandia, Portugal, Italia y Espa\u00f1a. Una expansi\u00f3n que \u2018Normal\u2019 ha logrado, entre otros factores, por su cat\u00e1logo de m\u00e1s de 4.000 productos de marcas ya conocidas como L&#8217;Or\u00e9al, Gillette o Kinder.<\/p>\n<p>\nCon todo lo anterior, la firma danesa tambi\u00e9n cuenta con productos que se encuentran exclusivamente en sus tiendas, procedentes de marcas como Pure&amp;Care, Ivy A\u00efa o The Hair Project. Centrados en la est\u00e9tica, los art\u00edculos de la marca se dividen en categor\u00edas como el maquillaje, el cuidado de la piel y el cabello, a las que se suma un apartado de productos para el hogar, papeler\u00eda, snacks, bebidas, mascotas y otros b\u00e1sicos. <\/p>\n<p>\nLa tienda de \u2018Normal\u2019 en El Faro destacar\u00e1 por un dise\u00f1o centrado en la modernidad y en el cuidado al detalle, adem\u00e1s contar con una experiencia de tipo \u2018recorrido\u2019, donde el cliente podr\u00e1 observar las diferentes secciones durante su experiencia, pudiendo elegir entre una mayor variedad de opciones.<\/p>\n<p>\n\u201cEstamos deseando abrir nuestra primera tienda en El Faro, Badajoz\u00bb ha afirmado Almir Terzic, Country Manager de Espa\u00f1a. \u00abEn Normal, nos aseguramos de brindar una gran experiencia a nuestros clientes, y buscamos inspirarles con m\u00e1s de 100 nuevos productos cada semana\u2019\u2019, explica. <\/p>\n<p>\nADOPT, OTRA INCORPORACI\u00d3N ESTIVAL EN EL SECTOR<\/p>\n<p>\nOtra de las inauguraciones en el sector de la higiene y belleza ha sido la de la cadena francesa Adopt Parfums, que abri\u00f3 sus puertas el pasado 16 de julio en el interior del centro comercial. A trav\u00e9s de esta coqueta implantaci\u00f3n de 65 metros cuadrados de superficie en El Faro, la marca aterriza en Extremadura para ofrecer su l\u00ednea de perfumes creados por maestros perfumistas que promueven el cultivo de ingredientes naturales, adem\u00e1s de ofrecer una l\u00ednea dedicada al hogar con una propuesta de velas, fragancias y aceites arom\u00e1ticos. <\/p>\n<p>\nSOBRE EL FARO<\/p>\n<p>\nInaugurado en 2012, El Faro es el centro comercial de referencia en Extremadura. Propiedad de Castellana Properties y gestionado por Cushman &amp; Wakefield, en sus m\u00e1s de 66.000 metros cuadrados de superficie comercial el centro re\u00fane una amplia y variada oferta de moda, restauraci\u00f3n, ocio y servicios, con m\u00e1s de 100 establecimientos, incluyendo marcas nacionales e internacionales de primer nivel.<\/p>\n<p>\nEn total, el centro comercial genera un total de m\u00e1s de 1.200 puestos de trabajo, y acoge m\u00e1s de 8M de visitas al a\u00f1o. Ubicado junto a la A-5 y a pocos minutos del centro de Badajoz, El Faro es un espacio din\u00e1mico, moderno y accesible, que apuesta por la innovaci\u00f3n, la sostenibilidad y la experiencia del visitante. Adem\u00e1s, acoge numerosas actividades culturales, sociales y de entretenimiento a lo largo del a\u00f1o, reforzando su papel como punto de encuentro para familias, j\u00f3venes y visitantes de ambos lados de la frontera.<\/p>\n<p>\nCONTACTO DE PRENSA:<\/p>\n<p>\nLeopoldo Eduardo Alonso Llofriu<\/p>\n<p>\n95 492 49 00<\/p>\n<p>\nleopoldoalonso@europapress.es<\/p>\n<p>\nSandra Delgado<\/p>\n<p>\n91 359 26 00<\/p>\n<p>\nsandradelgado@europapress.es<\/p>\n","protected":false},"excerpt":{"rendered":"<p>(Informaci\u00f3n remitida por la empresa firmante) BADAJOZ, 18 (EUROPA PRESS) La cadena internacional de cosm\u00e9ticos \u2018Normal\u2019 abrir\u00e1 en el centro comercial El Faro su primera tienda de Badajoz y la n\u00famero 38 que posee en todo el pa\u00eds. El local, que abrir\u00e1 sus puertas al p\u00fablico el pr\u00f3ximo 28 de agosto, contar\u00e1 con m\u00e1s de [&hellip;]<\/p>\n","protected":false},"author":1,"featured_media":0,"comment_status":"closed","ping_status":"closed","sticky":false,"template":"","format":"standard","meta":{"footnotes":""},"categories":[2],"tags":[],"class_list":["post-63023","post","type-post","status-publish","format-standard","hentry","category-noticias"],"_links":{"self":[{"href":"https:\/\/webciudadana.net\/index.php?rest_route=\/wp\/v2\/posts\/63023","targetHints":{"allow":["GET"]}}],"collection":[{"href":"https:\/\/webciudadana.net\/index.php?rest_route=\/wp\/v2\/posts"}],"about":[{"href":"https:\/\/webciudadana.net\/index.php?rest_route=\/wp\/v2\/types\/post"}],"author":[{"embeddable":true,"href":"https:\/\/webciudadana.net\/index.php?rest_route=\/wp\/v2\/users\/1"}],"replies":[{"embeddable":true,"href":"https:\/\/webciudadana.net\/index.php?rest_route=%2Fwp%2Fv2%2Fcomments&post=63023"}],"version-history":[{"count":0,"href":"https:\/\/webciudadana.net\/index.php?rest_route=\/wp\/v2\/posts\/63023\/revisions"}],"wp:attachment":[{"href":"https:\/\/webciudadana.net\/index.php?rest_route=%2Fwp%2Fv2%2Fmedia&parent=63023"}],"wp:term":[{"taxonomy":"category","embeddable":true,"href":"https:\/\/webciudadana.net\/index.php?rest_route=%2Fwp%2Fv2%2Fcategories&post=63023"},{"taxonomy":"post_tag","embeddable":true,"href":"https:\/\/webciudadana.net\/index.php?rest_route=%2Fwp%2Fv2%2Ftags&post=63023"}],"curies":[{"name":"wp","href":"https:\/\/api.w.org\/{rel}","templated":true}]}}