{"id":63032,"date":"2025-08-18T15:01:18","date_gmt":"2025-08-18T13:01:18","guid":{"rendered":"https:\/\/ticker-noticiasep.microcontenidos.com\/NoticiaRSS.vbhtml?user=FRND562DLP&amp;cod=20250818150118"},"modified":"2025-08-18T15:01:18","modified_gmt":"2025-08-18T13:01:18","slug":"mundo-clarios-amplia-sus-capacidades-europeas-de-reciclaje-para-fortalecer-su-liderazgo-en-la-economia-circular","status":"publish","type":"post","link":"https:\/\/webciudadana.net\/?p=63032","title":{"rendered":"Mundo: Clarios ampl\u00eda sus capacidades europeas de reciclaje para fortalecer su liderazgo en la econom\u00eda circular"},"content":{"rendered":"\n<p>(Informaci\u00f3n remitida por la empresa firmante)<\/p>\n<p>\nHANOVER, Alemania, 18 de agosto de 2025 \/PRNewswire\/ &#8212; Clarios, l\u00edder mundial en soluciones avanzadas de almacenamiento de energ\u00eda, anunci\u00f3 hoy una importante expansi\u00f3n de su red europea de reciclaje de bater\u00edas mediante la integraci\u00f3n de tres plantas en Freiberg y Braubach (Alemania) y Arnoldstein (Austria). Este acuerdo estrat\u00e9gico refuerza la capacidad de Clarios para recuperar y reutilizar materiales de bater\u00edas, reforzando su compromiso con la circularidad y la fabricaci\u00f3n sostenible en toda la regi\u00f3n EMEA.<\/p>\n<p> Las instalaciones, actualmente operadas por Ecobat, incorporan tecnolog\u00edas probadas y una s\u00f3lida experiencia t\u00e9cnica en el procesamiento y la recuperaci\u00f3n de plomo y polipropileno (Poli) a la red de reciclaje de Clarios. Esta integraci\u00f3n aumenta considerablemente la capacidad de reciclaje interna de la empresa y respalda sus objetivos de sostenibilidad a largo plazo, a la vez que contribuye a cumplir con las crecientes expectativas regulatorias y de los clientes en cuanto a abastecimiento responsable y reutilizaci\u00f3n de materiales.<\/p>\n<p> \u00abEsta expansi\u00f3n marca un hito importante en nuestras operaciones europeas\u00bb, afirm\u00f3 Werner Benade, presidente de Clarios para EMEA. \u00abFortalecer\u00e1 nuestra infraestructura de reciclaje europea, mejorar\u00e1 la resiliencia de la cadena de suministro y facilitar\u00e1 el suministro de materiales secundarios de alta calidad, incluidos los utilizados en nuestra marca l\u00edder VARTA, para satisfacer la creciente demanda de bater\u00edas avanzadas de bajo voltaje, impulsar la transici\u00f3n energ\u00e9tica en la industria automotriz y consolidar nuestro liderazgo en la econom\u00eda circular\u00bb.<\/p>\n<p> Las ventajas de Clarios son:<\/p>\n<p>\nMayor capacidad interna de reciclaje de plomo, lo que facilita la recuperaci\u00f3n de materiales de bater\u00edas al final de su vida \u00fatil.<\/p>\n<p>\nAmpliaci\u00f3n del reciclaje de polipropileno, incluyendo la primera capacidad interna de Clarios para la fabricaci\u00f3n de compuestos de polipropileno, en consonancia con la pr\u00f3xima normativa de la UE que exige que al menos el 25 % de los pl\u00e1sticos utilizados en veh\u00edculos provengan de fuentes recicladas, incluidos los veh\u00edculos al final de su vida \u00fatil (VFU).<\/p>\n<p>\nMejora de las capacidades europeas que fortalecen la resiliencia de la cadena de suministro y promueven la fabricaci\u00f3n sostenible en toda Europa.<\/p>\n<p> Se espera que la transacci\u00f3n se cierre a principios de 2026, pendiente de las aprobaciones regulatorias.<\/p>\n<p> La integraci\u00f3n de estas instalaciones tambi\u00e9n respaldar\u00e1 la capacidad de Clarios de entregar materiales reciclados de alta calidad en sus l\u00edneas de productos, incluidos aquellos bajo la marca VARTA en la que conf\u00edan millones de conductores en toda Europa.<\/p>\n<p> Acerca de Clarios<\/p>\n<p>\nClarios es l\u00edder mundial en tecnolog\u00edas avanzadas de bater\u00edas de bajo voltaje para movilidad y propietario de la marca VARTA en el sector automotriz. Nuestras bater\u00edas y soluciones inteligentes impulsan pr\u00e1cticamente cualquier tipo de veh\u00edculo y se encuentran en uno de cada tres autom\u00f3viles en circulaci\u00f3n hoy en d\u00eda. Con cerca de 18.000 empleados en m\u00e1s de 100 pa\u00edses, aportamos una profunda experiencia a nuestros socios de posventa y fabricantes de equipos originales (OEM), adem\u00e1s de fiabilidad, seguridad y comodidad a nuestra vida diaria. Nos comprometemos con el planeta con un riguroso enfoque en sostenibilidad, impulsando las mejores pr\u00e1cticas de sostenibilidad y promovi\u00e9ndolas en todo el sector. Trabajamos para garantizar que el 100 % de nuestros productos vendidos sean reciclables y reciclamos 8.000 bater\u00edas por hora en nuestra red.<\/p>\n<p> Logo &#8211; https:\/\/mma.prnewswire.com\/media\/2573556\/Clarios_Logo.jpg<\/p>\n<p> View original content:https:\/\/www.prnewswire.com\/news-releases\/clarios-amplia-sus-capacidades-europeas-de-reciclaje-para-fortalecer-su-liderazgo-en-la-economia-circular-302531955.html<\/p>\n","protected":false},"excerpt":{"rendered":"<p>(Informaci\u00f3n remitida por la empresa firmante) HANOVER, Alemania, 18 de agosto de 2025 \/PRNewswire\/ &#8212; Clarios, l\u00edder mundial en soluciones avanzadas de almacenamiento de energ\u00eda, anunci\u00f3 hoy una importante expansi\u00f3n de su red europea de reciclaje de bater\u00edas mediante la integraci\u00f3n de tres plantas en Freiberg y Braubach (Alemania) y Arnoldstein (Austria). Este acuerdo estrat\u00e9gico [&hellip;]<\/p>\n","protected":false},"author":1,"featured_media":0,"comment_status":"closed","ping_status":"closed","sticky":false,"template":"","format":"standard","meta":{"footnotes":""},"categories":[2],"tags":[],"class_list":["post-63032","post","type-post","status-publish","format-standard","hentry","category-noticias"],"_links":{"self":[{"href":"https:\/\/webciudadana.net\/index.php?rest_route=\/wp\/v2\/posts\/63032","targetHints":{"allow":["GET"]}}],"collection":[{"href":"https:\/\/webciudadana.net\/index.php?rest_route=\/wp\/v2\/posts"}],"about":[{"href":"https:\/\/webciudadana.net\/index.php?rest_route=\/wp\/v2\/types\/post"}],"author":[{"embeddable":true,"href":"https:\/\/webciudadana.net\/index.php?rest_route=\/wp\/v2\/users\/1"}],"replies":[{"embeddable":true,"href":"https:\/\/webciudadana.net\/index.php?rest_route=%2Fwp%2Fv2%2Fcomments&post=63032"}],"version-history":[{"count":0,"href":"https:\/\/webciudadana.net\/index.php?rest_route=\/wp\/v2\/posts\/63032\/revisions"}],"wp:attachment":[{"href":"https:\/\/webciudadana.net\/index.php?rest_route=%2Fwp%2Fv2%2Fmedia&parent=63032"}],"wp:term":[{"taxonomy":"category","embeddable":true,"href":"https:\/\/webciudadana.net\/index.php?rest_route=%2Fwp%2Fv2%2Fcategories&post=63032"},{"taxonomy":"post_tag","embeddable":true,"href":"https:\/\/webciudadana.net\/index.php?rest_route=%2Fwp%2Fv2%2Ftags&post=63032"}],"curies":[{"name":"wp","href":"https:\/\/api.w.org\/{rel}","templated":true}]}}