{"id":63037,"date":"2025-08-19T07:02:26","date_gmt":"2025-08-19T05:02:26","guid":{"rendered":"https:\/\/ticker-noticiasep.microcontenidos.com\/NoticiaRSS.vbhtml?user=FRND562DLP&amp;cod=20250819070226"},"modified":"2025-08-19T07:02:26","modified_gmt":"2025-08-19T05:02:26","slug":"mundo-ucc-environmental-anuncia-nombramiento-de-directivo-clave-en-emea","status":"publish","type":"post","link":"https:\/\/webciudadana.net\/?p=63037","title":{"rendered":"Mundo: UCC ENVIRONMENTAL anuncia nombramiento de directivo clave en EMEA"},"content":{"rendered":"\n<p>(Informaci\u00f3n remitida por la empresa firmante)<\/p>\n<p>\nWAUKEGAN, Ill., 19 de agosto de 2025 \/PRNewswire\/ &#8212; UCC ENVIRONMENTAL (UCC), l\u00edder mundial en soluciones de ingenier\u00eda sostenibles para el control de la contaminaci\u00f3n atmosf\u00e9rica, el tratamiento de agua y aguas residuales, y el manejo de s\u00f3lidos, se complace en anunciar el nombramiento de Andreas Beckers como director general de UCC PLAKON GmbH (PLAKON), la divisi\u00f3n de ingenier\u00eda y ejecuci\u00f3n de UCC Environmental para EMEA (Europa, Oriente Medio y \u00c1frica). Este cambio de liderazgo marca un hito en el continuo crecimiento de la compa\u00f1\u00eda y su compromiso con la excelencia en sectores de misi\u00f3n cr\u00edtica.<\/p>\n<p> Andreas Beckers \u2013 director general de UCC PLAKON<\/p>\n<p>\nComo director general de PLAKON, Andreas supervisar\u00e1 las operaciones de la compa\u00f1\u00eda en la regi\u00f3n EMEA, liderando iniciativas estrat\u00e9gicas, impulsando el crecimiento del negocio y garantizando la entrega de soluciones de ingenier\u00eda de alta calidad en m\u00faltiples sectores. Ser\u00e1 responsable de dirigir a los equipos t\u00e9cnicos, fortalecer las relaciones con los clientes y alinear las capacidades de PLAKON con los objetivos generales de la familia UCC Environmental. Andreas es licenciado en ingenier\u00eda por la Universidad T\u00e9cnica de Aquisgr\u00e1n (Alemania). Aporta m\u00e1s de 25 a\u00f1os de experiencia de liderazgo en el sector internacional de contrataci\u00f3n de plantas EPC (Ingenier\u00eda, Adquisiciones y Construcci\u00f3n).<\/p>\n<p> \u00abLa mentalidad centrada en el cliente y el compromiso con la excelencia de Andreas encarnan nuestros valores fundamentales de colaboraci\u00f3n, innovaci\u00f3n y trabajo en equipo\u00bb, afirm\u00f3 Kevin McDonough, presidente de UCC Environmental. \u00abSu liderazgo fortalecer\u00e1 nuestra presencia en la regi\u00f3n EMEA y posicionar\u00e1 a PLAKON para un crecimiento continuo en m\u00faltiples sectores\u00bb.<\/p>\n<p> Esta transici\u00f3n de liderazgo refleja el compromiso continuo de UCC con el crecimiento y el \u00e9xito a largo plazo de PLAKON. UCC mantiene su firme compromiso con el fortalecimiento de las relaciones con los clientes, la expansi\u00f3n de sus capacidades y la excelencia en todos los aspectos de sus operaciones.<\/p>\n<p> Acerca de UCC Environmental<\/p>\n<p>\nUCC Environmental es l\u00edder mundial en soluciones ambientales, especializada en el manejo de s\u00f3lidos, el tratamiento de aguas residuales y tecnolog\u00edas de control de la contaminaci\u00f3n para los mercados de generaci\u00f3n de energ\u00eda, miner\u00eda e industria pesada. Desde 1920, la empresa se ha dedicado al dise\u00f1o, suministro, construcci\u00f3n y mantenimiento de sistemas de primera clase dise\u00f1ados para satisfacer las demandas espec\u00edficas de los proveedores de servicios p\u00fablicos y la industria pesada. Su s\u00f3lido equipo de ingenieros de investigaci\u00f3n y desarrollo, dise\u00f1adores y expertos en la cadena de suministro garantiza un rendimiento excepcional, una calidad inquebrantable y la entrega puntual de los componentes fabricados y las piezas de repuesto. Con una red global de profesionales de ventas y servicio, nos enorgullece dar soporte a clientes e instalaciones en seis continentes.<\/p>\n<p> Sitio web: www.uccenvironmental.com<\/p>\n<p>\nContacto para medios<\/p>\n<p>\nDawn Williams<\/p>\n<p>\nDirector, Marketing Global &amp; Comunicaciones<\/p>\n<p>\nUCC Environmental<\/p>\n<p>\nTel.: 847 473 5900<\/p>\n<p>\nEmail: contactucc@uccenvironmental.com<\/p>\n<p>\nLogo &#8212; https:\/\/mma.prnewswire.com\/media\/1660483\/UCC_Enviro_01_Logo.jpg<\/p>\n<p>\nLogo &#8212; https:\/\/mma.prnewswire.com\/media\/2752577\/UCCPLAKON_Logo.jpg<\/p>\n<p> View original content:https:\/\/www.prnewswire.com\/news-releases\/ucc-environmental-anuncia-nombramiento-de-directivo-clave-en-emea-302533116.html<\/p>\n","protected":false},"excerpt":{"rendered":"<p>(Informaci\u00f3n remitida por la empresa firmante) WAUKEGAN, Ill., 19 de agosto de 2025 \/PRNewswire\/ &#8212; UCC ENVIRONMENTAL (UCC), l\u00edder mundial en soluciones de ingenier\u00eda sostenibles para el control de la contaminaci\u00f3n atmosf\u00e9rica, el tratamiento de agua y aguas residuales, y el manejo de s\u00f3lidos, se complace en anunciar el nombramiento de Andreas Beckers como director [&hellip;]<\/p>\n","protected":false},"author":1,"featured_media":0,"comment_status":"closed","ping_status":"closed","sticky":false,"template":"","format":"standard","meta":{"footnotes":""},"categories":[2],"tags":[],"class_list":["post-63037","post","type-post","status-publish","format-standard","hentry","category-noticias"],"_links":{"self":[{"href":"https:\/\/webciudadana.net\/index.php?rest_route=\/wp\/v2\/posts\/63037","targetHints":{"allow":["GET"]}}],"collection":[{"href":"https:\/\/webciudadana.net\/index.php?rest_route=\/wp\/v2\/posts"}],"about":[{"href":"https:\/\/webciudadana.net\/index.php?rest_route=\/wp\/v2\/types\/post"}],"author":[{"embeddable":true,"href":"https:\/\/webciudadana.net\/index.php?rest_route=\/wp\/v2\/users\/1"}],"replies":[{"embeddable":true,"href":"https:\/\/webciudadana.net\/index.php?rest_route=%2Fwp%2Fv2%2Fcomments&post=63037"}],"version-history":[{"count":0,"href":"https:\/\/webciudadana.net\/index.php?rest_route=\/wp\/v2\/posts\/63037\/revisions"}],"wp:attachment":[{"href":"https:\/\/webciudadana.net\/index.php?rest_route=%2Fwp%2Fv2%2Fmedia&parent=63037"}],"wp:term":[{"taxonomy":"category","embeddable":true,"href":"https:\/\/webciudadana.net\/index.php?rest_route=%2Fwp%2Fv2%2Fcategories&post=63037"},{"taxonomy":"post_tag","embeddable":true,"href":"https:\/\/webciudadana.net\/index.php?rest_route=%2Fwp%2Fv2%2Ftags&post=63037"}],"curies":[{"name":"wp","href":"https:\/\/api.w.org\/{rel}","templated":true}]}}