{"id":63039,"date":"2025-08-19T08:01:43","date_gmt":"2025-08-19T06:01:43","guid":{"rendered":"https:\/\/ticker-noticiasep.microcontenidos.com\/NoticiaRSS.vbhtml?user=FRND562DLP&amp;cod=20250819080143"},"modified":"2025-08-19T08:01:43","modified_gmt":"2025-08-19T06:01:43","slug":"mundo-la-12a-reunion-anual-del-foro-de-innovacion-para-una-tierra-fria-icef2025-se-celebrara-en-tokio","status":"publish","type":"post","link":"https:\/\/webciudadana.net\/?p=63039","title":{"rendered":"Mundo: La 12\u00aa Reuni\u00f3n Anual del Foro de Innovaci\u00f3n para una Tierra Fr\u00eda (ICEF2025) se celebrar\u00e1 en Tokio"},"content":{"rendered":"\n<div><img decoding=\"async\" src=\"https:\/\/img.europapress.es\/fotoweb\/fotonoticia_20250819080143_300.jpg\" class=\"ff-og-image-inserted\"><\/div>\n<p>(Informaci\u00f3n remitida por la empresa firmante)<\/p>\n<p>\n&#8211;La 12\u00aa Reuni\u00f3n Anual del Foro de Innovaci\u00f3n para una Tierra Fr\u00eda (ICEF2025) se celebrar\u00e1 los d\u00edas 8 y 9 de octubre de 2025 en Tokio<\/p>\n<p>\n&#8212; L\u00edderes mundiales de la industria, el mundo acad\u00e9mico y los gobiernos se re\u00fanen para debatir sobre medidas para combatir el calentamiento global y la innovaci\u00f3n &#8212;<\/p>\n<p>\nTOKIO, 19 de agosto de 2025 \/PRNewswire\/ &#8212; El Ministerio de Econom\u00eda, Comercio e Industria (METI) y la Organizaci\u00f3n para el Desarrollo de Nuevas Energ\u00edas y Tecnolog\u00edas Industriales (NEDO) celebrar\u00e1n la 12\u00aa Reuni\u00f3n Anual del Foro de Innovaci\u00f3n para una Tierra Fr\u00eda (ICEF2025), de dos d\u00edas de duraci\u00f3n, el mi\u00e9rcoles 8 y el jueves 9 de octubre en The Westin Tokyo (Jap\u00f3n) y en l\u00ednea. La Reuni\u00f3n Anual del ICEF se celebra anualmente desde 2014 por METI y NEDO como una conferencia internacional donde l\u00edderes mundiales de la industria, el mundo acad\u00e9mico y los gobiernos se re\u00fanen en un mismo lugar para promover la &#8216;innovaci\u00f3n&#8217;, clave para combatir el cambio clim\u00e1tico.<\/p>\n<p> La 12\u00aa conferencia de este a\u00f1o contar\u00e1 con aproximadamente 10 sesiones bajo el tema principal \u00abInnovaci\u00f3n para la transformaci\u00f3n verde (GX) y la seguridad\u00bb.<\/p>\n<p>\n\u00a6 Descripci\u00f3n general del Foro <\/p>\n<p>\n\u00abNombre de la Conferencia\u00bb 12\u00aa Reuni\u00f3n Anual del Foro de Innovaci\u00f3n para una Tierra Fr\u00eda (ICEF2025)<\/p>\n<p>\n\u00abOrganizadores\u00bb Ministerio de Econom\u00eda, Comercio e Industria (METI);<\/p>\n<p> Organizaci\u00f3n para el Desarrollo de Nuevas Energ\u00edas y Tecnolog\u00edas Industriales (NEDO)<\/p>\n<p>\n\u00abFechas\u00bb8 (mi\u00e9rcoles) y 9 (jueves) de octubre de 2025<\/p>\n<p>\n\u00abLugar\u00bb The Westin Tokyo, Jap\u00f3n (direcci\u00f3n: 1-4-1 Mita, Meguro-ku, Tokio)<\/p>\n<p> (Se llevar\u00e1 a cabo como un evento h\u00edbrido con sesiones en l\u00ednea.)<\/p>\n<p>\n\u00abIdioma\u00bb Ingl\u00e9s (con traducci\u00f3n simult\u00e1nea japon\u00e9s-ingl\u00e9s)<\/p>\n<p>\n\u00abCuota de participaci\u00f3n\u00bb Sin coste (se requiere inscripci\u00f3n previa)<\/p>\n<p>\n\u00abSitio web oficial\u00bb https:\/\/www.icef.go.jp\/<\/p>\n<p>\n\u00abCo&#8211;organizadores\u00bb Ministerio de Relaciones Exteriores; Ministerio de Educaci\u00f3n, Cultura, Deportes, Ciencia y Tecnolog\u00eda;<\/p>\n<p> Ministerio de Agricultura, Silvicultura y Pesca; Ministerio de Medio Ambiente<\/p>\n<p>\n\u00abSocios institucionales\u00bb IEA, BloombergNEF, UNIDO, IRENA<\/p>\n<p>\nLo m\u00e1s destacado de ICEF2025 y otros detalles (PDF)<\/p>\n<p>\nConsulte el sitio web oficial para conocer el programa m\u00e1s reciente y otros detalles.<\/p>\n<p>\nhttps:\/\/www.icef.go.jp\/program\/<\/p>\n<p>\nFoto &#8212; https:\/\/mma.prnewswire.com\/media\/2749614\/12th_Annual_Meeting_image.jpg<\/p>\n<p>\nLogo &#8212; https:\/\/mma.prnewswire.com\/media\/2749615\/ICEF_logo_Logo.jpg<\/p>\n<p> View original content:https:\/\/www.prnewswire.com\/news-releases\/la-12-reunion-anual-del-foro-de-innovacion-para-una-tierra-fria-icef2025-se-celebrara-en-tokio-302530575.html<\/p>\n","protected":false},"excerpt":{"rendered":"<p>(Informaci\u00f3n remitida por la empresa firmante) &#8211;La 12\u00aa Reuni\u00f3n Anual del Foro de Innovaci\u00f3n para una Tierra Fr\u00eda (ICEF2025) se celebrar\u00e1 los d\u00edas 8 y 9 de octubre de 2025 en Tokio &#8212; L\u00edderes mundiales de la industria, el mundo acad\u00e9mico y los gobiernos se re\u00fanen para debatir sobre medidas para combatir el calentamiento global [&hellip;]<\/p>\n","protected":false},"author":1,"featured_media":0,"comment_status":"closed","ping_status":"closed","sticky":false,"template":"","format":"standard","meta":{"footnotes":""},"categories":[2],"tags":[],"class_list":["post-63039","post","type-post","status-publish","format-standard","hentry","category-noticias"],"_links":{"self":[{"href":"https:\/\/webciudadana.net\/index.php?rest_route=\/wp\/v2\/posts\/63039","targetHints":{"allow":["GET"]}}],"collection":[{"href":"https:\/\/webciudadana.net\/index.php?rest_route=\/wp\/v2\/posts"}],"about":[{"href":"https:\/\/webciudadana.net\/index.php?rest_route=\/wp\/v2\/types\/post"}],"author":[{"embeddable":true,"href":"https:\/\/webciudadana.net\/index.php?rest_route=\/wp\/v2\/users\/1"}],"replies":[{"embeddable":true,"href":"https:\/\/webciudadana.net\/index.php?rest_route=%2Fwp%2Fv2%2Fcomments&post=63039"}],"version-history":[{"count":0,"href":"https:\/\/webciudadana.net\/index.php?rest_route=\/wp\/v2\/posts\/63039\/revisions"}],"wp:attachment":[{"href":"https:\/\/webciudadana.net\/index.php?rest_route=%2Fwp%2Fv2%2Fmedia&parent=63039"}],"wp:term":[{"taxonomy":"category","embeddable":true,"href":"https:\/\/webciudadana.net\/index.php?rest_route=%2Fwp%2Fv2%2Fcategories&post=63039"},{"taxonomy":"post_tag","embeddable":true,"href":"https:\/\/webciudadana.net\/index.php?rest_route=%2Fwp%2Fv2%2Ftags&post=63039"}],"curies":[{"name":"wp","href":"https:\/\/api.w.org\/{rel}","templated":true}]}}