{"id":63041,"date":"2025-08-19T09:20:08","date_gmt":"2025-08-19T07:20:08","guid":{"rendered":"https:\/\/ticker-noticiasep.microcontenidos.com\/NoticiaRSS.vbhtml?user=FRND562DLP&amp;cod=20250819092008"},"modified":"2025-08-19T09:20:08","modified_gmt":"2025-08-19T07:20:08","slug":"aldi-facilita-la-vuelta-a-septiembre-con-bajadas-de-hasta-el-50-en-esenciales-de-la-despensa","status":"publish","type":"post","link":"https:\/\/webciudadana.net\/?p=63041","title":{"rendered":"ALDI facilita la vuelta a septiembre con bajadas de hasta el 50% en esenciales de la despensa"},"content":{"rendered":"\n<div><img decoding=\"async\" src=\"https:\/\/img.europapress.es\/fotoweb\/fotonoticia_20250819092008_300.jpg\" class=\"ff-og-image-inserted\"><\/div>\n<p>(Informaci\u00f3n remitida por la empresa firmante)<\/p>\n<p>\nLas ofertas estar\u00e1n disponibles en todos los supermercados ALDI de Espa\u00f1a entre el lunes 18 y el domingo 24 de agosto<\/p>\n<p>\nFrutas y verduras frescas desde 0,79 euros\/kg, carnes desde 1,85 euros y novedades en helados a precios bajos para cuidar la cesta familiar<\/p>\n<p>\nLa compa\u00f1\u00eda sigue reforzando el ahorro familiar tras bajar el precio de m\u00e1s de 650 productos en la primera mitad del a\u00f1o<\/p>\n<p>\nSant Cugat del Vall\u00e8s, 19 de agosto de 2025 \u2013 ALDI ayuda a las familias espa\u00f1olas a adelantarse a la vuelta a septiembre, ofreciendo esenciales del hogar a precios bajos, desde frutas, verduras y carnes de origen nacional. Entre el lunes 18 y el domingo 24 de agosto, la compa\u00f1\u00eda lanza m\u00e1s de 70 ofertas con descuentos de hasta el 50%, para que las familias empiecen el mes y la vuelta a la rutina con ahorros importantes.<\/p>\n<p>\nFrutas, verduras y carne fresca de origen nacional y a precios bajos<\/p>\n<p>\nEn fruta y verdura, ALDI baja el precio de referencias protagonistas del verano, como el mel\u00f3n piel de sapo (0,79 \u20ac\/kg), la ciruela (0,99 \u20ac\/500 g), o el melocot\u00f3n amarillo (1,99 \u20ac\/kg), todas de origen nacional. En el surtido de ALDI, 6 de cada 10 frutas y casi 9 de cada 10 verduras se obtienen de proveedores espa\u00f1oles, garantizando frescos de calidad y con prioridad del producto de temporada.<\/p>\n<p>\nSiguiendo con su compromiso por productos de proximidad, toda la carne fresca de ALDI es de origen espa\u00f1ol. Esta semana tambi\u00e9n presentan descuentos pensados para que las familias llenen la nevera con productos de calidad a precios bajos. Destacan la pechuga de pollo formato familiar (5,29 euros\/kg), jamoncitos (2,45 euros\/700 g aprox.) o el filete de lomo (5,35 euros\/900 g aprox.).<\/p>\n<p>\nAhorro diario garantizado en ALDI<\/p>\n<p>\nPara facilitar el ahorro en el d\u00eda a d\u00eda, ALDI ya ha aplicado 650 bajadas de precio en productos durante la primera mitad del a\u00f1o. De esta manera, la cadena prepara la vuelta a septiembre con propuestas que combinan ahorro y calidad. Seg\u00fan c\u00e1lculos de la compa\u00f1\u00eda basados en datos de Worldpanel by Numerator, comprar en ALDI permite ahorrar m\u00e1s de 1.000 euros al a\u00f1o, reafirmando su compromiso de ofrecer precios accesibles que ayudan a las familias a llenar su cesta sin comprometer el presupuesto.<\/p>\n<p>\nSobre ALDI<\/p>\n<p>\nALDI es una de las principales cadenas de supermercados de Espa\u00f1a, con un modelo de negocio basado en el descuento. La entrada de ALDI en el mercado espa\u00f1ol se produjo en 2002 y actualmente cuenta con m\u00e1s de 480 tiendas y m\u00e1s de 7.700 empleados. ALDI orienta su actividad en ofrecer productos de alta calidad al mejor precio, que obtiene comprando a los mejores proveedores locales, estatales e internacionales y mediante sus marcas propias, que representan 9 de cada 10 productos de su surtido y cuyos est\u00e1ndares permiten mantener la mejor relaci\u00f3n calidad \u2013 precio en sus productos.<\/p>\n<p>\nEl grupo de empresas ALDI Nord es una de las cadenas de alimentaci\u00f3n m\u00e1s importantes del mundo. El discounter centra todos sus esfuerzos en ofrecer productos b\u00e1sicos de calidad al mejor precio a clientes de ocho pa\u00edses europeos. La clave del \u00e9xito continuado de ALDI Nord Group son sus m\u00e1s de 88.000 trabajadores y trabajadoras de B\u00e9lgica, Francia, Alemania, Luxemburgo, Pa\u00edses Bajos, Polonia, Portugal y Espa\u00f1a.<\/p>\n<p>\nPara m\u00e1s informaci\u00f3n: www.aldi.es<\/p>\n<p>\nContacto para medios de comunicaci\u00f3n:<\/p>\n<p>\nClara L\u00f3pez<\/p>\n<p>\nTel\u00e9fono 932 172 217<\/p>\n<p>\naldi@llyc.global<\/p>\n<p>\nEmisor: ALDI<\/p>\n","protected":false},"excerpt":{"rendered":"<p>(Informaci\u00f3n remitida por la empresa firmante) Las ofertas estar\u00e1n disponibles en todos los supermercados ALDI de Espa\u00f1a entre el lunes 18 y el domingo 24 de agosto Frutas y verduras frescas desde 0,79 euros\/kg, carnes desde 1,85 euros y novedades en helados a precios bajos para cuidar la cesta familiar La compa\u00f1\u00eda sigue reforzando el [&hellip;]<\/p>\n","protected":false},"author":1,"featured_media":0,"comment_status":"closed","ping_status":"closed","sticky":false,"template":"","format":"standard","meta":{"footnotes":""},"categories":[2],"tags":[],"class_list":["post-63041","post","type-post","status-publish","format-standard","hentry","category-noticias"],"_links":{"self":[{"href":"https:\/\/webciudadana.net\/index.php?rest_route=\/wp\/v2\/posts\/63041","targetHints":{"allow":["GET"]}}],"collection":[{"href":"https:\/\/webciudadana.net\/index.php?rest_route=\/wp\/v2\/posts"}],"about":[{"href":"https:\/\/webciudadana.net\/index.php?rest_route=\/wp\/v2\/types\/post"}],"author":[{"embeddable":true,"href":"https:\/\/webciudadana.net\/index.php?rest_route=\/wp\/v2\/users\/1"}],"replies":[{"embeddable":true,"href":"https:\/\/webciudadana.net\/index.php?rest_route=%2Fwp%2Fv2%2Fcomments&post=63041"}],"version-history":[{"count":0,"href":"https:\/\/webciudadana.net\/index.php?rest_route=\/wp\/v2\/posts\/63041\/revisions"}],"wp:attachment":[{"href":"https:\/\/webciudadana.net\/index.php?rest_route=%2Fwp%2Fv2%2Fmedia&parent=63041"}],"wp:term":[{"taxonomy":"category","embeddable":true,"href":"https:\/\/webciudadana.net\/index.php?rest_route=%2Fwp%2Fv2%2Fcategories&post=63041"},{"taxonomy":"post_tag","embeddable":true,"href":"https:\/\/webciudadana.net\/index.php?rest_route=%2Fwp%2Fv2%2Ftags&post=63041"}],"curies":[{"name":"wp","href":"https:\/\/api.w.org\/{rel}","templated":true}]}}