{"id":63045,"date":"2025-08-19T12:09:40","date_gmt":"2025-08-19T10:09:40","guid":{"rendered":"https:\/\/ticker-noticiasep.microcontenidos.com\/NoticiaRSS.vbhtml?user=FRND562DLP&amp;cod=20250819120940"},"modified":"2025-08-19T12:09:40","modified_gmt":"2025-08-19T10:09:40","slug":"mundo-los-participantes-internacionales-ven-la-feria-del-libro-del-sur-de-china-como-un-escenario-para-la-cultura","status":"publish","type":"post","link":"https:\/\/webciudadana.net\/?p=63045","title":{"rendered":"Mundo: Los participantes internacionales ven la Feria del Libro del Sur de China como un escenario para la cultura"},"content":{"rendered":"\n<p>(Informaci\u00f3n remitida por la empresa firmante)<\/p>\n<p>\nGUANGZHOU, China, 19 de agosto de 2025 \/PRNewswire\/ &#8212; Informe de GDToday.<\/p>\n<p>\nLa Feria del Libro del Sur de China 2025 se inaugura el 15 de agosto en Guangzhou. A diferencia de ediciones anteriores, la feria del libro de este a\u00f1o ha ampliado su \u00e1rea internacional a un nivel sin precedentes, abarcando m\u00e1s de 2.000 metros cuadrados. Numerosos autores y expositores internacionales de renombre tambi\u00e9n han acudido para conocer a los lectores chinos. \u00bfQu\u00e9 los impuls\u00f3 a participar en una de las ferias del libro m\u00e1s grandes del sur de China? Vea el video para descubrirlo.<\/p>\n<p> Video &#8211; https:\/\/mma.prnewswire.com\/media\/2752467\/1.mp4<\/p>\n<p> View original content:https:\/\/www.prnewswire.com\/news-releases\/los-participantes-internacionales-ven-la-feria-del-libro-del-sur-de-china-como-un-escenario-para-la-cultura-302533305.html<\/p>\n","protected":false},"excerpt":{"rendered":"<p>(Informaci\u00f3n remitida por la empresa firmante) GUANGZHOU, China, 19 de agosto de 2025 \/PRNewswire\/ &#8212; Informe de GDToday. La Feria del Libro del Sur de China 2025 se inaugura el 15 de agosto en Guangzhou. A diferencia de ediciones anteriores, la feria del libro de este a\u00f1o ha ampliado su \u00e1rea internacional a un nivel [&hellip;]<\/p>\n","protected":false},"author":1,"featured_media":0,"comment_status":"closed","ping_status":"closed","sticky":false,"template":"","format":"standard","meta":{"footnotes":""},"categories":[2],"tags":[],"class_list":["post-63045","post","type-post","status-publish","format-standard","hentry","category-noticias"],"_links":{"self":[{"href":"https:\/\/webciudadana.net\/index.php?rest_route=\/wp\/v2\/posts\/63045","targetHints":{"allow":["GET"]}}],"collection":[{"href":"https:\/\/webciudadana.net\/index.php?rest_route=\/wp\/v2\/posts"}],"about":[{"href":"https:\/\/webciudadana.net\/index.php?rest_route=\/wp\/v2\/types\/post"}],"author":[{"embeddable":true,"href":"https:\/\/webciudadana.net\/index.php?rest_route=\/wp\/v2\/users\/1"}],"replies":[{"embeddable":true,"href":"https:\/\/webciudadana.net\/index.php?rest_route=%2Fwp%2Fv2%2Fcomments&post=63045"}],"version-history":[{"count":0,"href":"https:\/\/webciudadana.net\/index.php?rest_route=\/wp\/v2\/posts\/63045\/revisions"}],"wp:attachment":[{"href":"https:\/\/webciudadana.net\/index.php?rest_route=%2Fwp%2Fv2%2Fmedia&parent=63045"}],"wp:term":[{"taxonomy":"category","embeddable":true,"href":"https:\/\/webciudadana.net\/index.php?rest_route=%2Fwp%2Fv2%2Fcategories&post=63045"},{"taxonomy":"post_tag","embeddable":true,"href":"https:\/\/webciudadana.net\/index.php?rest_route=%2Fwp%2Fv2%2Ftags&post=63045"}],"curies":[{"name":"wp","href":"https:\/\/api.w.org\/{rel}","templated":true}]}}