{"id":63090,"date":"2025-08-22T12:15:14","date_gmt":"2025-08-22T10:15:14","guid":{"rendered":"https:\/\/ticker-noticiasep.microcontenidos.com\/NoticiaRSS.vbhtml?user=FRND562DLP&amp;cod=20250822121514"},"modified":"2025-08-22T12:15:14","modified_gmt":"2025-08-22T10:15:14","slug":"mundo-el-foro-de-derecho-de-la-asean-2025-marca-un-hito-regional-en-la-reforma-y-cooperacion-juridicas","status":"publish","type":"post","link":"https:\/\/webciudadana.net\/?p=63090","title":{"rendered":"Mundo: El Foro de Derecho de la ASEAN 2025 marca un hito regional en la reforma y cooperaci\u00f3n jur\u00eddicas"},"content":{"rendered":"\n<div><img decoding=\"async\" src=\"https:\/\/img.europapress.es\/fotoweb\/fotonoticia_20250822121514_300.jpg\" class=\"ff-og-image-inserted\"><\/div>\n<p>(Informaci\u00f3n remitida por la empresa firmante)<\/p>\n<p>\nKUALA LUMPUR, Malasia, 22 de agosto de 2025 \/PRNewswire\/ &#8212; Hoy concluy\u00f3 el hist\u00f3rico primer Foro Jur\u00eddico de la ASEAN, celebrado del 19 al 21 de agosto en el Centro de Convenciones de Kuala Lumpur (KLCC). El foro represent\u00f3 un avance fundamental en el compromiso de la ASEAN con el fomento de la confianza, fortaleciendo su posici\u00f3n a nivel mundial y destacando los importantes avances de nuestra regi\u00f3n en la mejora de la reforma jur\u00eddica. En este sentido, la Divisi\u00f3n de Asuntos Jur\u00eddicos del Departamento del Primer Ministro desea expresar su m\u00e1s sincero agradecimiento a la Oficina del Primer Ministro y al Ministerio de Asuntos Exteriores por toda la asistencia y orientaci\u00f3n proporcionadas para que este foro fuera un \u00e9xito.<\/p>\n<p> En preparaci\u00f3n para el foro, y en consonancia con la visi\u00f3n del Gobierno de Malasia de mejorar la cooperaci\u00f3n y la inclusi\u00f3n regionales, se sentaron las bases a trav\u00e9s de compromisos bilaterales con los estados miembros de la ASEAN mediante la Gira de la ASEAN y el Foro de Kuala Lumpur sobre Arbitraje Internacional celebrado en 2024.<\/p>\n<p> El foro reuni\u00f3 a responsables pol\u00edticos, profesionales del derecho, acad\u00e9micos y partes interesadas de la ASEAN y otros pa\u00edses. Bajo el lema \u00abMejorar el acceso a la justicia en la Comunidad Econ\u00f3mica de la ASEAN: Conectando la cooperaci\u00f3n jur\u00eddica para un crecimiento inclusivo en la era digital\u00bb, abordamos \u00e1reas cruciales como el arbitraje, la mediaci\u00f3n, la seguridad en l\u00ednea, la insolvencia transfronteriza, los delitos cibern\u00e9ticos, las reformas del derecho penal y mercantil, las empresas y los derechos humanos, y la integraci\u00f3n responsable de la inteligencia artificial en los sistemas de justicia.<\/p>\n<p> Los debates y la participaci\u00f3n din\u00e1mica pusieron de relieve nuestro esfuerzo colectivo para abordar y resolver los desaf\u00edos emergentes de forma proactiva, generando beneficios tangibles a nivel nacional y regional, buscando garantizar un entorno de resoluci\u00f3n de disputas consistente y predecible, que es esencial para la estabilidad econ\u00f3mica regional y la confianza empresarial.<\/p>\n<p> Adem\u00e1s, paneles especializados abordaron eficazmente temas esenciales como las finanzas isl\u00e1micas y el arbitraje, el arbitraje deportivo, el arbitraje mar\u00edtimo y los criterios ESG en las cadenas de suministro. Estas sesiones especializadas han reforzado nuestro compromiso estrat\u00e9gico con reformas legales espec\u00edficas, adaptadas a las necesidades actuales y futuras.<\/p>\n<p> El foro concluy\u00f3 con la adopci\u00f3n de una Declaraci\u00f3n Conjunta de los ministros de Derecho de la ASEAN sobre el Desarrollo del Arbitraje y la Mediaci\u00f3n Comercial Internacional. La adopci\u00f3n de la Declaraci\u00f3n Conjunta fue firmada por Y. B. Dato&#8217; Sri Azalina Othman Said, ministro del Departamento del primer ministro (Derecho y Reforma Institucional), en representaci\u00f3n de Malasia, y presenciada por el Honorable primer ministro de Malasia, Y. B. Dato&#8217; Seri Anwar bin Ibrahim.<\/p>\n<p> Este compromiso refleja nuestra visi\u00f3n compartida de fortalecer los est\u00e1ndares jur\u00eddicos y la cooperaci\u00f3n dentro de la ASEAN, consolidando las bases del estado de derecho, la resiliencia econ\u00f3mica y la unidad regional. Este logro subraya el compromiso de Malasia con una reforma jur\u00eddica innovadora y pr\u00e1ctica, basada en resultados que fortalezcan el ecosistema jur\u00eddico de la ASEAN.<\/p>\n<p> Antes de la adopci\u00f3n de la Declaraci\u00f3n Conjunta, YB Dato&#8217; Sri Azalina Othman y el viceministro del Departamento del primer ministro (Derecho y Reforma Institucional) YB M. Kula Segaran realizaron una gira regional por los estados miembros de la ASEAN para interactuar directamente con los ministros de Derecho y Justicia y los representantes de sus instituciones jur\u00eddicas nacionales.<\/p>\n<p> Estos compromisos y debates tienen como objetivo promover la cooperaci\u00f3n regional en el desarrollo del arbitraje y la mediaci\u00f3n comercial internacional, a trav\u00e9s del apoyo y consenso de la Declaraci\u00f3n Conjunta liderada por Malasia.<\/p>\n<p> Foto &#8211; https:\/\/mma.prnewswire.com\/media\/2755563\/ASEAN_Law_Forum_2025.jpg<\/p>\n<p>\nLogo &#8212; https:\/\/mma.prnewswire.com\/media\/2755562\/Legal_Affairs_Division_Logo.jpg<\/p>\n<p> View original content:https:\/\/www.prnewswire.com\/news-releases\/el-foro-de-derecho-de-la-asean-2025-marca-un-hito-regional-en-la-reforma-y-cooperacion-juridicas-302536613.html<\/p>\n","protected":false},"excerpt":{"rendered":"<p>(Informaci\u00f3n remitida por la empresa firmante) KUALA LUMPUR, Malasia, 22 de agosto de 2025 \/PRNewswire\/ &#8212; Hoy concluy\u00f3 el hist\u00f3rico primer Foro Jur\u00eddico de la ASEAN, celebrado del 19 al 21 de agosto en el Centro de Convenciones de Kuala Lumpur (KLCC). El foro represent\u00f3 un avance fundamental en el compromiso de la ASEAN con [&hellip;]<\/p>\n","protected":false},"author":1,"featured_media":0,"comment_status":"closed","ping_status":"closed","sticky":false,"template":"","format":"standard","meta":{"footnotes":""},"categories":[2],"tags":[],"class_list":["post-63090","post","type-post","status-publish","format-standard","hentry","category-noticias"],"_links":{"self":[{"href":"https:\/\/webciudadana.net\/index.php?rest_route=\/wp\/v2\/posts\/63090","targetHints":{"allow":["GET"]}}],"collection":[{"href":"https:\/\/webciudadana.net\/index.php?rest_route=\/wp\/v2\/posts"}],"about":[{"href":"https:\/\/webciudadana.net\/index.php?rest_route=\/wp\/v2\/types\/post"}],"author":[{"embeddable":true,"href":"https:\/\/webciudadana.net\/index.php?rest_route=\/wp\/v2\/users\/1"}],"replies":[{"embeddable":true,"href":"https:\/\/webciudadana.net\/index.php?rest_route=%2Fwp%2Fv2%2Fcomments&post=63090"}],"version-history":[{"count":0,"href":"https:\/\/webciudadana.net\/index.php?rest_route=\/wp\/v2\/posts\/63090\/revisions"}],"wp:attachment":[{"href":"https:\/\/webciudadana.net\/index.php?rest_route=%2Fwp%2Fv2%2Fmedia&parent=63090"}],"wp:term":[{"taxonomy":"category","embeddable":true,"href":"https:\/\/webciudadana.net\/index.php?rest_route=%2Fwp%2Fv2%2Fcategories&post=63090"},{"taxonomy":"post_tag","embeddable":true,"href":"https:\/\/webciudadana.net\/index.php?rest_route=%2Fwp%2Fv2%2Ftags&post=63090"}],"curies":[{"name":"wp","href":"https:\/\/api.w.org\/{rel}","templated":true}]}}