{"id":63110,"date":"2025-08-25T16:58:32","date_gmt":"2025-08-25T14:58:32","guid":{"rendered":"https:\/\/ticker-noticiasep.microcontenidos.com\/NoticiaRSS.vbhtml?user=FRND562DLP&amp;cod=20250825165832"},"modified":"2025-08-25T16:58:32","modified_gmt":"2025-08-25T14:58:32","slug":"mundo-escuchar-cargar-proteger-baseus-trae-la-serie-inspire-y-nuevas-innovaciones-a-ifa-2025","status":"publish","type":"post","link":"https:\/\/webciudadana.net\/?p=63110","title":{"rendered":"Mundo: Escuchar, cargar, proteger: Baseus trae la serie Inspire y nuevas innovaciones a IFA 2025"},"content":{"rendered":"\n<div><img decoding=\"async\" src=\"https:\/\/img.europapress.es\/fotoweb\/fotonoticia_20250825165832_300.jpg\" class=\"ff-og-image-inserted\"><\/div>\n<p>(Informaci\u00f3n remitida por la empresa firmante)<\/p>\n<p>\nSHENZHEN, China, 25 de agosto de 2025 \/PRNewswire\/ &#8212; Baseus, l\u00edder mundial en electr\u00f3nica de consumo, presentar\u00e1 su emblem\u00e1tica serie Inspire de productos de audio con tecnolog\u00eda Sound by Bose, estableciendo un nuevo est\u00e1ndar en sonido accesible de alta gama en IFA 2025. Anote en su calendario del 5 al 10 de septiembre y visite Baseus en Messe Berlin, pabell\u00f3n 4.2, stand 147 para conocer de primera mano la serie Inspire y ver una muestra de innovaciones de vanguardia que redefinen la innovaci\u00f3n, la comodidad y la inteligencia.<\/p>\n<p> La serie de audio Inspire de Baseus ser\u00e1 protagonista en IFA 2025 con tres modelos distintos: sobreaural, abierto e intraaural. El dise\u00f1o abierto destaca por su sistema h\u00edbrido de transductores bidireccionales, pionero en la industria.<\/p>\n<p> Baseus demuestra c\u00f3mo la ingenier\u00eda ac\u00fastica inteligente y el hardware pionero pueden mejorar las experiencias de audio cotidianas, estableciendo un nuevo punto de referencia para el sonido premium accesible.<\/p>\n<p> M\u00e1s all\u00e1 del audio, Baseus destacar\u00e1 su ecosistema m\u00e1s amplio. En seguridad inteligente, la compa\u00f1\u00eda presentar\u00e1 Security X1 Pro, la primera c\u00e1mara de seguridad inteligente con doble seguimiento e IA del mundo, con resoluci\u00f3n 3K y un alcance de seguimiento horizontal de 300\u00b0, que muestra c\u00f3mo la protecci\u00f3n, la potencia y el sonido se combinan a la perfecci\u00f3n en la experiencia Baseus.<\/p>\n<p> Los visitantes tambi\u00e9n podr\u00e1n disfrutar de la serie PicoGo II de soluciones de energ\u00eda r\u00e1pidas, fiables y listas para viajar, que incluyen cargadores compactos de GaN de alto rendimiento y opciones magn\u00e9ticas compatibles con Qi2.2 que ofrecen velocidad y seguridad, a la vez que se integran a la perfecci\u00f3n con los smartphones m\u00e1s recientes.<\/p>\n<p> Al combinar avances en sonido, potencia y seguridad, Baseus busca demostrar en IFA 2025 c\u00f3mo la tecnolog\u00eda puede ser innovadora y accesible. Esta presentaci\u00f3n subraya el compromiso de Baseus de crear estilos de vida m\u00e1s inteligentes y conectados para millones de usuarios en todo el mundo, a la vez que marca otro hito en su trayectoria de fabricante de accesorios de confianza a marca tecnol\u00f3gica global.<\/p>\n<p> Acerca de Baseus<\/p>\n<p>\nFundada en 2011, Baseus naci\u00f3 con la m\u00e1xima atenci\u00f3n a sus usuarios. La compa\u00f1\u00eda encarna su lema: Pr\u00e1ctico. Confiable. Basado en el usuario. Esto demuestra la b\u00fasqueda de la m\u00e1xima practicidad para resolver los problemas de los usuarios con un dise\u00f1o excepcional y una apariencia moderna que tambi\u00e9n refleja fiabilidad, alta calidad y rentabilidad. Baseus ofrece una variedad de productos, incluyendo cargadores port\u00e1tiles, cargadores de escritorio, cargadores de pared, auriculares inal\u00e1mbricos y bases de conexi\u00f3n. Elegida por 300 millones de usuarios y con 6.000 millones de servicios, Baseus ofrece m\u00e1s de 100 millones de productos pr\u00e1cticos y est\u00e9ticos cada a\u00f1o, mejorando continuamente la satisfacci\u00f3n de los usuarios. \u00danase hoy mismo a la familia Baseus y descubra un nuevo mundo de innovaci\u00f3n tecnol\u00f3gica.<\/p>\n<p> Contacto para medios:<\/p>\n<p>\nNombre: Baseus PR Team<\/p>\n<p>\nEmail: pr@baseus.com<\/p>\n<p>\nSitio web official de Baseus: https:\/\/www.baseus.com\/<\/p>\n<p>\nFoto &#8212; https:\/\/mma.prnewswire.com\/media\/2756733\/image_5013432_6741449.jpg<\/p>\n<p>\nFoto &#8212; https:\/\/mma.prnewswire.com\/media\/2756734\/1.jpg<\/p>\n<p>\nFoto &#8212; https:\/\/mma.prnewswire.com\/media\/2756735\/2.jpg<\/p>\n<p>\nLogo &#8212; https:\/\/mma.prnewswire.com\/media\/2098707\/Logo.jpg<\/p>\n<p> View original content:https:\/\/www.prnewswire.com\/news-releases\/escuchar-cargar-proteger-baseus-trae-la-serie-inspire-y-nuevas-innovaciones-a-ifa-2025-302537752.html<\/p>\n","protected":false},"excerpt":{"rendered":"<p>(Informaci\u00f3n remitida por la empresa firmante) SHENZHEN, China, 25 de agosto de 2025 \/PRNewswire\/ &#8212; Baseus, l\u00edder mundial en electr\u00f3nica de consumo, presentar\u00e1 su emblem\u00e1tica serie Inspire de productos de audio con tecnolog\u00eda Sound by Bose, estableciendo un nuevo est\u00e1ndar en sonido accesible de alta gama en IFA 2025. Anote en su calendario del 5 [&hellip;]<\/p>\n","protected":false},"author":1,"featured_media":0,"comment_status":"closed","ping_status":"closed","sticky":false,"template":"","format":"standard","meta":{"footnotes":""},"categories":[2],"tags":[],"class_list":["post-63110","post","type-post","status-publish","format-standard","hentry","category-noticias"],"_links":{"self":[{"href":"https:\/\/webciudadana.net\/index.php?rest_route=\/wp\/v2\/posts\/63110","targetHints":{"allow":["GET"]}}],"collection":[{"href":"https:\/\/webciudadana.net\/index.php?rest_route=\/wp\/v2\/posts"}],"about":[{"href":"https:\/\/webciudadana.net\/index.php?rest_route=\/wp\/v2\/types\/post"}],"author":[{"embeddable":true,"href":"https:\/\/webciudadana.net\/index.php?rest_route=\/wp\/v2\/users\/1"}],"replies":[{"embeddable":true,"href":"https:\/\/webciudadana.net\/index.php?rest_route=%2Fwp%2Fv2%2Fcomments&post=63110"}],"version-history":[{"count":0,"href":"https:\/\/webciudadana.net\/index.php?rest_route=\/wp\/v2\/posts\/63110\/revisions"}],"wp:attachment":[{"href":"https:\/\/webciudadana.net\/index.php?rest_route=%2Fwp%2Fv2%2Fmedia&parent=63110"}],"wp:term":[{"taxonomy":"category","embeddable":true,"href":"https:\/\/webciudadana.net\/index.php?rest_route=%2Fwp%2Fv2%2Fcategories&post=63110"},{"taxonomy":"post_tag","embeddable":true,"href":"https:\/\/webciudadana.net\/index.php?rest_route=%2Fwp%2Fv2%2Ftags&post=63110"}],"curies":[{"name":"wp","href":"https:\/\/api.w.org\/{rel}","templated":true}]}}