{"id":63190,"date":"2025-09-01T07:42:39","date_gmt":"2025-09-01T05:42:39","guid":{"rendered":"https:\/\/ticker-noticiasep.microcontenidos.com\/NoticiaRSS.vbhtml?user=FRND562DLP&amp;cod=20250901074239"},"modified":"2025-09-01T07:42:39","modified_gmt":"2025-09-01T05:42:39","slug":"mundo-el-smart-ev-de-e5990-redefine-la-movilidad-placentera","status":"publish","type":"post","link":"https:\/\/webciudadana.net\/?p=63190","title":{"rendered":"Mundo: El Smart EV de \u20ac5,990 redefine la movilidad placentera"},"content":{"rendered":"\n<div><img decoding=\"async\" src=\"https:\/\/img.europapress.es\/fotoweb\/fotonoticia_20250901074239_300.jpg\" class=\"ff-og-image-inserted\"><\/div>\n<p>(Informaci\u00f3n remitida por la empresa firmante)<\/p>\n<p>\nBEIJING, 1 de septiembre de 2025 \/PRNewswire\/ &#8212; La marca de innovaci\u00f3n china ASTRAUX organizar\u00e1 su Evento de Lanzamiento Mundial el 4 de septiembre de 2025, en Berl\u00edn, y presentar\u00e1 tres productos innovadores en la IFA 2025:<\/p>\n<p>\nASTRAUX Micro Smart EVSerie AL: el nuevo veh\u00edculo microel\u00e9ctrico de ASTRAUX est\u00e1 dise\u00f1ado para satisfacer las demandas de la movilidad urbana y atraer a todas las generaciones. Cuenta con certificado bajo las categor\u00edas L6e\/L7e de la UE y puede conducirse legalmente a partir de los 14 a\u00f1os en ciertos pa\u00edses europeos, lo que brinda una nueva libertad y m\u00e1s diversi\u00f3n al transporte urbano.<\/p>\n<p> En el aspecto visual, el veh\u00edculo se destaca con un concepto de dise\u00f1o muy original: faros circulares de gran tama\u00f1o, techo solar panor\u00e1mico y un dise\u00f1o que permite una visualizaci\u00f3n de 360\u00b0 y combina una personalidad audaz con una mayor seguridad. En el interior, ofrece karaoke integrado e iluminaci\u00f3n de cabina, mientras que en el exterior est\u00e1 equipado con un dron, que lo transforma de un simple autom\u00f3vil en un centro de entretenimiento m\u00f3vil.<\/p>\n<p> En el evento de lanzamiento, ASTRAUX tambi\u00e9n presentar\u00e1 dos innovaciones adicionales: el robot complementario impulsado por IA llamado Aimon y las gafas de sol de IA, que marcan el \u00faltimo paso de la marca en tecnolog\u00eda inteligente impulsada por el estilo de vida.<\/p>\n<p> Dise\u00f1ado para todas las generaciones, ASTRAUX aporta una nueva filosof\u00eda de \u00abJoy for All\u00bb (Deleite para Todos), que combina estilo, tecnolog\u00eda y asequibilidad. Este lanzamiento de categor\u00edas cruzadas marca un paso audaz hacia la movilidad inteligente, el compa\u00f1erismo emocional y las experiencias de IA port\u00e1tiles.<\/p>\n<p> Oferta por tiempo limitado: desde hoy hasta el 6 de septiembre a las 24:00 CET, reserve cualquier producto con tan solo \u20ac9,9 con un reembolso completo disponible hasta el 10 de noviembre:<\/p>\n<p>\nPrecio por reserva anticipada de ASTRAUX AL7: \u20ac7,990 (Reg. \u20ac8,990)<\/p>\n<p>\nPrecio por reserva anticipada de ASTRAUX AL6: \u20ac5,990 (Reg. \u20ac6,990)<\/p>\n<p>\nLa visi\u00f3n de ASTRAUX es hacer que el dise\u00f1o innovador sea accesible, al ofrecer a los consumidores una tecnolog\u00eda m\u00e1s inteligente, m\u00e1s divertida y m\u00e1s asequible. Como dice la marca: \u00abDale estilo. V\u00edvelo. Mu\u00e9stralo\u00bb.<\/p>\n<p> La cuenta regresiva comenz\u00f3. Acomp\u00e1\u00f1enos en IFA Berl\u00edn y sea testigo de una nueva era de vida inteligente.<\/p>\n<p> Sitio web: https:\/\/astra-ux.com\/zh<\/p>\n<p>\nEnlace de pedido anticipado: https:\/\/astra-ux.com\/products\/electric-mini-car<\/p>\n<p>\nContacto para los medios: press.astraux@maktoumtech.com<\/p>\n<p>\nRedes sociales:<\/p>\n<p>\nInstagram: @Astraux.global<\/p>\n<p>\nTikTok: @astrauxglobal<\/p>\n<p>\nFacebook: @Astraux.global<\/p>\n<p>\nFoto &#8212; https:\/\/mma.prnewswire.com\/media\/2756140\/image_5053227_20150071.jpg<\/p>\n<p> View original content:https:\/\/www.prnewswire.com\/news-releases\/el-smart-ev-de-5-990-redefine-la-movilidad-placentera-302542869.html<\/p>\n","protected":false},"excerpt":{"rendered":"<p>(Informaci\u00f3n remitida por la empresa firmante) BEIJING, 1 de septiembre de 2025 \/PRNewswire\/ &#8212; La marca de innovaci\u00f3n china ASTRAUX organizar\u00e1 su Evento de Lanzamiento Mundial el 4 de septiembre de 2025, en Berl\u00edn, y presentar\u00e1 tres productos innovadores en la IFA 2025: ASTRAUX Micro Smart EVSerie AL: el nuevo veh\u00edculo microel\u00e9ctrico de ASTRAUX est\u00e1 [&hellip;]<\/p>\n","protected":false},"author":1,"featured_media":0,"comment_status":"closed","ping_status":"closed","sticky":false,"template":"","format":"standard","meta":{"footnotes":""},"categories":[2],"tags":[],"class_list":["post-63190","post","type-post","status-publish","format-standard","hentry","category-noticias"],"_links":{"self":[{"href":"https:\/\/webciudadana.net\/index.php?rest_route=\/wp\/v2\/posts\/63190","targetHints":{"allow":["GET"]}}],"collection":[{"href":"https:\/\/webciudadana.net\/index.php?rest_route=\/wp\/v2\/posts"}],"about":[{"href":"https:\/\/webciudadana.net\/index.php?rest_route=\/wp\/v2\/types\/post"}],"author":[{"embeddable":true,"href":"https:\/\/webciudadana.net\/index.php?rest_route=\/wp\/v2\/users\/1"}],"replies":[{"embeddable":true,"href":"https:\/\/webciudadana.net\/index.php?rest_route=%2Fwp%2Fv2%2Fcomments&post=63190"}],"version-history":[{"count":0,"href":"https:\/\/webciudadana.net\/index.php?rest_route=\/wp\/v2\/posts\/63190\/revisions"}],"wp:attachment":[{"href":"https:\/\/webciudadana.net\/index.php?rest_route=%2Fwp%2Fv2%2Fmedia&parent=63190"}],"wp:term":[{"taxonomy":"category","embeddable":true,"href":"https:\/\/webciudadana.net\/index.php?rest_route=%2Fwp%2Fv2%2Fcategories&post=63190"},{"taxonomy":"post_tag","embeddable":true,"href":"https:\/\/webciudadana.net\/index.php?rest_route=%2Fwp%2Fv2%2Ftags&post=63190"}],"curies":[{"name":"wp","href":"https:\/\/api.w.org\/{rel}","templated":true}]}}