{"id":63194,"date":"2025-09-01T09:01:04","date_gmt":"2025-09-01T07:01:04","guid":{"rendered":"https:\/\/ticker-noticiasep.microcontenidos.com\/NoticiaRSS.vbhtml?user=FRND562DLP&amp;cod=20250901090104"},"modified":"2025-09-01T09:01:04","modified_gmt":"2025-09-01T07:01:04","slug":"mundo-ulike-patrocina-beauty-hub-en-ifa-2025-elevando-el-nivel-de-la-tecnologia-para-el-cuidado-de-la-piel-en-casa","status":"publish","type":"post","link":"https:\/\/webciudadana.net\/?p=63194","title":{"rendered":"Mundo: Ulike patrocina Beauty Hub en IFA 2025, elevando el nivel de la tecnolog\u00eda para el cuidado de la piel en casa"},"content":{"rendered":"\n<div><img decoding=\"async\" src=\"https:\/\/img.europapress.es\/fotoweb\/fotonoticia_20250901090104_300.jpg\" class=\"ff-og-image-inserted\"><\/div>\n<p>(Informaci\u00f3n remitida por la empresa firmante)<\/p>\n<p>\nBERLIN, 1 de septiembre de 2025 \/PRNewswire\/ &#8212; Ulike, una marca l\u00edder a nivel mundial en depilaci\u00f3n en el hogar, elevando el nivel de la tecnolog\u00eda para el cuidado de la piel en casa.<\/p>\n<p> IFA, una de las ferias de electr\u00f3nica de consumo m\u00e1s importantes del mundo, se celebrar\u00e1 del 5 al 9 de septiembre en Messe Berlin, Alemania. Los asistentes podr\u00e1n encontrar a Ulike en el expositor H9-101.<\/p>\n<p> Ulike patrocina el Beauty Hub de IFA<\/p>\n<p>\nIFA estrenar\u00e1 este a\u00f1o su primer Beauty Hub, impulsado por Ulike. El Hub se estrenar\u00e1 como el punto culminante del \u00c1rea de Fitness y Salud Digital en el pabell\u00f3n 17, presentando innovaciones de belleza inteligente para el autocuidado.<\/p>\n<p> Tras destacar en el mercado del cuidado de la piel en Asia y Norteam\u00e9rica, la marca tiene a Europa como su pr\u00f3ximo mercado clave. Ulike ya mantiene alianzas con importantes grandes almacenes europeos, como Currys, KaDeWe y Fnac Darty, entre otros.<\/p>\n<p> Conozca el Air 10 y ReGlow<\/p>\n<p>\nDise\u00f1ado para personas con estilos de vida ocupados, el dispositivo Air 10 IPL ofrece una reducci\u00f3n del vello de hasta el 96% en solo dos semanas y requiere solo 10 minutos para una sesi\u00f3n de cuerpo completo.<\/p>\n<p> La primera m\u00e1scara facial LED de Ulike, ReGlow, funciona con 272 luces LED y est\u00e1 dise\u00f1ada para brindar una piel m\u00e1s firme, brillante y suave en menos de un mes con su sistema de renovaci\u00f3n de la piel 4 en 1: Glow, Firm, Rejuvenate y Clear.<\/p>\n<p> Ulike en IFA<\/p>\n<p>\nUlike presentar\u00e1 toda su gama de productos en su expositor durante la IFA, ofreciendo demostraciones pr\u00e1cticas y entrevistas individuales con la alta direcci\u00f3n. La marca hablar\u00e1 sobre su visi\u00f3n y estrategia para el mercado europeo en el Dream Stage de IFA Next, una plataforma de liderazgo intelectual, y conmemorar\u00e1 su asistencia a Showstoppers, un evento previo a la feria que re\u00fane a los principales medios de comunicaci\u00f3n europeos y estadounidenses.<\/p>\n<p> Acerca de Ulike<\/p>\n<p>\nDesde 2013, Ulike ha aprovechado el poder de la tecnolog\u00eda cl\u00ednica para crear soluciones de cuidado de la piel en casa, lujosas, c\u00f3modas y econ\u00f3micas. La marca es conocida por sus dispositivos de belleza IPL y LED, aprobados por la FDA y recomendados por dermat\u00f3logos, dise\u00f1ados para ofrecer resultados profesionales desde casa. Con m\u00e1s de 7 millones de unidades vendidas en 17 pa\u00edses, Ulike sigue liderando la innovaci\u00f3n e invirtiendo fuertemente en investigaci\u00f3n para ofrecer soluciones tecnol\u00f3gicas de belleza de vanguardia.<\/p>\n<p> Aprenda m\u00e1s enUlike.com<\/p>\n<p>\nCONTACTO DE PRENSA<\/p>\n<p>\nAlessio Bradde<\/p>\n<p>\nGerente s\u00e9nior de Comunicaciones Globales y Relaciones P\u00fablicas<\/p>\n<p>\nalessiobradde@ulike.com<\/p>\n<p>\nFoto &#8212; https:\/\/mma.prnewswire.com\/media\/2756825\/image_5028453_70934798.jpg<\/p>\n<p> View original content:https:\/\/www.prnewswire.com\/news-releases\/ulike-patrocina-beauty-hub-en-ifa-2025-elevando-el-nivel-de-la-tecnologia-para-el-cuidado-de-la-piel-en-casa-302542904.html<\/p>\n","protected":false},"excerpt":{"rendered":"<p>(Informaci\u00f3n remitida por la empresa firmante) BERLIN, 1 de septiembre de 2025 \/PRNewswire\/ &#8212; Ulike, una marca l\u00edder a nivel mundial en depilaci\u00f3n en el hogar, elevando el nivel de la tecnolog\u00eda para el cuidado de la piel en casa. IFA, una de las ferias de electr\u00f3nica de consumo m\u00e1s importantes del mundo, se celebrar\u00e1 [&hellip;]<\/p>\n","protected":false},"author":1,"featured_media":0,"comment_status":"closed","ping_status":"closed","sticky":false,"template":"","format":"standard","meta":{"footnotes":""},"categories":[2],"tags":[],"class_list":["post-63194","post","type-post","status-publish","format-standard","hentry","category-noticias"],"_links":{"self":[{"href":"https:\/\/webciudadana.net\/index.php?rest_route=\/wp\/v2\/posts\/63194","targetHints":{"allow":["GET"]}}],"collection":[{"href":"https:\/\/webciudadana.net\/index.php?rest_route=\/wp\/v2\/posts"}],"about":[{"href":"https:\/\/webciudadana.net\/index.php?rest_route=\/wp\/v2\/types\/post"}],"author":[{"embeddable":true,"href":"https:\/\/webciudadana.net\/index.php?rest_route=\/wp\/v2\/users\/1"}],"replies":[{"embeddable":true,"href":"https:\/\/webciudadana.net\/index.php?rest_route=%2Fwp%2Fv2%2Fcomments&post=63194"}],"version-history":[{"count":0,"href":"https:\/\/webciudadana.net\/index.php?rest_route=\/wp\/v2\/posts\/63194\/revisions"}],"wp:attachment":[{"href":"https:\/\/webciudadana.net\/index.php?rest_route=%2Fwp%2Fv2%2Fmedia&parent=63194"}],"wp:term":[{"taxonomy":"category","embeddable":true,"href":"https:\/\/webciudadana.net\/index.php?rest_route=%2Fwp%2Fv2%2Fcategories&post=63194"},{"taxonomy":"post_tag","embeddable":true,"href":"https:\/\/webciudadana.net\/index.php?rest_route=%2Fwp%2Fv2%2Ftags&post=63194"}],"curies":[{"name":"wp","href":"https:\/\/api.w.org\/{rel}","templated":true}]}}