{"id":63197,"date":"2025-09-01T10:01:18","date_gmt":"2025-09-01T08:01:18","guid":{"rendered":"https:\/\/ticker-noticiasep.microcontenidos.com\/NoticiaRSS.vbhtml?user=FRND562DLP&amp;cod=20250901100118"},"modified":"2025-09-01T10:01:18","modified_gmt":"2025-09-01T08:01:18","slug":"mundo-forcyd-anuncia-su-expansion-en-francia-con-la-apertura-de-una-nueva-oficina-en-paris","status":"publish","type":"post","link":"https:\/\/webciudadana.net\/?p=63197","title":{"rendered":"Mundo: FORCYD anuncia su expansi\u00f3n en Francia con la apertura de una nueva oficina en Par\u00eds"},"content":{"rendered":"\n<p>(Informaci\u00f3n remitida por la empresa firmante)<\/p>\n<p>\nPARIS, 1 de septiembre de 2025 \/PRNewswire\/ &#8212; FORCYD se enorgullece de anunciar su expansi\u00f3n a Francia con la apertura de nuestra nueva oficina en Par\u00eds. Esto marca un hito importante en nuestra trayectoria, ya que seguimos creciendo en el mercado de servicios de eDiscovery, revisi\u00f3n de documentos y ciberan\u00e1lisis forense.<\/p>\n<p> En los \u00faltimos a\u00f1os, hemos establecido nuevos est\u00e1ndares en el sector en toda Europa y hemos continuado nuestro crecimiento m\u00e1s all\u00e1 de \u00c1msterdam con el establecimiento de oficinas en Bruselas, Londres y Fr\u00e1ncfort. Nuestro compromiso con la prestaci\u00f3n de servicios de alta calidad nos ha ganado la confianza y la fidelidad de nuestros clientes, y nos entusiasma llevar este mismo nivel de excelencia al mercado franc\u00e9s.<\/p>\n<p> Mathieu van Ravenstein, socio cofundador de FORCYD, coment\u00f3: \u00abLa apertura de nuestra oficina en Par\u00eds demuestra nuestra dedicaci\u00f3n a satisfacer las necesidades \u00fanicas de las empresas francesas. Estar m\u00e1s cerca de nuestros clientes franceses nos permitir\u00e1 responder con rapidez y eficacia a los retos que enfrentan. Tambi\u00e9n reforzar\u00e1 nuestra capacidad para ofrecer las soluciones integrales y personalizadas que nos caracterizan y que nos enorgullecemos de ofrecer\u00bb.<\/p>\n<p> Celebremos con nosotros este nuevo cap\u00edtulo de FORCYD mientras seguimos expandiendo nuestros horizontes y brindando servicios de alta calidad a nuestros clientes. \u00a1Estamos listos para embarcarnos en este emocionante viaje y entusiasmados por las colaboraciones y oportunidades que nos esperan!<\/p>\n<p>\nAcerca de FORCYD<\/p>\n<p>\nFORCYD ofrece servicios y soluciones de alta gama de eDiscovery, revisi\u00f3n de documentos y consultor\u00eda forense cibern\u00e9tica. Empresa europea con sede en \u00c1msterdam, Bruselas, Fr\u00e1ncfort, Londres y Par\u00eds, que ayuda a sus clientes a anticiparse a los problemas empresariales m\u00e1s complejos relacionados con investigaciones internas, litigios, filtraciones de datos y otros asuntos y transacciones legales.<\/p>\n<p> Ayudamos a las organizaciones a resolver los desaf\u00edos relacionados con la evidencia digital con rapidez, calidad y soporte inigualables. Utilizando tecnolog\u00edas l\u00edderes en la industria y respaldadas por consultor\u00eda de alta calidad, ayudamos a las organizaciones a obtener claridad y a resolver los complejos desaf\u00edos de datos en el panorama digital actual.<\/p>\n<p> Logo: https:\/\/mma.prnewswire.com\/media\/2760214\/FORCYD_Logo.jpg<\/p>\n<p> View original content:https:\/\/www.prnewswire.com\/news-releases\/forcyd-anuncia-su-expansion-en-francia-con-la-apertura-de-una-nueva-oficina-en-paris-302542948.html<\/p>\n","protected":false},"excerpt":{"rendered":"<p>(Informaci\u00f3n remitida por la empresa firmante) PARIS, 1 de septiembre de 2025 \/PRNewswire\/ &#8212; FORCYD se enorgullece de anunciar su expansi\u00f3n a Francia con la apertura de nuestra nueva oficina en Par\u00eds. Esto marca un hito importante en nuestra trayectoria, ya que seguimos creciendo en el mercado de servicios de eDiscovery, revisi\u00f3n de documentos y [&hellip;]<\/p>\n","protected":false},"author":1,"featured_media":0,"comment_status":"closed","ping_status":"closed","sticky":false,"template":"","format":"standard","meta":{"footnotes":""},"categories":[2],"tags":[],"class_list":["post-63197","post","type-post","status-publish","format-standard","hentry","category-noticias"],"_links":{"self":[{"href":"https:\/\/webciudadana.net\/index.php?rest_route=\/wp\/v2\/posts\/63197","targetHints":{"allow":["GET"]}}],"collection":[{"href":"https:\/\/webciudadana.net\/index.php?rest_route=\/wp\/v2\/posts"}],"about":[{"href":"https:\/\/webciudadana.net\/index.php?rest_route=\/wp\/v2\/types\/post"}],"author":[{"embeddable":true,"href":"https:\/\/webciudadana.net\/index.php?rest_route=\/wp\/v2\/users\/1"}],"replies":[{"embeddable":true,"href":"https:\/\/webciudadana.net\/index.php?rest_route=%2Fwp%2Fv2%2Fcomments&post=63197"}],"version-history":[{"count":0,"href":"https:\/\/webciudadana.net\/index.php?rest_route=\/wp\/v2\/posts\/63197\/revisions"}],"wp:attachment":[{"href":"https:\/\/webciudadana.net\/index.php?rest_route=%2Fwp%2Fv2%2Fmedia&parent=63197"}],"wp:term":[{"taxonomy":"category","embeddable":true,"href":"https:\/\/webciudadana.net\/index.php?rest_route=%2Fwp%2Fv2%2Fcategories&post=63197"},{"taxonomy":"post_tag","embeddable":true,"href":"https:\/\/webciudadana.net\/index.php?rest_route=%2Fwp%2Fv2%2Ftags&post=63197"}],"curies":[{"name":"wp","href":"https:\/\/api.w.org\/{rel}","templated":true}]}}