{"id":63220,"date":"2025-09-02T10:21:20","date_gmt":"2025-09-02T08:21:20","guid":{"rendered":"https:\/\/ticker-noticiasep.microcontenidos.com\/NoticiaRSS.vbhtml?user=FRND562DLP&amp;cod=20250902102120"},"modified":"2025-09-02T10:21:20","modified_gmt":"2025-09-02T08:21:20","slug":"sociedad-vallsur-se-convierte-en-parada-obligatoria-de-la-xxi-harley-davidson-and-custom-ciudad-de-valladolid","status":"publish","type":"post","link":"https:\/\/webciudadana.net\/?p=63220","title":{"rendered":"Sociedad: Vallsur se convierte en parada obligatoria de la XXI Harley-Davidson and Custom Ciudad de Valladolid"},"content":{"rendered":"\n<div><img decoding=\"async\" src=\"https:\/\/img.europapress.es\/fotoweb\/fotonoticia_20250902102120_300.jpg\" class=\"ff-og-image-inserted\"><\/div>\n<p>(Informaci\u00f3n remitida por la empresa firmante)<\/p>\n<p> &#8211; El pr\u00f3ximo domingo 7 de septiembre, el parking exterior del centro comercial vallisoletano se convertir\u00e1 en el epicentro de la ruta motera m\u00e1s emblem\u00e1tica de las fiestas de Valladolid<\/p>\n<p> Valladolid, 2 de septiembre de 2025.- Vallsur se prepara para vibrar con el rugido de los motores y la pasi\u00f3n por las dos ruedas, al ser elegido como parada en la esperada XXI edici\u00f3n Harley-Davidson and Custom, la ruta motera m\u00e1s emblem\u00e1tica de las fiestas de Valladolid.<\/p>\n<p> As\u00ed, el pr\u00f3ximo domingo 7 de septiembre, el parking exterior del centro comercial vallisoletano se convertir\u00e1 a partir de las 12.15 horas en el epicentro de la admiraci\u00f3n y el entusiasmo, donde los amantes de las motos podr\u00e1n contemplar de cerca las ic\u00f3nicas Harley-Davidson. Un espect\u00e1culo para todos los vallisoletanos que tendr\u00e1n la oportunidad de sumergirse en el mundo de la aventura y la libertad que estas legendarias motocicletas representan.<\/p>\n<p> Organizada por el Valladolid Chapter, la ruta busca reunir a todos aquellos que comparten esta pasi\u00f3n, fomentando un ambiente de camarader\u00eda y buenos momentos. \u00abEstamos encantados de que Vallsur sea parte de esta edici\u00f3n. Es una oportunidad \u00fanica para que los aficionados y el p\u00fablico en general disfruten de la belleza y la potencia de estas motos, compartiendo la emoci\u00f3n y el esp\u00edritu de libertad y aventura que las caracteriza\u00bb, afirma Carolina Castro, gerente de Vallsur.<\/p>\n<p> La Harley-Davidson and Custom es mucho m\u00e1s que una exhibici\u00f3n de motos, la ruta tiene como finalidad principal crear un ambiente festivo y de confraternidad, donde los participantes y el p\u00fablico en general puedan disfrutar de un buen rato, compartir su pasi\u00f3n por las dos ruedas y saborear las deliciosas tapas que ofrece la gastronom\u00eda local.<\/p>\n<p> La colaboraci\u00f3n entre Vallsur y el Valladolid Chapter tiene una historia especial: \u00abNos conocimos en un acto solidario y desde el principio tuvimos claro que quer\u00edamos hacer algo juntos. Esta edici\u00f3n de la ruta es el resultado de esa conexi\u00f3n y del deseo compartido de llevar la alegr\u00eda y el esp\u00edritu de libertad a Valladolid\u00bb, a\u00f1ade Juan Marti Ros, director de Valladolid Chapter.<\/p>\n<p> Adem\u00e1s de disfrutar de este ambiente festivo y de alguna sorpresa, todos los inscritos en la prueba entrar\u00e1n en el sorteo de tres cheques regalo de 100 euros para gastar en los establecimientos de Vallsur.<\/p>\n<p> XXI EDICI\u00d3N HARLEY-DAVIDSON &amp; CUSTOM <\/p>\n<p> Fecha: Domingo 7 de septiembre <\/p>\n<p> D\u00f3nde: Parking exterior Vallsur<\/p>\n<p> Horario: 12:15h<\/p>\n<p> Sobre Vallsur &#8211; www.vallsur.com<\/p>\n<p> Desde su apertura, el centro comercial Vallsur, gestionado por CBRE REAL ESTATE, se ha convertido en un referente en la ciudad de Valladolid. Con una superficie de 35.160 m2, m\u00e1s de 90 tiendas y 2.000 plazas de aparcamiento, el centro pone a disposici\u00f3n de sus clientes una gran oferta de servicios cuyo objetivo es satisfacer todas sus necesidades. Adem\u00e1s, Vallsur tiene una clara pol\u00edtica de compromiso en el medio ambiente, tal y como demuestra su sistema de gesti\u00f3n ambiental de acuerdo a la normativa ISO 14001:2004.<\/p>\n<p> Para m\u00e1s informaci\u00f3n o gesti\u00f3n de entrevistas: <\/p>\n<p> AGENCIA DE COMUNICACI\u00d3N DE VALLSUR: <\/p>\n<p> europa press Comunicaci\u00f3n &#8211; 91 359 26 00 <\/p>\n<p> LETICIA G\u00d3MEZ &#8211; leticiagomez@europapress.es <\/p>\n<p> SILVIA MULLOR &#8211; silviamullor@europapress.es<\/p>\n","protected":false},"excerpt":{"rendered":"<p>(Informaci\u00f3n remitida por la empresa firmante) &#8211; El pr\u00f3ximo domingo 7 de septiembre, el parking exterior del centro comercial vallisoletano se convertir\u00e1 en el epicentro de la ruta motera m\u00e1s emblem\u00e1tica de las fiestas de Valladolid Valladolid, 2 de septiembre de 2025.- Vallsur se prepara para vibrar con el rugido de los motores y la [&hellip;]<\/p>\n","protected":false},"author":1,"featured_media":0,"comment_status":"closed","ping_status":"closed","sticky":false,"template":"","format":"standard","meta":{"footnotes":""},"categories":[2],"tags":[],"class_list":["post-63220","post","type-post","status-publish","format-standard","hentry","category-noticias"],"_links":{"self":[{"href":"https:\/\/webciudadana.net\/index.php?rest_route=\/wp\/v2\/posts\/63220","targetHints":{"allow":["GET"]}}],"collection":[{"href":"https:\/\/webciudadana.net\/index.php?rest_route=\/wp\/v2\/posts"}],"about":[{"href":"https:\/\/webciudadana.net\/index.php?rest_route=\/wp\/v2\/types\/post"}],"author":[{"embeddable":true,"href":"https:\/\/webciudadana.net\/index.php?rest_route=\/wp\/v2\/users\/1"}],"replies":[{"embeddable":true,"href":"https:\/\/webciudadana.net\/index.php?rest_route=%2Fwp%2Fv2%2Fcomments&post=63220"}],"version-history":[{"count":0,"href":"https:\/\/webciudadana.net\/index.php?rest_route=\/wp\/v2\/posts\/63220\/revisions"}],"wp:attachment":[{"href":"https:\/\/webciudadana.net\/index.php?rest_route=%2Fwp%2Fv2%2Fmedia&parent=63220"}],"wp:term":[{"taxonomy":"category","embeddable":true,"href":"https:\/\/webciudadana.net\/index.php?rest_route=%2Fwp%2Fv2%2Fcategories&post=63220"},{"taxonomy":"post_tag","embeddable":true,"href":"https:\/\/webciudadana.net\/index.php?rest_route=%2Fwp%2Fv2%2Ftags&post=63220"}],"curies":[{"name":"wp","href":"https:\/\/api.w.org\/{rel}","templated":true}]}}