{"id":63229,"date":"2025-09-02T15:08:15","date_gmt":"2025-09-02T13:08:15","guid":{"rendered":"https:\/\/ticker-noticiasep.microcontenidos.com\/NoticiaRSS.vbhtml?user=FRND562DLP&amp;cod=20250902150815"},"modified":"2025-09-02T15:08:15","modified_gmt":"2025-09-02T13:08:15","slug":"mundo-el-consejo-de-administracion-de-irex-nombra-a-aleksander-dardeli-como-presidente-y-consejero-delegado","status":"publish","type":"post","link":"https:\/\/webciudadana.net\/?p=63229","title":{"rendered":"Mundo: El Consejo de Administraci\u00f3n de IREX nombra a Aleksander Dardeli como presidente y consejero delegado"},"content":{"rendered":"\n<p>(Informaci\u00f3n remitida por la empresa firmante)<\/p>\n<p>\nWASHINGTON, 2 de septiembre de 2025 \/PRNewswire\/ &#8212; El Consejo de Administraci\u00f3n de IREX ha designado a Aleksander (Aleks) Dardeli como el pr\u00f3ximo presidente y consejero delegado de la organizaci\u00f3n, a partir del 1 de septiembre de 2025.<\/p>\n<p> Aleks regresa a IREX con una visi\u00f3n audaz de futuro, junto con la agilidad estrat\u00e9gica y el liderazgo firme para reinventar posibilidades y trazar nuevos caminos. Como exvicepresidente ejecutivo de IREX, lider\u00f3 la expansi\u00f3n de la presencia global de la organizaci\u00f3n, impuls\u00f3 la innovaci\u00f3n, fortaleci\u00f3 los sistemas de gesti\u00f3n y supervis\u00f3 la adquisici\u00f3n de Development Gateway, una empresa alineada con la misi\u00f3n. Se reincorpora a IREX tras desempe\u00f1arse como director de operaciones en Save the Children, donde supervis\u00f3 la estrategia, la planificaci\u00f3n, las iniciativas de transformaci\u00f3n y el rendimiento organizacional.<\/p>\n<p> \u00abNos complace enormemente dar la bienvenida de nuevo a Aleks a IREX\u00bb, declar\u00f3 David A. Gross, presidente del Consejo de Administraci\u00f3n. \u00abSu experiencia y perspectiva son id\u00f3neas para guiar a la organizaci\u00f3n en un panorama cambiante. Aleks sabe c\u00f3mo construir alianzas s\u00f3lidas y gestionar la complejidad, y confiamos en su capacidad para liderar a IREX hacia el futuro\u00bb.<\/p>\n<p> \u00abEl regreso de Aleks aporta un nuevo impulso a una organizaci\u00f3n con programas s\u00f3lidos y un equipo resiliente de profesionales excepcionalmente talentosos\u00bb, a\u00f1adi\u00f3 Kate Thompson, consejera delegada interina. \u00abEsperamos con ilusi\u00f3n el pr\u00f3ximo cap\u00edtulo bajo su liderazgo\u00bb.<\/p>\n<p> Con m\u00e1s de 25 a\u00f1os de experiencia en desarrollo internacional, Aleks ha ocupado altos cargos en IBI International, DynCorp International\/Casals, el East-West Management Institute y la Organizaci\u00f3n Internacional para el Derecho del Desarrollo. Su trabajo se ha centrado en la educaci\u00f3n, el liderazgo y el fortalecimiento del sector privado y de las instituciones p\u00fablicas en Estados Unidos, econom\u00edas emergentes y situaciones posconflicto, incluyendo la direcci\u00f3n de una importante iniciativa en Kosovo para ayudar a preparar a las instituciones gubernamentales para la independencia.<\/p>\n<p> Ex becario Fulbright, Aleks se gradu\u00f3 con honores en la Universidad de Tirana y posee una maestr\u00eda en la Universidad de Columbia y un doctorado en Derecho en la Universidad Cat\u00f3lica de Am\u00e9rica.<\/p>\n<p> \u00abIREX cuenta con un vasto legado en la transformaci\u00f3n de los sistemas educativos, la colaboraci\u00f3n entre personas para resolver problemas y el apoyo a l\u00edderes de todos los sectores\u00bb, afirm\u00f3 Aleksander Dardeli. \u00abEspero con inter\u00e9s trabajar con nuestro personal, nuestro Consejo de Administraci\u00f3n y nuestros colaboradores en todo el mundo para ampliar las oportunidades, dise\u00f1ar soluciones innovadoras y, en \u00faltima instancia, lograr resultados duraderos para Estados Unidos y las comunidades con las que colaboramos\u00bb.<\/p>\n<p> ACERCA DE IREX: <\/p>\n<p>\nIREX colabora con comunidades e instituciones en Estados Unidos y en todo el mundo para formar l\u00edderes, empoderar a los j\u00f3venes, fortalecer las instituciones y ampliar el acceso a educaci\u00f3n e informaci\u00f3n de calidad, generando resultados medibles y rentables. Para obtener m\u00e1s informaci\u00f3n, visite la p\u00e1gina web www.irex.org.<\/p>\n<p> CONTACTO PARA MEDIOS:<\/p>\n<p>\nCommunications@irex.org<\/p>\n<p>\nLogo &#8212; https:\/\/mma.prnewswire.com\/media\/360007\/IREX_Logo.jpg<\/p>\n<p> View original content:https:\/\/www.prnewswire.com\/news-releases\/el-consejo-de-administracion-de-irex-nombra-a-aleksander-dardeli-como-presidente-y-consejero-delegado-302543822.html<\/p>\n","protected":false},"excerpt":{"rendered":"<p>(Informaci\u00f3n remitida por la empresa firmante) WASHINGTON, 2 de septiembre de 2025 \/PRNewswire\/ &#8212; El Consejo de Administraci\u00f3n de IREX ha designado a Aleksander (Aleks) Dardeli como el pr\u00f3ximo presidente y consejero delegado de la organizaci\u00f3n, a partir del 1 de septiembre de 2025. Aleks regresa a IREX con una visi\u00f3n audaz de futuro, junto [&hellip;]<\/p>\n","protected":false},"author":1,"featured_media":0,"comment_status":"closed","ping_status":"closed","sticky":false,"template":"","format":"standard","meta":{"footnotes":""},"categories":[2],"tags":[],"class_list":["post-63229","post","type-post","status-publish","format-standard","hentry","category-noticias"],"_links":{"self":[{"href":"https:\/\/webciudadana.net\/index.php?rest_route=\/wp\/v2\/posts\/63229","targetHints":{"allow":["GET"]}}],"collection":[{"href":"https:\/\/webciudadana.net\/index.php?rest_route=\/wp\/v2\/posts"}],"about":[{"href":"https:\/\/webciudadana.net\/index.php?rest_route=\/wp\/v2\/types\/post"}],"author":[{"embeddable":true,"href":"https:\/\/webciudadana.net\/index.php?rest_route=\/wp\/v2\/users\/1"}],"replies":[{"embeddable":true,"href":"https:\/\/webciudadana.net\/index.php?rest_route=%2Fwp%2Fv2%2Fcomments&post=63229"}],"version-history":[{"count":0,"href":"https:\/\/webciudadana.net\/index.php?rest_route=\/wp\/v2\/posts\/63229\/revisions"}],"wp:attachment":[{"href":"https:\/\/webciudadana.net\/index.php?rest_route=%2Fwp%2Fv2%2Fmedia&parent=63229"}],"wp:term":[{"taxonomy":"category","embeddable":true,"href":"https:\/\/webciudadana.net\/index.php?rest_route=%2Fwp%2Fv2%2Fcategories&post=63229"},{"taxonomy":"post_tag","embeddable":true,"href":"https:\/\/webciudadana.net\/index.php?rest_route=%2Fwp%2Fv2%2Ftags&post=63229"}],"curies":[{"name":"wp","href":"https:\/\/api.w.org\/{rel}","templated":true}]}}