{"id":63237,"date":"2025-09-02T18:41:12","date_gmt":"2025-09-02T16:41:12","guid":{"rendered":"https:\/\/ticker-noticiasep.microcontenidos.com\/NoticiaRSS.vbhtml?user=FRND562DLP&amp;cod=20250902184112"},"modified":"2025-09-02T18:41:12","modified_gmt":"2025-09-02T16:41:12","slug":"mundo-clarios-amplia-su-compromiso-con-la-rsc-en-espana-con-la-iniciativa-nacional-stem-talent-girl","status":"publish","type":"post","link":"https:\/\/webciudadana.net\/?p=63237","title":{"rendered":"Mundo: Clarios ampl\u00eda su compromiso con la RSC en Espa\u00f1a con la Iniciativa Nacional STEM Talent Girl"},"content":{"rendered":"\n<div><img decoding=\"async\" src=\"https:\/\/img.europapress.es\/fotoweb\/fotonoticia_20250902184112_300.jpg\" class=\"ff-og-image-inserted\"><\/div>\n<p>(Informaci\u00f3n remitida por la empresa firmante)<\/p>\n<p>\nClarios, con su marca l\u00edder en EMEA, VARTA, lanza su primera iniciativa nacional de RSC en Espa\u00f1a bajo el marco EMEA Lighthouse.<\/p>\n<p>\nGracias a esta iniciativa se ampl\u00eda nuestra colaboraci\u00f3n con el programa STEM Talent Girl de la Fundaci\u00f3n ASTI a todas las sedes de Clarios en Espa\u00f1a.<\/p>\n<p>\nComo Socio Platino, Clarios ofrecer\u00e1 mentor\u00eda, actividades y recursos destinados a ni\u00f1as en edad escolar y universitaria para informarlas e inspirarlas de cara a desarrollar carreras profesionales dentro del sector.<\/p>\n<p> MADRID y BURGOS, Espa\u00f1a, 2 de septiembre de 2025 \/PRNewswire\/ &#8212; Clarios, l\u00edder mundial en soluciones de bater\u00edas de bajo voltaje y propietario de la marca VARTA en el sector de la automoci\u00f3n, ha lanzado oficialmente su primera iniciativa nacional de Responsabilidad Social Corporativa (RSC) en Espa\u00f1a. Implementada en estrecha colaboraci\u00f3n con la Fundaci\u00f3n ASTI Talent &amp; Tech a trav\u00e9s del programa STEM Talent Girl, esta iniciativa marca la implementaci\u00f3n del nuevo marco Lighthouse de Clarios para las iniciativas estrat\u00e9gicas de RSC en la regi\u00f3n EMEA. Esta iniciativa emblem\u00e1tica tiene como objetivo inspirar y empoderar a las j\u00f3venes espa\u00f1olas para que sigan carreras en ciencia, tecnolog\u00eda, ingenier\u00eda y matem\u00e1ticas (STEM). El programa STEM Talent Girl conecta a ni\u00f1as en edad escolar y universitaria con referentes femeninos en los campos STEM y ofrece una completa formaci\u00f3n a trav\u00e9s de clases magistrales, sesiones de mentor\u00eda, talleres, visitas a empresas y otras actividades.<\/p>\n<p> La iniciativa se basa en cinco a\u00f1os de exitosa colaboraci\u00f3n local con la Fundaci\u00f3n ASTI, liderada por la planta de producci\u00f3n de Clarios en Burgos, que contribuy\u00f3 significativamente a la implementaci\u00f3n del programa STEM Talent Girl en las zonas circundantes. Este \u00e9xito demostrado se extender\u00e1 ahora a otras plantas de Clarios en Espa\u00f1a, consolidando a Clarios como Socio Platino. Esta expansi\u00f3n ampliar\u00e1 el alcance y el impacto del programa en regiones clave como Madrid, Valladolid, Valencia y Alicante. Adem\u00e1s, el equipo de Burgos asumir\u00e1 un rol de liderazgo, apoyando a otras plantas a medida que se unan a la iniciativa y ayudando a definir un programa de RSC unificado y de gran impacto para todo el pa\u00eds.<\/p>\n<p> \u00abClarios es un gran ejemplo de c\u00f3mo las empresas pueden impulsar el cambio sist\u00e9mico\u00bb, afirm\u00f3 Luc\u00eda L\u00f3pez, directora de Relaciones Institucionales de la Fundaci\u00f3n ASTI. \u00abPara cerrar la brecha de g\u00e9nero en STEM, necesitamos una colaboraci\u00f3n a largo plazo entre la educaci\u00f3n y la industria. Cuando las ni\u00f1as conocen a profesionales de verdad y ven ad\u00f3nde pueden llevarlas sus intereses, cambia lo que creen posible\u00bb.<\/p>\n<p> Eduardo Quintanal, gerente de Planta de Clarios Burgos, enfatiz\u00f3 que para Clarios, \u00abesto es m\u00e1s que una iniciativa de RSC; es un compromiso a largo plazo con la inclusi\u00f3n, la innovaci\u00f3n y el liderazgo futuro\u00bb. La doctora Irina Kudenko, l\u00edder de RSC en Clarios EMEA, se hizo eco de esta opini\u00f3n: \u00abEn Clarios, queremos empoderar a j\u00f3venes talentos para que definan el futuro de la movilidad y la sostenibilidad. La industria de la automoci\u00f3n est\u00e1 evolucionando, y la diversidad de talentos se vuelve crucial para el crecimiento y la sostenibilidad del sector. Al participar en este programa, queremos informar a los j\u00f3venes sobre este emocionante cambio e inspirar a m\u00e1s mujeres j\u00f3venes a unirse a nuestra ambiciosa iniciativa hacia la innovaci\u00f3n y la sostenibilidad\u00bb.<\/p>\n<p> La iniciativa forma parte del compromiso m\u00e1s amplio de Clarios con la educaci\u00f3n e inclusi\u00f3n STEM en toda Europa. La empresa tambi\u00e9n es miembro activo de la Scientix STEM Alliance, una plataforma europea que conecta a empresas y educadores para fomentar la colaboraci\u00f3n en el aprendizaje de ciencia y tecnolog\u00eda.<\/p>\n<p> Acerca de Clarios<\/p>\n<p>\nClarios es l\u00edder mundial en tecnolog\u00edas avanzadas de bater\u00edas de bajo voltaje para movilidad y propietario de la marca VARTA en el sector de la automoci\u00f3n. Nuestras bater\u00edas y soluciones inteligentes impulsan pr\u00e1cticamente cualquier tipo de veh\u00edculo y se encuentran en uno de cada tres coches que circulan actualmente. Con cerca de 18.000 empleados en m\u00e1s de 100 pa\u00edses, aportamos una profunda experiencia a nuestros socios de posventa y fabricantes de equipamiento original (OEM), adem\u00e1s de fiabilidad, seguridad y comodidad a nuestra vida diaria. Respondemos al planeta con un riguroso enfoque en la sostenibilidad, impulsando las mejores pr\u00e1cticas de sostenibilidad y promovi\u00e9ndolas en todo el sector. Trabajamos para garantizar que el 100% de nuestros productos vendidos sean reciclables y reciclamos 8.000 bater\u00edas por hora en nuestra red. M\u00e1s informaci\u00f3n aqu\u00ed (PDF).<\/p>\n<p> Acerca de la Fundaci\u00f3n ASTI Talent &amp; Tech<\/p>\n<p>\nLa Fundaci\u00f3n ASTI Talent &amp; Tech es una organizaci\u00f3n espa\u00f1ola sin \u00e1nimo de lucro comprometida con la promoci\u00f3n de la educaci\u00f3n STEM, las competencias digitales y la igualdad de g\u00e9nero. A trav\u00e9s de programas como STEM Talent Girl, la fundaci\u00f3n conecta a estudiantes con mentores y profesionales para fomentar el inter\u00e9s por las carreras cient\u00edficas y tecnol\u00f3gicas, especialmente entre las mujeres j\u00f3venes. ASTI trabaja para construir una sociedad m\u00e1s inclusiva y competitiva mediante el desarrollo del talento y el fortalecimiento de la colaboraci\u00f3n entre la educaci\u00f3n y la industria. M\u00e1s informaci\u00f3n aqu\u00ed.<\/p>\n<p> Foto &#8211; https:\/\/mma.prnewswire.com\/media\/2761992\/Clarios_STEM_Talent_Girl_Initiative_Spain.jpg<\/p>\n<p>\nLogo &#8212; https:\/\/mma.prnewswire.com\/media\/2573556\/Clarios_Logo.jpg<\/p>\n<p> View original content:https:\/\/www.prnewswire.com\/es\/comunicados-de-prensa\/clarios-amplia-su-compromiso-con-la-rsc-en-espana-con-la-iniciativa-nacional-stem-talent-girl-302544048.html<\/p>\n","protected":false},"excerpt":{"rendered":"<p>(Informaci\u00f3n remitida por la empresa firmante) Clarios, con su marca l\u00edder en EMEA, VARTA, lanza su primera iniciativa nacional de RSC en Espa\u00f1a bajo el marco EMEA Lighthouse. Gracias a esta iniciativa se ampl\u00eda nuestra colaboraci\u00f3n con el programa STEM Talent Girl de la Fundaci\u00f3n ASTI a todas las sedes de Clarios en Espa\u00f1a. Como [&hellip;]<\/p>\n","protected":false},"author":1,"featured_media":0,"comment_status":"closed","ping_status":"closed","sticky":false,"template":"","format":"standard","meta":{"footnotes":""},"categories":[2],"tags":[],"class_list":["post-63237","post","type-post","status-publish","format-standard","hentry","category-noticias"],"_links":{"self":[{"href":"https:\/\/webciudadana.net\/index.php?rest_route=\/wp\/v2\/posts\/63237","targetHints":{"allow":["GET"]}}],"collection":[{"href":"https:\/\/webciudadana.net\/index.php?rest_route=\/wp\/v2\/posts"}],"about":[{"href":"https:\/\/webciudadana.net\/index.php?rest_route=\/wp\/v2\/types\/post"}],"author":[{"embeddable":true,"href":"https:\/\/webciudadana.net\/index.php?rest_route=\/wp\/v2\/users\/1"}],"replies":[{"embeddable":true,"href":"https:\/\/webciudadana.net\/index.php?rest_route=%2Fwp%2Fv2%2Fcomments&post=63237"}],"version-history":[{"count":0,"href":"https:\/\/webciudadana.net\/index.php?rest_route=\/wp\/v2\/posts\/63237\/revisions"}],"wp:attachment":[{"href":"https:\/\/webciudadana.net\/index.php?rest_route=%2Fwp%2Fv2%2Fmedia&parent=63237"}],"wp:term":[{"taxonomy":"category","embeddable":true,"href":"https:\/\/webciudadana.net\/index.php?rest_route=%2Fwp%2Fv2%2Fcategories&post=63237"},{"taxonomy":"post_tag","embeddable":true,"href":"https:\/\/webciudadana.net\/index.php?rest_route=%2Fwp%2Fv2%2Ftags&post=63237"}],"curies":[{"name":"wp","href":"https:\/\/api.w.org\/{rel}","templated":true}]}}