{"id":63240,"date":"2025-09-02T21:16:55","date_gmt":"2025-09-02T19:16:55","guid":{"rendered":"https:\/\/ticker-noticiasep.microcontenidos.com\/NoticiaRSS.vbhtml?user=FRND562DLP&amp;cod=20250902211655"},"modified":"2025-09-02T21:16:55","modified_gmt":"2025-09-02T19:16:55","slug":"mundo-midea-se-convertira-en-el-nuevo-patrocinador-principal-del-fc-barcelona","status":"publish","type":"post","link":"https:\/\/webciudadana.net\/?p=63240","title":{"rendered":"Mundo: Midea se convertir\u00e1 en el nuevo patrocinador principal del FC Barcelona"},"content":{"rendered":"\n<div><img decoding=\"async\" src=\"https:\/\/img.europapress.es\/fotoweb\/fotonoticia_20250902211655_300.jpg\" class=\"ff-og-image-inserted\"><\/div>\n<p>(Informaci\u00f3n remitida por la empresa firmante)<\/p>\n<p>\nLa marca l\u00edder mundial de electrodom\u00e9sticos inteligentes firma un acuerdo de cinco temporadas para lucir en la manga del FC Barcelona a partir de la temporada 2026\/2027<\/p>\n<p>\nBARCELONA, Espa\u00f1a, 2 de septiembre de 2025 \/PRNewswire\/ &#8212; Midea y el FC Barcelona se enorgullecen de anunciar que la marca l\u00edder mundial de electrodom\u00e9sticos inteligentes se unir\u00e1 al campe\u00f3n de La Liga y la Copa del Rey como Socio Principal del FC Barcelona a partir de la temporada 2026\/2027. Este hist\u00f3rico acuerdo de cinco temporadas permitir\u00e1 que Midea aparezca en la manga de todas las camisetas y ropa de entrenamiento del FC Barcelona, adem\u00e1s de tener una amplia presencia de marca durante los partidos de La Liga en casa.<\/p>\n<p> El 2 de septiembre, la alta direcci\u00f3n de Midea visit\u00f3 Spotify Camp Nou, donde Lewis Fu, presidente de Midea International Business, y Rafael Yuste i Abel, vicepresidente primero del FC Barcelona, firmaron el acuerdo.<\/p>\n<p> \u00abSer\u00e1 un honor para el FC Barcelona dar la bienvenida a Midea, a partir de la temporada 2026\/27, a la gran familia Bar\u00e7a\u00bb, declar\u00f3 Rafael Yuste. \u00abSu liderazgo en soluciones para el hogar inteligente y su compromiso con la investigaci\u00f3n y la innovaci\u00f3n se alinean perfectamente con el esp\u00edritu de un FC Barcelona que mira hacia el futuro. Esta alianza demuestra una vez m\u00e1s el poder de la marca Bar\u00e7a como im\u00e1n para empresas de todo el mundo que ven en el FC Barcelona la mejor plataforma para sus proyectos\u00bb.<\/p>\n<p> \u00abEl FC Barcelona es uno de los clubes m\u00e1s exitosos de todos los tiempos y uno de los equipos deportivos m\u00e1s populares del mundo\u00bb, afirm\u00f3 Lewis Fu. \u00abEsperamos una colaboraci\u00f3n duradera en la que Midea y el FC Barcelona sean los l\u00edderes mundiales dentro y fuera del campo\u00bb.<\/p>\n<p> El FC Barcelona ha ganado 28 t\u00edtulos de La Liga y 5 trofeos de la Champions League, convirti\u00e9ndose en uno de los clubes m\u00e1s laureados de todos los tiempos. Adem\u00e1s, goza de popularidad mundial con m\u00e1s de 430 millones de seguidores en l\u00ednea, una audiencia televisiva anual de 400 millones y 2 millones de camisetas vendidas cada a\u00f1o.<\/p>\n<p> El FC Barcelona se suma a la creciente lista de patrocinios de clubes para Midea, que se complementan con competiciones nacionales como la Copa Asi\u00e1tica de la AFC 2027, la Copa de Naciones de la CAF 2025 y la Copa Oro de la CONCAFAF 2025, as\u00ed como competiciones de clubes como la Liga de Campeones \u00c9lite de la AFC y la Copa Sudamericana de la CONMEBOL.<\/p>\n<p> Acerca de Midea y Midea Group<\/p>\n<p>\nMidea es una marca de electrodom\u00e9sticos que forma parte del negocio de Hogares Inteligentes de Midea Group, junto con Tecnolog\u00eda Industrial, Tecnolog\u00eda de la Construcci\u00f3n, Rob\u00f3tica y Automatizaci\u00f3n, Medicina y Log\u00edstica Inteligente.<\/p>\n<p> Midea Group, fundado en 1968 y con m\u00e1s de 190.000 empleados a nivel mundial, gener\u00f3 ingresos de 57.500 millones de d\u00f3lares en 2024 y se ubic\u00f3 en el puesto 246 de la lista Fortune Global 500 en 2025.<\/p>\n<p> Acerca de FC Barcelona<\/p>\n<p>\nEl FC Barcelona es considerado el club multideportivo m\u00e1s grande del mundo y en 2024 celebr\u00f3 su 125\u00ba aniversario. Fue fundado en 1899 y es propiedad de sus socios. El club tiene un fuerte arraigo en su ciudad y pa\u00eds, Catalu\u00f1a, y una visi\u00f3n global, con sedes oficiales en tres ciudades: Barcelona, Hong Kong y Miami.<\/p>\n<p> Foto &#8211; https:\/\/mma.prnewswire.com\/media\/2762448\/IMAGE_1.jpg<\/p>\n<p>\nFoto &#8212; https:\/\/mma.prnewswire.com\/media\/2762449\/IMAGE_2.jpg<\/p>\n<p> View original content:https:\/\/www.prnewswire.com\/news-releases\/midea-se-convertira-en-el-nuevo-patrocinador-principal-del-fc-barcelona-302544215.html<\/p>\n","protected":false},"excerpt":{"rendered":"<p>(Informaci\u00f3n remitida por la empresa firmante) La marca l\u00edder mundial de electrodom\u00e9sticos inteligentes firma un acuerdo de cinco temporadas para lucir en la manga del FC Barcelona a partir de la temporada 2026\/2027 BARCELONA, Espa\u00f1a, 2 de septiembre de 2025 \/PRNewswire\/ &#8212; Midea y el FC Barcelona se enorgullecen de anunciar que la marca l\u00edder [&hellip;]<\/p>\n","protected":false},"author":1,"featured_media":0,"comment_status":"closed","ping_status":"closed","sticky":false,"template":"","format":"standard","meta":{"footnotes":""},"categories":[2],"tags":[],"class_list":["post-63240","post","type-post","status-publish","format-standard","hentry","category-noticias"],"_links":{"self":[{"href":"https:\/\/webciudadana.net\/index.php?rest_route=\/wp\/v2\/posts\/63240","targetHints":{"allow":["GET"]}}],"collection":[{"href":"https:\/\/webciudadana.net\/index.php?rest_route=\/wp\/v2\/posts"}],"about":[{"href":"https:\/\/webciudadana.net\/index.php?rest_route=\/wp\/v2\/types\/post"}],"author":[{"embeddable":true,"href":"https:\/\/webciudadana.net\/index.php?rest_route=\/wp\/v2\/users\/1"}],"replies":[{"embeddable":true,"href":"https:\/\/webciudadana.net\/index.php?rest_route=%2Fwp%2Fv2%2Fcomments&post=63240"}],"version-history":[{"count":0,"href":"https:\/\/webciudadana.net\/index.php?rest_route=\/wp\/v2\/posts\/63240\/revisions"}],"wp:attachment":[{"href":"https:\/\/webciudadana.net\/index.php?rest_route=%2Fwp%2Fv2%2Fmedia&parent=63240"}],"wp:term":[{"taxonomy":"category","embeddable":true,"href":"https:\/\/webciudadana.net\/index.php?rest_route=%2Fwp%2Fv2%2Fcategories&post=63240"},{"taxonomy":"post_tag","embeddable":true,"href":"https:\/\/webciudadana.net\/index.php?rest_route=%2Fwp%2Fv2%2Ftags&post=63240"}],"curies":[{"name":"wp","href":"https:\/\/api.w.org\/{rel}","templated":true}]}}