{"id":63247,"date":"2025-09-03T12:15:45","date_gmt":"2025-09-03T10:15:45","guid":{"rendered":"https:\/\/ticker-noticiasep.microcontenidos.com\/NoticiaRSS.vbhtml?user=FRND562DLP&amp;cod=20250903121545"},"modified":"2025-09-03T12:15:45","modified_gmt":"2025-09-03T10:15:45","slug":"mundo-geekom-presentara-la-mini-pc-con-ia-mas-potente-del-mundo-en-ifa-2025","status":"publish","type":"post","link":"https:\/\/webciudadana.net\/?p=63247","title":{"rendered":"Mundo: GEEKOM presentar\u00e1 la mini PC con IA m\u00e1s potente del mundo en IFA 2025"},"content":{"rendered":"\n<div><img decoding=\"async\" src=\"https:\/\/img.europapress.es\/fotoweb\/fotonoticia_20250903121545_300.jpg\" class=\"ff-og-image-inserted\"><\/div>\n<p>(Informaci\u00f3n remitida por la empresa firmante)<\/p>\n<p>\nTAIPEI, 3 de septiembre de 2025 \/PRNewswire\/ &#8211;GEEKOM, una marca de tecnolog\u00eda reconocida mundialmente conocida como el l\u00edder mundial en mini PC ecol\u00f3gicas, se prepara para causar sensaci\u00f3n en IFA 2025 con un lanzamiento de producto innovador y una exhibici\u00f3n de su l\u00ednea de computadoras pr\u00e9mium.<\/p>\n<p> Con m\u00e1s de dos d\u00e9cadas de experiencia en la industria de PC, GEEKOM se ha ganado una reputaci\u00f3n estelar entre los entusiastas y profesionales de la tecnolog\u00eda en todo el mundo por su compromiso inquebrantable con la excelencia del producto y el soporte posventa fiable y constante. 2025 marca el tercer a\u00f1o consecutivo de participaci\u00f3n de GEEKOM en IFA, una de las ferias comerciales l\u00edderes a nivel mundial para productos electr\u00f3nicos de consumo y para el hogar.<\/p>\n<p> GEEKOM transmitir\u00e1 en vivo el esperado lanzamiento del A9 Mega, un revolucionario PC con IA que redefinir\u00e1 la computaci\u00f3n local con IA. Equipado con el vanguardista procesador AMD Ryzen\u2122 AI Max+ PRO 395 y un impresionante TDP de 120 W, el A9 Mega ofrece un rendimiento de IA sin precedentes de 126 TOPS, lo que permite un procesamiento ultrarr\u00e1pido en el dispositivo que elimina la latencia, mejora la privacidad y reduce la dependencia de la infraestructura en la nube.<\/p>\n<p> Dise\u00f1ado para las cargas de trabajo de IA m\u00e1s exigentes, edge computing y an\u00e1lisis de datos en tiempo real, el A9 MEGA cuenta con 128 GB de RAM LPDDR5X-8000 MHz y dos ranuras SSD PCIe Gen4, ofreciendo una velocidad incre\u00edble y un ancho de banda masivo en un formato compacto y elegante.El A9 MEGA ya est\u00e1 oficialmente disponible en Kickstarter \u2013 consigue el tuyo a los precios m\u00e1s bajos mientras duren las existencias! Desde aplicaciones de IA generativa hasta sistemas de control aut\u00f3nomo, el modelo estrella de GEEKOM ofrece a desarrolladores, investigadores y creadores un rendimiento de escritorio y una capacidad de respuesta inigualable.<\/p>\n<p> Adem\u00e1s del A9 Mega, GEEKOM presentar\u00e1 su l\u00ednea completa de mini PC pr\u00e9mium, conocidas por su dise\u00f1o elegante, eficiencia energ\u00e9tica y fiabilidad de nivel empresarial. Los visitantes tambi\u00e9n tendr\u00e1n la oportunidad de explorar la nueva serie de port\u00e1tiles de GEEKOM, equipada con componentes internos de alto rendimiento dise\u00f1ados para satisfacer las necesidades de profesionales y creativos en constante movimiento.<\/p>\n<p> Adem\u00e1s del A9 Mega, GEEKOM presentar\u00e1 su l\u00ednea completa de mini PC pr\u00e9mium, conocidas por su dise\u00f1o elegante, eficiencia energ\u00e9tica y fiabilidad de nivel empresarial. Los visitantes tambi\u00e9n tendr\u00e1n la oportunidad de explorar la nueva serie de port\u00e1tiles de GEEKOM, equipada con componentes internos de alto rendimiento dise\u00f1ados para satisfacer las necesidades de profesionales y creativos en constante movimiento.<\/p>\n<p> La presencia de GEEKOM en IFA 2025 subraya su liderazgo en computaci\u00f3n compacta y su visi\u00f3n de un futuro donde la IA sea accesible, potente y optimizada localmente. Con la innovaci\u00f3n como eje central, GEEKOM contin\u00faa superando los l\u00edmites de lo que las mini PC y port\u00e1tiles pueden lograr, ofreciendo soluciones compactas de alto rendimiento que redefinen la versatilidad de la computaci\u00f3n moderna.<\/p>\n<p> La IFA de este a\u00f1o se llevar\u00e1 a cabo en Berl\u00edn, Alemania, del 5 al 9 de septiembre de 2025. Puede unirse a GEEKOM en el pabell\u00f3n 5.2b, expositor 161 para experimentar la tecnolog\u00eda de vanguardia de cerca.\u00a1No te pierdas la campa\u00f1a exclusiva de Kickstarter del A9 MEGA \u2013 asegura hoy tu PC de IA revolucionario a precios de madrugador imbatibles!<\/p>\n<p>\nFoto &#8212; https:\/\/mma.prnewswire.com\/media\/2756110\/image_5019393_35116700.jpg<\/p>\n<p> View original content:https:\/\/www.prnewswire.com\/news-releases\/geekom-presentara-la-mini-pc-con-ia-mas-potente-del-mundo-en-ifa-2025-302538819.html<\/p>\n","protected":false},"excerpt":{"rendered":"<p>(Informaci\u00f3n remitida por la empresa firmante) TAIPEI, 3 de septiembre de 2025 \/PRNewswire\/ &#8211;GEEKOM, una marca de tecnolog\u00eda reconocida mundialmente conocida como el l\u00edder mundial en mini PC ecol\u00f3gicas, se prepara para causar sensaci\u00f3n en IFA 2025 con un lanzamiento de producto innovador y una exhibici\u00f3n de su l\u00ednea de computadoras pr\u00e9mium. Con m\u00e1s de [&hellip;]<\/p>\n","protected":false},"author":1,"featured_media":0,"comment_status":"closed","ping_status":"closed","sticky":false,"template":"","format":"standard","meta":{"footnotes":""},"categories":[2],"tags":[],"class_list":["post-63247","post","type-post","status-publish","format-standard","hentry","category-noticias"],"_links":{"self":[{"href":"https:\/\/webciudadana.net\/index.php?rest_route=\/wp\/v2\/posts\/63247","targetHints":{"allow":["GET"]}}],"collection":[{"href":"https:\/\/webciudadana.net\/index.php?rest_route=\/wp\/v2\/posts"}],"about":[{"href":"https:\/\/webciudadana.net\/index.php?rest_route=\/wp\/v2\/types\/post"}],"author":[{"embeddable":true,"href":"https:\/\/webciudadana.net\/index.php?rest_route=\/wp\/v2\/users\/1"}],"replies":[{"embeddable":true,"href":"https:\/\/webciudadana.net\/index.php?rest_route=%2Fwp%2Fv2%2Fcomments&post=63247"}],"version-history":[{"count":0,"href":"https:\/\/webciudadana.net\/index.php?rest_route=\/wp\/v2\/posts\/63247\/revisions"}],"wp:attachment":[{"href":"https:\/\/webciudadana.net\/index.php?rest_route=%2Fwp%2Fv2%2Fmedia&parent=63247"}],"wp:term":[{"taxonomy":"category","embeddable":true,"href":"https:\/\/webciudadana.net\/index.php?rest_route=%2Fwp%2Fv2%2Fcategories&post=63247"},{"taxonomy":"post_tag","embeddable":true,"href":"https:\/\/webciudadana.net\/index.php?rest_route=%2Fwp%2Fv2%2Ftags&post=63247"}],"curies":[{"name":"wp","href":"https:\/\/api.w.org\/{rel}","templated":true}]}}